{"id":189427,"date":"2025-10-20T13:39:11","date_gmt":"2025-10-20T13:39:11","guid":{"rendered":"https:\/\/www.europesays.com\/es\/189427\/"},"modified":"2025-10-20T13:39:11","modified_gmt":"2025-10-20T13:39:11","slug":"encar-gonzalez-gall-presenta-su-segundo-libro-este-viernes-en-el-cafe-macondo-de-puertollano","status":"publish","type":"post","link":"https:\/\/www.europesays.com\/es\/189427\/","title":{"rendered":"Encar Gonz\u00e1lez Gall presenta su segundo libro este viernes en el Caf\u00e9 &#8216;Macondo&#8217; de Puertollano"},"content":{"rendered":"<p>El pr\u00f3ximo viernes 24 de octubre, a las 18.30 horas, Macondo Caf\u00e9 Cultural acoger\u00e1 la presentaci\u00f3n de &#8216;Teselas&#8217;, segundo libro de la poeta y escritora Encar Gonz\u00e1lez Gall.\u00a0<\/p>\n<p>Una vez m\u00e1s ha elegido como marco incomparable a Macondo Caf\u00e9 Cultural de Puertollano (C\/Torrecilla, 17). En un espacio que combina arte y encuentro cultural, convirtiendo a Macondo Caf\u00e9 en un referente de la vida art\u00edstica local y provincial.\u00a0<\/p>\n<p><strong>Encar Gonz\u00e1lez Gall<\/strong><\/p>\n<p>Encar Gonz\u00e1lez Gall (Ciudad Real, 1982), como se conoce en el \u00e1mbito literario a Encarnaci\u00f3n Gonz\u00e1lez-Gallego Garc\u00eda-Carpintero, es licenciada en Filolog\u00eda Inglesa por la UCLM, profesora y poeta malagonera.<\/p>\n<p>Ha escrito desde siempre, pero es a ra\u00edz de su diagn\u00f3stico de c\u00e1ncer de mama cuando decide tomarse el tiempo de componer y publicar su primer poemario: \u00abDe (s) amor, coraje y c\u00e1ncer\u00bb, del que lleva varias ediciones, a cargo de Letrame Grupo Editorial (marzo de 2024). Desde entonces, no ha parado de colaborar en actos literarios y presentar su obra por distintos rincones de su regi\u00f3n y otras ciudades.<\/p>\n<p>Su segunda obra, &#8216;Teselas&#8217;, combina, ahora, poes\u00eda con microrrelato y supone la consolidaci\u00f3n de la autora como figura emergente dentro del panorama po\u00e9tico actual, con una poes\u00eda evocadora que fusiona t\u00e9cnica y frescura.<\/p>\n<p><strong>Teselas<\/strong><\/p>\n<p>Imagina la visual del tiempo y el espacio \u2014de un tiempo (indeterminado) para ti y de un espacio propio (o alquilado, pero tuyo)\u2014. Ahora, descomp\u00f3n ese paisaje en peque\u00f1as teselas: poliformes piezas de un mosaico en el que configurarte o perderte. Cuando decidimos parar, cuando dejamos lugar para el aburrimiento y la exploraci\u00f3n, es ah\u00ed cuando surge la magia.\u300b_<br \/>Mitolog\u00eda y cuentos, escapismos on\u00edricos, folclore manchego, reflexiones desde lo cotidiano&#8230; Un imaginario creativo y una experiencia sensorial es lo que encontrar\u00e1s en &#8216;TESELAS&#8217;, el \u00faltimo poemario de Encar Gonz\u00e1lez Gall, que incluye una peque\u00f1a colecci\u00f3n de microrrelatos exquisitos.\u00a0<\/p>\n<p>Tras el \u00e9xito de &#8216;DE (s) AMOR, CORAJE y C\u00c1NCER&#8217;, el primer poemario de la autora malagonera, editado por LETRAME Grupo Editorial en 2024 y que ya va por su tercera edici\u00f3n, Encar nos presenta la segunda edici\u00f3n de &#8216;TESELAS&#8217;, que viene pisando fuerte, con el firme prop\u00f3sito de inspirar y deleitar a sus lectores.\u00a0<\/p>\n<p>Ambos libros est\u00e1n disponibles en librer\u00edas de Ciudad Real y Malag\u00f3n, en plataformas digitales y en redes sociales de la autora. <a href=\"https:\/\/@encar_gzlezgall\" rel=\"nofollow\">@encar_gzlezgall<\/a><\/p>\n","protected":false},"excerpt":{"rendered":"El pr\u00f3ximo viernes 24 de octubre, a las 18.30 horas, Macondo Caf\u00e9 Cultural acoger\u00e1 la presentaci\u00f3n de &#8216;Teselas&#8217;,&hellip;\n","protected":false},"author":2,"featured_media":189428,"comment_status":"","ping_status":"","sticky":false,"template":"","format":"standard","meta":{"footnotes":""},"categories":[172],"tags":[224,44920,53047,146,147,25,24,225,23,53048],"class_list":{"0":"post-189427","1":"post","2":"type-post","3":"status-publish","4":"format-standard","5":"has-post-thumbnail","7":"category-libros","8":"tag-books","9":"tag-cafe-macondo","10":"tag-encar-gonzalez-gall","11":"tag-entertainment","12":"tag-entretenimiento","13":"tag-es","14":"tag-espana","15":"tag-libros","16":"tag-spain","17":"tag-teselas"},"share_on_mastodon":{"url":"https:\/\/pubeurope.com\/@es\/115406776806350220","error":""},"_links":{"self":[{"href":"https:\/\/www.europesays.com\/es\/wp-json\/wp\/v2\/posts\/189427","targetHints":{"allow":["GET"]}}],"collection":[{"href":"https:\/\/www.europesays.com\/es\/wp-json\/wp\/v2\/posts"}],"about":[{"href":"https:\/\/www.europesays.com\/es\/wp-json\/wp\/v2\/types\/post"}],"author":[{"embeddable":true,"href":"https:\/\/www.europesays.com\/es\/wp-json\/wp\/v2\/users\/2"}],"replies":[{"embeddable":true,"href":"https:\/\/www.europesays.com\/es\/wp-json\/wp\/v2\/comments?post=189427"}],"version-history":[{"count":0,"href":"https:\/\/www.europesays.com\/es\/wp-json\/wp\/v2\/posts\/189427\/revisions"}],"wp:featuredmedia":[{"embeddable":true,"href":"https:\/\/www.europesays.com\/es\/wp-json\/wp\/v2\/media\/189428"}],"wp:attachment":[{"href":"https:\/\/www.europesays.com\/es\/wp-json\/wp\/v2\/media?parent=189427"}],"wp:term":[{"taxonomy":"category","embeddable":true,"href":"https:\/\/www.europesays.com\/es\/wp-json\/wp\/v2\/categories?post=189427"},{"taxonomy":"post_tag","embeddable":true,"href":"https:\/\/www.europesays.com\/es\/wp-json\/wp\/v2\/tags?post=189427"}],"curies":[{"name":"wp","href":"https:\/\/api.w.org\/{rel}","templated":true}]}}