{"id":189437,"date":"2025-10-20T13:45:18","date_gmt":"2025-10-20T13:45:18","guid":{"rendered":"https:\/\/www.europesays.com\/es\/189437\/"},"modified":"2025-10-20T13:45:18","modified_gmt":"2025-10-20T13:45:18","slug":"es-y-sera-lo-mejor-que-me-ha-pasado","status":"publish","type":"post","link":"https:\/\/www.europesays.com\/es\/189437\/","title":{"rendered":"\u00abEs y ser\u00e1 lo mejor que me ha pasado\u00bb"},"content":{"rendered":"<p style=\"\">El <a href=\"https:\/\/www.abc.es\/gente\/alberto-herrera-blanca-llandres-sellan-amor-sanlucar-20251018164717-nt.html\" title=\"www.abc.es\" data-voc-vtm-id=\"in-text-traffic\" data-mrf-link=\"www.abc.es\" rel=\"nofollow noopener\" target=\"_blank\">periodista Alberto Herrera<\/a>, hijo del famoso locutor Carlos Herrera, ha vuelto a emocionar a sus seguidores con un gesto tan \u00edntimo como sincero. El presentador ha publicado en sus redes sociales un resumen de im\u00e1genes de su <strong>boda con Blanca Llandes<\/strong>, acompa\u00f1ado  &#8230; de un texto breve pero profundamente emotivo:<\/p>\n<p class=\"voc-p\" style=\"\">\u00abLa vida te zarandea en un abrir y cerrar de ojos. Mi mujer es y ser\u00e1 lo mejor que me ha pasado. Todo lo que le da sentido a la vida \u2013y a la fe\u2013 es el amor. Estamos abrumados de cari\u00f1o. Os agradecemos de coraz\u00f3n todos vuestros mensajes.\u00bb<\/p>\n<p class=\"voc-p\" style=\"\">Las palabras, cargadas de sentimiento, han recibido <strong>miles de reacciones en cuesti\u00f3n de horas<\/strong>, con mensajes de felicitaci\u00f3n y cari\u00f1o de amigos, compa\u00f1eros de profesi\u00f3n y seguidores del joven locutor.<\/p>\n<p>\nUn beso con mucho amor\n<\/p>\n<p class=\"voc-p\" style=\"\">Entre las im\u00e1genes compartidas por Alberto destaca una especialmente significativa: la que aparece <strong>besando la barriga de su mujer embarazada<\/strong> mientras ambos est\u00e1n sentados en el altar, justo antes de darse el \u00abs\u00ed, quiero\u00bb.<\/p>\n<p class=\"voc-p\" style=\"\">La fotograf\u00eda ha conmovido a sus seguidores, convirti\u00e9ndose en una de las m\u00e1s comentadas de la publicaci\u00f3n. Con ella, el presentador muestra que el d\u00eda de su boda no solo marc\u00f3 el inicio de una nueva etapa como matrimonio, sino tambi\u00e9n el comienzo de su <strong>aventura como padres<\/strong>.<\/p>\n<p class=\"voc-p\" style=\"\">Fue <strong>a principios de septiembre<\/strong> cuando Alberto Herrera anunci\u00f3 p\u00fablicamente que iba a ser padre, compartiendo una imagen en la que confirmaba la feliz noticia con el mensaje: \u00ab<strong>El mayor regalo que nos ha hecho la vida<\/strong>.\u00bb<\/p>\n<p class=\"voc-p\" style=\"\">La pedida de mano tuvo lugar durante una escapada rom\u00e1ntica a la Toscana, coincidiendo con su <strong>primer a\u00f1o y medio de relaci\u00f3n<\/strong>. Aunque su historia de amor es relativamente reciente, Alberto y Blanca se conoc\u00edan desde hace a\u00f1os.<\/p>\n<p>\n\u00abLo mejor que me ha pasado\u00bb\n<\/p>\n<p class=\"voc-p\" style=\"\">Con su publicaci\u00f3n, el periodista ha vuelto a demostrar la profunda conexi\u00f3n emocional que mantiene con su mujer. Sus palabras resumen una etapa de plenitud en la que <strong>el amor, la fe y la familia<\/strong> se han convertido en los grandes pilares de su vida.<\/p>\n<p class=\"voc-p\" style=\"\">Una historia que ha conquistado a sus seguidores y que confirma que, para el hijo del m\u00edtico locutor, el mejor de los micr\u00f3fonos est\u00e1 ahora en casa.<\/p>\n","protected":false},"excerpt":{"rendered":"El periodista Alberto Herrera, hijo del famoso locutor Carlos Herrera, ha vuelto a emocionar a sus seguidores con&hellip;\n","protected":false},"author":2,"featured_media":189438,"comment_status":"","ping_status":"","sticky":false,"template":"","format":"standard","meta":{"footnotes":""},"categories":[91],"tags":[9125,386,3158,19640,146,147,25,24,14136,2140,53049,1684,5101,23],"class_list":{"0":"post-189437","1":"post","2":"type-post","3":"status-publish","4":"format-standard","5":"has-post-thumbnail","7":"category-entretenimiento","8":"tag-alberto","9":"tag-blanca","10":"tag-boda","11":"tag-emotivo","12":"tag-entertainment","13":"tag-entretenimiento","14":"tag-es","15":"tag-espana","16":"tag-gesto","17":"tag-herrera","18":"tag-llandes","19":"tag-mejor","20":"tag-pasado","21":"tag-spain"},"share_on_mastodon":{"url":"https:\/\/pubeurope.com\/@es\/115406800699010372","error":""},"_links":{"self":[{"href":"https:\/\/www.europesays.com\/es\/wp-json\/wp\/v2\/posts\/189437","targetHints":{"allow":["GET"]}}],"collection":[{"href":"https:\/\/www.europesays.com\/es\/wp-json\/wp\/v2\/posts"}],"about":[{"href":"https:\/\/www.europesays.com\/es\/wp-json\/wp\/v2\/types\/post"}],"author":[{"embeddable":true,"href":"https:\/\/www.europesays.com\/es\/wp-json\/wp\/v2\/users\/2"}],"replies":[{"embeddable":true,"href":"https:\/\/www.europesays.com\/es\/wp-json\/wp\/v2\/comments?post=189437"}],"version-history":[{"count":0,"href":"https:\/\/www.europesays.com\/es\/wp-json\/wp\/v2\/posts\/189437\/revisions"}],"wp:featuredmedia":[{"embeddable":true,"href":"https:\/\/www.europesays.com\/es\/wp-json\/wp\/v2\/media\/189438"}],"wp:attachment":[{"href":"https:\/\/www.europesays.com\/es\/wp-json\/wp\/v2\/media?parent=189437"}],"wp:term":[{"taxonomy":"category","embeddable":true,"href":"https:\/\/www.europesays.com\/es\/wp-json\/wp\/v2\/categories?post=189437"},{"taxonomy":"post_tag","embeddable":true,"href":"https:\/\/www.europesays.com\/es\/wp-json\/wp\/v2\/tags?post=189437"}],"curies":[{"name":"wp","href":"https:\/\/api.w.org\/{rel}","templated":true}]}}