{"id":189466,"date":"2025-10-20T14:02:13","date_gmt":"2025-10-20T14:02:13","guid":{"rendered":"https:\/\/www.europesays.com\/es\/189466\/"},"modified":"2025-10-20T14:02:13","modified_gmt":"2025-10-20T14:02:13","slug":"esta-novela-ganadora-del-premio-hugo-es-mi-ultima-obsesion","status":"publish","type":"post","link":"https:\/\/www.europesays.com\/es\/189466\/","title":{"rendered":"esta novela ganadora del Premio Hugo es mi \u00faltima obsesi\u00f3n"},"content":{"rendered":"<p>Joe Handelman introdujo una premisa en la ciencia ficci\u00f3n muy interesante: la relatividad, y en su libro La Guerra Interminable abri\u00f3 una saga que me obsesiona.<\/p>\n<p>Reconozco que uno de mis g\u00e9neros favoritos es la ciencia ficci\u00f3n espacial, sobre todo sagas, que me permiten empezar y tener lectura para rato si la primera entrega me gusta. Me ha sucedido muchas veces, con La Fundaci\u00f3n o con La Vieja Guardia, entre otras, y ah\u00ed sigo, explorando opciones.<\/p>\n<p>Una de mis \u00faltimos descubrimientos es otra saga que ten\u00eda pendiente de leer, y que empieza con <a href=\"https:\/\/amzn.to\/4nhoS4t\" target=\"_blank\" rel=\"nofollow sponsored noopener\">La guerra interminable, de Joe Handelman<\/a>, un libro que <strong>he devorado en cuesti\u00f3n de d\u00edas y que abre una saga bastante bien recibida, y que en su d\u00eda recibi\u00f3 premios prestigiosos como el Hugo o el N\u00e9bula<\/strong>.<\/p>\n<p>Est\u00e1 disponible traducido al espa\u00f1ol desde hace mucho tiempo, pero tambi\u00e9n en ingl\u00e9s, y en webs como Amazon lo puedes comprar en varios formatos, desde tapa blanda a tapa dura y, obviamente, en formato Kindle si tienes uno de sus <a href=\"https:\/\/computerhoy.20minutos.es\/recomendados\/mejores-lectores-ebook-cual-comprar-comparativa-guia-elegir-333049\" rel=\"nofollow noopener\" target=\"_blank\">lectores de libros electr\u00f3nicos<\/a>.<\/p>\n<p>Cada formato tiene sus ventajas, y no son pocos los que se han pasado al digital, que es m\u00e1s c\u00f3modo para transportar y conservar y, b\u00e1sicamente, ocupa menos espacio.<\/p>\n<p>Como es una saga, puedes leer el primero en ebook y luego decidir si te merece la pena tener la colecci\u00f3n entera o no.<\/p>\n<p>Una vez terminado, tengo clar\u00edsimo que voy a seguir leyendo las siguientes entregas, que aunque no tienen tantos premios ni buena puntuaci\u00f3n en webs como Goodreads, prometen bastante.<\/p>\n<p>Una guerra muy lejana en la que el tiempo se dilata<\/p>\n<p>La Guerra Interminable, la obra maestra de Joe Haldeman, es un libro que, bajo una apariencia de space opera, esconde una de las reflexiones m\u00e1s l\u00facidas y amargas sobre la guerra, el paso del tiempo y la alienaci\u00f3n del soldado.<\/p>\n<p>La historia arranca con un planteamiento que podr\u00eda parecer sacado de cualquier manual del g\u00e9nero: en un futuro no muy lejano, la humanidad se ha expandido por el espacio y ha entrado en conflicto con una misteriosa raza alien\u00edgena, los taurinos. Para hacer frente a esta amenaza, se recluta a un grupo de \u00e9lite de hombres y mujeres, entre los que se encuentra el protagonista, William Mandella, un joven f\u00edsico obligado a convertirse en soldado. Hasta aqu\u00ed, nada nuevo. <strong>Pero es en el \u00abc\u00f3mo\u00bb se desarrolla esa guerra donde Haldeman introduce el giro que lo cambia todo: la teor\u00eda de la relatividad de Einstein.<\/strong><\/p>\n<p>En*La Guerra Interminable, los viajes espaciales se realizan a velocidades cercanas a la de la luz, lo que provoca una dilataci\u00f3n temporal brutal. <strong>Para Mandella y sus compa\u00f1eros, una misi\u00f3n que dura apenas unos meses o un par de a\u00f1os en su tiempo subjetivo, se traduce en d\u00e9cadas o incluso siglos en la Tierra<\/strong>. Y ah\u00ed reside la verdadera tragedia de la novela. Cada vez que regresan de una campa\u00f1a, se encuentran con un planeta que ha cambiado de forma irreconocible. La sociedad, la tecnolog\u00eda, la cultura, el lenguaje&#8230; todo ha evolucionado a un ritmo vertiginoso mientras ellos estaban luchando en los confines de la galaxia.<\/p>\n<p><img alt=\"Movistar Plus+ por 9,99\u20ac al mes o por 39\u20ac al a\u00f1o si eres joven\" loading=\"lazy\" width=\"127\" height=\"72\" decoding=\"async\" data-nimg=\"1\" style=\"color:transparent\"  src=\"https:\/\/www.europesays.com\/es\/wp-content\/uploads\/2025\/08\/cardimage1731609417795-4261576.jpg\"\/>Movistar Plus+ por 9,99\u20ac al mes o por 39\u20ac al a\u00f1o si eres joven<\/p>\n<p>Ya puedes ver series, pel\u00edculas y hasta f\u00fatbol en Movistar Plus+ seas de la operadora que seas, por menos de 10\u20ac y sin permanencia, y por 39\u20ac al a\u00f1o si tienes el Bono Cultural.<\/p>\n<p><a class=\"product-button\" href=\"https:\/\/clk.tradedoubler.com\/click?p=357743&amp;a=2907086&amp;epi=HC_tarjeta_editorial&amp;url=https%3A%2F%2Fwww.movistarplus.es\" title=\"Movistar Plus+ por 9,99\u20ac al mes o por 39\u20ac al a\u00f1o si eres joven\" data-gacat=\"Tarjetas\" data-gaact=\"impresion-tarjeta\" target=\"_blank\" rel=\"noreferrer nofollow noopener\">Darte de alta<\/a><\/p>\n<p>Este recurso, que tambi\u00e9n han explorado otras sagas como La Vieja Guardia de John Scalzi, se convierte en el motor de la alienaci\u00f3n de los soldados. <strong>Mandella y sus compa\u00f1eros no solo luchan contra un enemigo que apenas comprenden, sino que tambi\u00e9n se convierten en extra\u00f1os en su propio mundo<\/strong>. Son reliquias vivientes, fantasmas de un pasado que ya nadie recuerda, obligados a adaptarse a una sociedad que los ve con una mezcla de veneraci\u00f3n y extra\u00f1eza. Las costumbres han cambiado, los valores son otros, y lo que para ellos era normal, ahora es arcaico. Son h\u00e9roes de una guerra que para la mayor\u00eda de la gente es solo un cap\u00edtulo en los libros de historia.<\/p>\n<p>Haldeman, que fue veterano de la Guerra de Vietnam, vuelca en la novela toda la amargura y el desarraigo que sintieron muchos soldados al volver a casa. Mandella no es un h\u00e9roe \u00e9pico, sino un hombre que solo intenta sobrevivir, tanto en el campo de batalla como en los periodos de paz. Ve c\u00f3mo sus seres queridos envejecen y mueren mientras \u00e9l sigue siendo joven, c\u00f3mo las razones por las que empez\u00f3 a luchar se desvanecen en la niebla del tiempo, y c\u00f3mo la propia guerra, que parec\u00eda tener un prop\u00f3sito claro al principio, se convierte en un conflicto absurdo y perpetuo, alimentado por la inercia y la propaganda.<\/p>\n<p class=\"more-info_less__Z7jTb\">En este art\u00edculo, Hobbyconsolas recibe una comisi\u00f3n de sus socios afiliados por cada compra que realices a trav\u00e9s de los enlaces de productos que hemos incluido, algo que en ning\u00fan caso supone un coste adicional para ti. No obstante, nuestras recomendaciones son siempre independientes y objetivas. Puedes consultar nuestra pol\u00edtica de afiliados <a href=\"https:\/\/www.hobbyconsolas.com\/politica-afiliacion\" target=\"_blank\" rel=\"noopener nofollow\" title=\"Pol\u00edtica de afiliaci\u00f3n de Hobbyconsolas\">aqu\u00ed. <\/a><\/p>\n<p>Conoce <a href=\"https:\/\/www.hobbyconsolas.com\/como-trabajamos\" title=\"&quot;C\u00f3mo trabajamos en HobbyConsolas&quot;\" target=\"_blank\" rel=\"nofollow noopener\">c\u00f3mo trabajamos<\/a> en HobbyConsolas.<\/p>\n<p class=\"more-info_p__isR8T\">Etiquetas: <a href=\"https:\/\/www.hobbyconsolas.com\/tags\/ofertas\" rel=\"nofollow noopener\" target=\"_blank\">Ofertas<\/a><\/p>\n","protected":false},"excerpt":{"rendered":"Joe Handelman introdujo una premisa en la ciencia ficci\u00f3n muy interesante: la relatividad, y en su libro La&hellip;\n","protected":false},"author":2,"featured_media":98924,"comment_status":"","ping_status":"","sticky":false,"template":"","format":"standard","meta":{"footnotes":""},"categories":[172],"tags":[224,146,147,25,24,225,23],"class_list":{"0":"post-189466","1":"post","2":"type-post","3":"status-publish","4":"format-standard","5":"has-post-thumbnail","7":"category-libros","8":"tag-books","9":"tag-entertainment","10":"tag-entretenimiento","11":"tag-es","12":"tag-espana","13":"tag-libros","14":"tag-spain"},"share_on_mastodon":{"url":"https:\/\/pubeurope.com\/@es\/115406867239087213","error":""},"_links":{"self":[{"href":"https:\/\/www.europesays.com\/es\/wp-json\/wp\/v2\/posts\/189466","targetHints":{"allow":["GET"]}}],"collection":[{"href":"https:\/\/www.europesays.com\/es\/wp-json\/wp\/v2\/posts"}],"about":[{"href":"https:\/\/www.europesays.com\/es\/wp-json\/wp\/v2\/types\/post"}],"author":[{"embeddable":true,"href":"https:\/\/www.europesays.com\/es\/wp-json\/wp\/v2\/users\/2"}],"replies":[{"embeddable":true,"href":"https:\/\/www.europesays.com\/es\/wp-json\/wp\/v2\/comments?post=189466"}],"version-history":[{"count":0,"href":"https:\/\/www.europesays.com\/es\/wp-json\/wp\/v2\/posts\/189466\/revisions"}],"wp:featuredmedia":[{"embeddable":true,"href":"https:\/\/www.europesays.com\/es\/wp-json\/wp\/v2\/media\/98924"}],"wp:attachment":[{"href":"https:\/\/www.europesays.com\/es\/wp-json\/wp\/v2\/media?parent=189466"}],"wp:term":[{"taxonomy":"category","embeddable":true,"href":"https:\/\/www.europesays.com\/es\/wp-json\/wp\/v2\/categories?post=189466"},{"taxonomy":"post_tag","embeddable":true,"href":"https:\/\/www.europesays.com\/es\/wp-json\/wp\/v2\/tags?post=189466"}],"curies":[{"name":"wp","href":"https:\/\/api.w.org\/{rel}","templated":true}]}}