{"id":189471,"date":"2025-10-20T14:06:11","date_gmt":"2025-10-20T14:06:11","guid":{"rendered":"https:\/\/www.europesays.com\/es\/189471\/"},"modified":"2025-10-20T14:06:11","modified_gmt":"2025-10-20T14:06:11","slug":"olympiacos-horario-y-donde-ver-el-partido-de-la-champions-league","status":"publish","type":"post","link":"https:\/\/www.europesays.com\/es\/189471\/","title":{"rendered":"Olympiacos: horario y d\u00f3nde ver el partido de la Champions League"},"content":{"rendered":"<p class=\"ft-text\"><strong>Bar\u00e7a y Olympiacos abren este martes a las 18.45 horas la tercera jornada de la Champions en el Estadi Ol\u00edmpic Llu\u00eds Companys.<\/strong> Los azulgranas repiten en casa tras doblegar en los \u00faltimos instantes al Girona, <a class=\"ft-link ft-link--decoration\" href=\"https:\/\/www.sport.es\/es\/noticias\/barca\/ronald-alexanko-salvo-barca-crisis-122756845\" target=\"_blank\" rel=\"nofollow noopener\">con gol del &#8216;delantero&#8217; Ara\u00fajo<\/a>, mientras que los griegos tambi\u00e9n vienen de lograr los tres puntos con los menos habituales ante el AEL Larissa por 0-2.<\/p>\n<p class=\"ft-text\">El equipo de Hansi Flick <strong>se reencontr\u00f3 con la victoria el pasado s\u00e1bado<\/strong>, despu\u00e9s de dos derrotas consecutivas. Aun as\u00ed, el triunfo no disip\u00f3 las dudas defensivas del Bar\u00e7a, al que le generan m\u00e1s ocasiones en comparaci\u00f3n a la temporada pasada. El conjunto catal\u00e1n debe mostrar una versi\u00f3n distinta en Europa, pues el tropiezo contra el PSG ha relegado a los cul\u00e9s a la <strong>decimosexta plaza en la fase liga con los tres puntos <\/strong>obtenidos en Newcastle.<\/p>\n<p class=\"ft-text\">Por su parte, <strong>Olympiacos tambi\u00e9n cort\u00f3 de ra\u00edz su mala din\u00e1mica<\/strong> con el triunfo liguero, aunque, como sucede en el Bar\u00e7a, <a class=\"ft-link ft-link--decoration\" href=\"https:\/\/www.sport.es\/es\/noticias\/futbol-internacional\/mendilibar-entrenador-olympiacos-jugando-barca-122776306\" target=\"_blank\" rel=\"nofollow noopener\">sin despejar las malas sensaciones, como reconoci\u00f3 Mendilibar<\/a>. El equipo del Pireo est\u00e1 <strong>vig\u00e9simo noveno, con solo un punto en dos partidos<\/strong>, cosechado en casa frente al Pafos. La derrota, previsible, tuvo lugar en el Emirates contra el Arsenal, en un duelo en el que los griegos compitieron de t\u00fa a t\u00fa ante uno de los candidatos al t\u00edtulo.<\/p>\n<p class=\"ft-text\">Para el encuentro de este martes, Flick contar\u00e1 con <strong>las bajas de Ter Stegen, Joan Garc\u00eda, Gavi, Lewandowski, Dani Olmo, Raphinha y Ferran Torres<\/strong>, <a class=\"ft-link ft-link--decoration\" href=\"https:\/\/www.sport.es\/es\/noticias\/barca\/flick-barca-barcelona-girona-raphinha-clasico-122719113\" target=\"_blank\" rel=\"nofollow noopener\">estos dos \u00faltimos con la intenci\u00f3n de regresar para el cl\u00e1sico<\/a> de este fin de semana. Por otro lado, <strong>Rodinei<\/strong> es el \u00fanico lesionado de Olympiacos, que recupera a <strong>Strefezza<\/strong>.<\/p>\n<p>HORARIO DEL BAR\u00c7A &#8211; OLYMPIACOS<\/p>\n<p class=\"ft-text\">El partido entre el Bar\u00e7a y el Olympiacos, correspondiente a la tercera jornada de la fase de liga de la UEFA Champions League,\u00a0<strong>se disputar\u00e1 el martes 21 de octubre a las 18.45 horas en el Estadi Ol\u00edmpic Llu\u00eds Companys<\/strong>.<\/p>\n<p>D\u00d3NDE VER EL BAR\u00c7A &#8211; OLYMPIACOS<\/p>\n<p class=\"ft-text\">El enfrentamiento entre el Bar\u00e7a y el Olympiacos se podr\u00e1 ver por TV y online\u00a0<strong>a trav\u00e9s de la plataforma\u00a0<\/strong><a href=\"https:\/\/clk.tradedoubler.com\/click?p=357743&amp;a=3149065&amp;url=https%3A%2F%2Fwww.movistarplus.es%2Fdeportes%2Ffutbol-internacional%2Fuefa-champions-league-25-26%2Fbarcelona-psg%2Fficha%3Ftipo%3DE%26id%3D4080916\" class=\"ft-link ft-link--decoration\" rel=\"nofollow noopener\" target=\"_blank\">Movistar +<\/a>, concretamente en<strong>\u00a0Movistar+ Liga de Campeones<\/strong>.<\/p>\n<p class=\"ft-text\">Adem\u00e1s, tambi\u00e9n podr\u00e1s seguir todo lo que suceda en el partido a trav\u00e9s de\u00a0<a href=\"https:\/\/www.sport.es\/es\/barca\/\" class=\"ft-link ft-link--decoration\" rel=\"nofollow noopener\" target=\"_blank\">SPORT<\/a>, d\u00f3nde te ofrecemos narraciones en directo, cr\u00f3nicas y declaraciones destacadas al t\u00e9rmino de los partidos.<\/p>\n","protected":false},"excerpt":{"rendered":"Bar\u00e7a y Olympiacos abren este martes a las 18.45 horas la tercera jornada de la Champions en el&hellip;\n","protected":false},"author":2,"featured_media":189472,"comment_status":"","ping_status":"","sticky":false,"template":"","format":"standard","meta":{"footnotes":""},"categories":[93],"tags":[2296,210,11681,168,25,24,39075,23,167],"class_list":{"0":"post-189471","1":"post","2":"type-post","3":"status-publish","4":"format-standard","5":"has-post-thumbnail","7":"category-deportes","8":"tag-barca","9":"tag-barcelona","10":"tag-champions","11":"tag-deportes","12":"tag-es","13":"tag-espana","14":"tag-olympiacos","15":"tag-spain","16":"tag-sports"},"share_on_mastodon":{"url":"https:\/\/pubeurope.com\/@es\/115406883021194693","error":""},"_links":{"self":[{"href":"https:\/\/www.europesays.com\/es\/wp-json\/wp\/v2\/posts\/189471","targetHints":{"allow":["GET"]}}],"collection":[{"href":"https:\/\/www.europesays.com\/es\/wp-json\/wp\/v2\/posts"}],"about":[{"href":"https:\/\/www.europesays.com\/es\/wp-json\/wp\/v2\/types\/post"}],"author":[{"embeddable":true,"href":"https:\/\/www.europesays.com\/es\/wp-json\/wp\/v2\/users\/2"}],"replies":[{"embeddable":true,"href":"https:\/\/www.europesays.com\/es\/wp-json\/wp\/v2\/comments?post=189471"}],"version-history":[{"count":0,"href":"https:\/\/www.europesays.com\/es\/wp-json\/wp\/v2\/posts\/189471\/revisions"}],"wp:featuredmedia":[{"embeddable":true,"href":"https:\/\/www.europesays.com\/es\/wp-json\/wp\/v2\/media\/189472"}],"wp:attachment":[{"href":"https:\/\/www.europesays.com\/es\/wp-json\/wp\/v2\/media?parent=189471"}],"wp:term":[{"taxonomy":"category","embeddable":true,"href":"https:\/\/www.europesays.com\/es\/wp-json\/wp\/v2\/categories?post=189471"},{"taxonomy":"post_tag","embeddable":true,"href":"https:\/\/www.europesays.com\/es\/wp-json\/wp\/v2\/tags?post=189471"}],"curies":[{"name":"wp","href":"https:\/\/api.w.org\/{rel}","templated":true}]}}