{"id":189487,"date":"2025-10-20T14:16:18","date_gmt":"2025-10-20T14:16:18","guid":{"rendered":"https:\/\/www.europesays.com\/es\/189487\/"},"modified":"2025-10-20T14:16:18","modified_gmt":"2025-10-20T14:16:18","slug":"un-planeta-llegado-de-los-toros","status":"publish","type":"post","link":"https:\/\/www.europesays.com\/es\/189487\/","title":{"rendered":"Un Planeta llegado de los toros"},"content":{"rendered":"<p><a href=\"https:\/\/www.glorietadigital.es\/wp-content\/uploads\/2025\/10\/DL_u557012_006.webp\" rel=\"nofollow noopener\" target=\"_blank\"><img fetchpriority=\"high\" decoding=\"async\" width=\"1024\" height=\"576\" src=\"https:\/\/www.glorietadigital.es\/wp-content\/uploads\/2025\/10\/DL_u557012_006-1024x576.webp\" alt=\"\" class=\"wp-image-8875\"  \/><\/a><\/p>\n<p>Colea a\u00fan la decisi\u00f3n del jurado del Premio Planeta de concederle la distinci\u00f3n al medi\u00e1tico Juan del Val, hoy tertuliano de \u00e9xito, escritor y marido de otra estrella de la comunicaci\u00f3n, de Nuria Roca. Sorprendi\u00f3 esa noche la noticia, pese a que desde horas antes las quinielas apostaban por el madrile\u00f1o Del Val, que ten\u00edan m\u00e1s eco a medida que se aproximaba el momento de la dar a conocer el nombre del triunfador a cuyas manos va a parar un mill\u00f3n de euros (aunque Hacienda se queda con la mitad), junto a la promoci\u00f3n de grabar su nombre en este preciado galard\u00f3n.<\/p>\n<p>A pesar de la inevitable pol\u00e9mica, algo habitual siempre y m\u00e1s en este pa\u00eds tan dado a zancadillear a los triunfadores, me alegr\u00f3 que este galard\u00f3n haya ido a las manos de Juan del Val. Principalmente por llegar al mundo de las letras a trav\u00e9s de los toros, por la puerta de cuadrillas, como dec\u00eda que lleg\u00f3 al periodismo aquel inolvidable cr\u00edtico taurino de La Gaceta Regional llamado Alfonso Hortal y acab\u00f3 reconvertido en un brillante e ir\u00f3nico escritor, aunque sin dejar nunca la cr\u00edtica taurina que firmaba con el pseud\u00f3nimo de Don Lance. Juan del Val, despu\u00e9s de un mont\u00f3n de vueltas, tambi\u00e9n lleg\u00f3 al mundo de la comunicaci\u00f3n por la puerta de cuadrillas y pronto se hizo un buen nombre. Lo recuerdo perfectamente al ser de mi \u00e9poca, aunque \u00e9l ejerciera en Madrid y yo en Salamanca, tierra esta \u00faltima donde se trabajaba tanto la informaci\u00f3n taurina que cada peri\u00f3dico contaba con sus redactores especializados y contin\u00faa ocurriendo con La Gaceta Regional, siendo el \u00fanico medio de provincias que mantiene secci\u00f3n taurina todo el a\u00f1o. \u00a0<\/p>\n<p>Entonces, Juan del Val, alto y vareado como una garrocha, se hizo con un sitio hasta el punto de fichar un buen d\u00eda por V\u00eda Digital que entonces era lo m\u00e1s para un cr\u00edtico taurino que se abr\u00eda camino, porque adem\u00e1s de estar en una plataforma de televisi\u00f3n al lado de excelentes profesionales, pagaba muy bien, algo que era una meta para el resto, siempre dependiendo de los exiguos sueldos que les abonaban las cabeceras donde trabajaban. Lo recuerdo tambi\u00e9n en 6 Toros 6, en los a\u00f1os esplendorosos del semanario donde, en varias ocasiones, vino a cubrir la feria de Salamanca y Juan del Val, que era una persona callada y reservada, gozaba del aprecio de compa\u00f1eros y taurinos. Lo trat\u00e9 entonces en alguna ocasi\u00f3n e incluso hasta tengo una foto -que publico al final del art\u00edculo- compartiendo la misma alineaci\u00f3n en un partido de futbito ben\u00e9fico disputado en la madrile\u00f1a localidad de Villalba contra un combinado de toreros.<\/p>\n<p>Poco despu\u00e9s, el nombre de Juan del Val desapareci\u00f3 de los medios taurinos y su firma era habitual en el semanario MAN, en el que destacaba por las magnificas entrevistas que realizaba, hasta que enseguida llega la noticia de su boda con Nuria Roca que fue su adi\u00f3s al periodismo. Despu\u00e9s era frecuente verlos en las plazas, aunque sin ninguna responsabilidad profesional, presencia a\u00fan m\u00e1s incrementada a\u00fan con la llegada de Juan Ortega, de quien se convierte en fiel devoto, a la par que su nombre crec\u00eda como la espuma gracias a sus colaboraciones en El Hormiguero, donde encontraba cualquier momento para defender la Tauromaquia y engrandecer a quienes se juegan la vida delante de un astado. Y es que Juan del Val alza con orgullo la bandera del toreo. <\/p>\n<p>Por esas razones, que un Planeta vaya a manos de una taurino es una noticia muy importante y m\u00e1s a\u00fan de alguien que form\u00f3 parte de la muchas veces denostada cr\u00edtica taurina. De ah\u00ed que debemos sacar los positivo y valorar este Planeta con tanta grandeza como tiene. Porque es algo muy importante.<\/p>\n<p><a href=\"https:\/\/www.glorietadigital.es\/wp-content\/uploads\/2025\/10\/thumbnail-2.jpg\" rel=\"nofollow noopener\" target=\"_blank\"><img loading=\"lazy\" decoding=\"async\" width=\"1024\" height=\"768\" src=\"https:\/\/www.europesays.com\/es\/wp-content\/uploads\/2025\/10\/thumbnail-2-1024x768.jpg\" alt=\"\" class=\"wp-image-8874\"  \/><\/a><\/p>\n","protected":false},"excerpt":{"rendered":"Colea a\u00fan la decisi\u00f3n del jurado del Premio Planeta de concederle la distinci\u00f3n al medi\u00e1tico Juan del Val,&hellip;\n","protected":false},"author":2,"featured_media":189488,"comment_status":"","ping_status":"","sticky":false,"template":"","format":"standard","meta":{"footnotes":""},"categories":[277],"tags":[373,168,25,24,23,167,374],"class_list":{"0":"post-189487","1":"post","2":"type-post","3":"status-publish","4":"format-standard","5":"has-post-thumbnail","7":"category-toreo","8":"tag-bullfighting","9":"tag-deportes","10":"tag-es","11":"tag-espana","12":"tag-spain","13":"tag-sports","14":"tag-toreo"},"share_on_mastodon":{"url":"https:\/\/pubeurope.com\/@es\/115406922479879145","error":""},"_links":{"self":[{"href":"https:\/\/www.europesays.com\/es\/wp-json\/wp\/v2\/posts\/189487","targetHints":{"allow":["GET"]}}],"collection":[{"href":"https:\/\/www.europesays.com\/es\/wp-json\/wp\/v2\/posts"}],"about":[{"href":"https:\/\/www.europesays.com\/es\/wp-json\/wp\/v2\/types\/post"}],"author":[{"embeddable":true,"href":"https:\/\/www.europesays.com\/es\/wp-json\/wp\/v2\/users\/2"}],"replies":[{"embeddable":true,"href":"https:\/\/www.europesays.com\/es\/wp-json\/wp\/v2\/comments?post=189487"}],"version-history":[{"count":0,"href":"https:\/\/www.europesays.com\/es\/wp-json\/wp\/v2\/posts\/189487\/revisions"}],"wp:featuredmedia":[{"embeddable":true,"href":"https:\/\/www.europesays.com\/es\/wp-json\/wp\/v2\/media\/189488"}],"wp:attachment":[{"href":"https:\/\/www.europesays.com\/es\/wp-json\/wp\/v2\/media?parent=189487"}],"wp:term":[{"taxonomy":"category","embeddable":true,"href":"https:\/\/www.europesays.com\/es\/wp-json\/wp\/v2\/categories?post=189487"},{"taxonomy":"post_tag","embeddable":true,"href":"https:\/\/www.europesays.com\/es\/wp-json\/wp\/v2\/tags?post=189487"}],"curies":[{"name":"wp","href":"https:\/\/api.w.org\/{rel}","templated":true}]}}