{"id":189500,"date":"2025-10-20T14:26:29","date_gmt":"2025-10-20T14:26:29","guid":{"rendered":"https:\/\/www.europesays.com\/es\/189500\/"},"modified":"2025-10-20T14:26:29","modified_gmt":"2025-10-20T14:26:29","slug":"britney-spears-harta-kevin-federline-publico-un-libro-de-memorias-con-revelaciones-sobre-la-megaestrella-gaslighting-y-manipulacion-emocional","status":"publish","type":"post","link":"https:\/\/www.europesays.com\/es\/189500\/","title":{"rendered":"Britney Spears, harta: Kevin Federline public\u00f3 un \u00ablibro de memorias\u00bb con revelaciones sobre la megaestrella | Gaslighting y manipulaci\u00f3n emocional"},"content":{"rendered":"<p>La vida privada de <strong>Britney Spears<\/strong> vuelve a quedar bajo el escrutinio p\u00fablico. A menos de dos semanas del lanzamiento del libro de memorias de su exesposo, <strong>Kevin Federline<\/strong>, la cantante estadounidense rompi\u00f3 el silencio en Instagram y respondi\u00f3 a las declaraciones del exbailar\u00edn, quien la acusa de comportamientos err\u00e1ticos y de haber puesto en riesgo a sus hijos cuando eran peque\u00f1os.\u00a0<\/p>\n<p>Con un mensaje extenso y emocional, la int\u00e9rprete de Toxic asegur\u00f3 que la \u201c<strong>constante luz de gas<\/strong>\u201d de Federline es \u201c<strong>agotadora y dolorosa<\/strong>\u201d y que ha llegado a un punto l\u00edmite.<\/p>\n<p><b>\u201cSiempre he suplicado tener una vida con mis hijos. Me he sentido desmoralizada por esta situaci\u00f3n\u201d<\/b>, escribi\u00f3 Spears ante sus m\u00e1s de 41 millones de seguidores, en referencia a <strong>Sean Preston y Jayden James<\/strong>, hoy de 20 y 19 a\u00f1os.<\/p>\n<p><b>\u201cGaslighting\u201d y manipulaci\u00f3n emocional<\/b><\/p>\n<p>El t\u00e9rmino \u201c<strong>gaslighting<\/strong>\u201d \u2014mencionado por la artista en su publicaci\u00f3n\u2014 hace referencia a una forma de abuso emocional en la que una persona manipula a otra para que dude de su propia percepci\u00f3n o memoria. Spears asegur\u00f3 que eso es exactamente lo que su exmarido ha hecho durante a\u00f1os:<b> \u201cLa constante luz de gas por parte de mi exesposo es extremadamente dolorosa y agotadora\u201d.<\/b><\/p>\n<p>En el libro You Thought You Knew (\u201cPensabas que sab\u00edas\u201d), que saldr\u00e1 a la venta el <strong>21 de octubre<\/strong>, Federline relata episodios que, seg\u00fan \u00e9l, muestran la \u201cinestabilidad\u201d de la cantante. En uno de los pasajes m\u00e1s pol\u00e9micos, afirma que los ni\u00f1os encontraban a su madre \u201cde pie, en silencio, mir\u00e1ndolos dormir con un cuchillo en la mano\u201d. Spears desminti\u00f3 esa versi\u00f3n de forma tajante y se\u00f1al\u00f3 que el relato est\u00e1 dise\u00f1ado para <strong>lucrar a costa de su dolor<\/strong>.<\/p>\n<p>                <a data-iframely-url=\"\" href=\"https:\/\/www.instagram.com\/p\/DQACyCbDyXO\" rel=\"nofollow noopener\" target=\"_blank\">https:\/\/www.instagram.com\/p\/DQACyCbDyXO<\/a><\/p>\n<p><b>\u201cEsas mentiras piadosas en ese libro van directas al banco, y yo soy la \u00fanica que realmente sale herida\u201d<\/b>, escribi\u00f3. Tambi\u00e9n record\u00f3 que <b>sus hijos \u201csiempre fueron testigos de la falta de respeto de su padre\u201d hacia ella y advirti\u00f3 que no seguir\u00e1 tolerando esa exposici\u00f3n p\u00fablica.<\/b><\/p>\n<p><b>Una mujer libre, pero bajo la lupa<\/b><\/p>\n<p>Desde que en 2021 logr\u00f3 <strong>poner fin a la tutela legal<\/strong> que su padre, Jamie Spears, ejerci\u00f3 sobre ella durante casi 14 a\u00f1os, la estrella del pop ha intentado reconstruir su vida fuera de los tribunales. Sin embargo, cada paso que da sigue siendo tema de debate en redes y tabloides.<\/p>\n<p><b>\u201cHe tratado de vivir una vida sagrada y privada, pero ya tuve suficiente. Cualquier mujer de verdad har\u00eda lo mismo\u201d<\/b>, sostuvo la cantante.<\/p>\n<p>                <a data-iframely-url=\"\" href=\"https:\/\/www.instagram.com\/p\/DP2oyNAAGIG\" rel=\"nofollow noopener\" target=\"_blank\">https:\/\/www.instagram.com\/p\/DP2oyNAAGIG<\/a><\/p>\n<p>Spears, que entre 2004 y 2007 estuvo casada con Federline, afirm\u00f3 que mantiene su amor por sus hijos, pero aclar\u00f3 que tambi\u00e9n tiene orgullo: <b>\u201cUno de mis hijos solo me ha visto 45 minutos en cinco a\u00f1os. A partir de ahora, les har\u00e9 saber cu\u00e1ndo estoy disponible\u201d.<\/b><\/p>\n<p>En su mensaje, la artista dej\u00f3 claro que <strong>su historia ya no ser\u00e1 contada por otros<\/strong>. \u201cSoy una mujer bastante inteligente\u201d, escribi\u00f3, recordando que, pese a las cr\u00edticas y los intentos por silenciarla, su voz sigue siendo la misma que alguna vez conquist\u00f3 al mundo entero con un simple \u201c\u2026Baby One More Time\u201d.<\/p>\n<p><b>Segu\u00ed leyendo<\/b><script async src=\"\/\/www.instagram.com\/embed.js\"><\/script><\/p>\n","protected":false},"excerpt":{"rendered":"La vida privada de Britney Spears vuelve a quedar bajo el escrutinio p\u00fablico. A menos de dos semanas&hellip;\n","protected":false},"author":2,"featured_media":189501,"comment_status":"","ping_status":"","sticky":false,"template":"","format":"standard","meta":{"footnotes":""},"categories":[172],"tags":[224,23845,360,146,147,25,24,225,23],"class_list":{"0":"post-189500","1":"post","2":"type-post","3":"status-publish","4":"format-standard","5":"has-post-thumbnail","7":"category-libros","8":"tag-books","9":"tag-britney-spears","10":"tag-el-mundo","11":"tag-entertainment","12":"tag-entretenimiento","13":"tag-es","14":"tag-espana","15":"tag-libros","16":"tag-spain"},"share_on_mastodon":{"url":"https:\/\/pubeurope.com\/@es\/115406961638377144","error":""},"_links":{"self":[{"href":"https:\/\/www.europesays.com\/es\/wp-json\/wp\/v2\/posts\/189500","targetHints":{"allow":["GET"]}}],"collection":[{"href":"https:\/\/www.europesays.com\/es\/wp-json\/wp\/v2\/posts"}],"about":[{"href":"https:\/\/www.europesays.com\/es\/wp-json\/wp\/v2\/types\/post"}],"author":[{"embeddable":true,"href":"https:\/\/www.europesays.com\/es\/wp-json\/wp\/v2\/users\/2"}],"replies":[{"embeddable":true,"href":"https:\/\/www.europesays.com\/es\/wp-json\/wp\/v2\/comments?post=189500"}],"version-history":[{"count":0,"href":"https:\/\/www.europesays.com\/es\/wp-json\/wp\/v2\/posts\/189500\/revisions"}],"wp:featuredmedia":[{"embeddable":true,"href":"https:\/\/www.europesays.com\/es\/wp-json\/wp\/v2\/media\/189501"}],"wp:attachment":[{"href":"https:\/\/www.europesays.com\/es\/wp-json\/wp\/v2\/media?parent=189500"}],"wp:term":[{"taxonomy":"category","embeddable":true,"href":"https:\/\/www.europesays.com\/es\/wp-json\/wp\/v2\/categories?post=189500"},{"taxonomy":"post_tag","embeddable":true,"href":"https:\/\/www.europesays.com\/es\/wp-json\/wp\/v2\/tags?post=189500"}],"curies":[{"name":"wp","href":"https:\/\/api.w.org\/{rel}","templated":true}]}}