{"id":189515,"date":"2025-10-20T14:34:09","date_gmt":"2025-10-20T14:34:09","guid":{"rendered":"https:\/\/www.europesays.com\/es\/189515\/"},"modified":"2025-10-20T14:34:09","modified_gmt":"2025-10-20T14:34:09","slug":"david-martinez-el-inversor-mexicano-del-sabadell-pone-fin-a-la-guerra-y-se-mantendra-en-el-capital-economia","status":"publish","type":"post","link":"https:\/\/www.europesays.com\/es\/189515\/","title":{"rendered":"David Mart\u00ednez, el inversor mexicano del Sabadell, pone fin a la guerra y se mantendr\u00e1 en el capital | Econom\u00eda"},"content":{"rendered":"<p class=\"\">El inversor mexicano d\u00edscolo del Sabadell, David Mrat\u00ednez Guzm\u00e1n, entierra el hacha de guerra que <a href=\"https:\/\/elpais.com\/economia\/2025-09-30\/el-consejo-del-sabadell-rechaza-de-nuevo-la-opa-del-bbva-y-eleva-el-dividendo.html\" target=\"_blank\" rel=\"noreferrer nofollow noopener\" title=\"https:\/\/elpais.com\/economia\/2025-09-30\/el-consejo-del-sabadell-rechaza-de-nuevo-la-opa-del-bbva-y-eleva-el-dividendo.html\">le enfrent\u00f3 al consejo de administraci\u00f3n del banco<\/a> tras el fracaso de la opa hostil del BBVA. Pese a haber roto la unidad del consejo y haber declarado que aceptar\u00eda la oferta, Mart\u00ednez ha remitido una carta a la agencia Bloomberg en la que se muestra \u201ctotalmente convencido\u201d con la entidad catalana. \u201cEstoy deseando, como accionista, participar en el \u00e9xito continuo del Sabadell\u201d, ha afirmado.<\/p>\n<p class=\"\">\u201cAunque, por razones que he dejado claras, vot\u00e9 a favor de un camino diferente para el banco, la mayor\u00eda de los accionistas apoy\u00f3 el plan de negocio independiente. He felicitado al banco por el resultado despu\u00e9s de un proceso prolongado y arduamente disputado\u201c, ha declarado en la misiva.<\/p>\n<p class=\"\">La <a href=\"https:\/\/cincodias.elpais.com\/mercados-financieros\/2025-10-17\/que-pasa-ahora-con-david-martinez-y-otros-accionistas-del-sabadell-que-si-aceptaron-la-opa-del-bbva.html\" target=\"_blank\" rel=\"noreferrer nofollow noopener\" title=\"https:\/\/cincodias.elpais.com\/mercados-financieros\/2025-10-17\/que-pasa-ahora-con-david-martinez-y-otros-accionistas-del-sabadell-que-si-aceptaron-la-opa-del-bbva.html\">disputa con Mart\u00ednez<\/a>, due\u00f1o del 4% del banco, fue el principal contratiempo que afront\u00f3 el Sabadell en las \u00faltimas semanas en su guerra contra el BBVA. El inversor disinti\u00f3 de todo el consejo y acept\u00f3 la oferta del BBVA, discrepando de sus razones. Consideraba que este \u00f3rgano hab\u00eda prestado \u201cuna excesiva atenci\u00f3n\u201d al precio de la oferta y apuntaba a los beneficios estrat\u00e9gicos al crear una entidad m\u00e1s grande.<\/p>\n<p class=\"\">A esto se sigui\u00f3 un <a href=\"https:\/\/elpais.com\/economia\/2025-10-06\/el-inversor-del-sabadell-david-martinez-explica-por-que-va-a-la-opa-esto-no-es-una-batalla-entre-los-montescos-y-capuletos.html\" target=\"_blank\" rel=\"noreferrer nofollow noopener\" title=\"https:\/\/elpais.com\/economia\/2025-10-06\/el-inversor-del-sabadell-david-martinez-explica-por-que-va-a-la-opa-esto-no-es-una-batalla-entre-los-montescos-y-capuletos.html\">cruce de cartas<\/a>, con objetivo la c\u00fapula del Sabadell. Mart\u00ednez justific\u00f3 su negativa, rechazaba que tuviese ning\u00fan acuerdo con el BBVA y finalmente pas\u00f3 al cuerpo a cuerpo con el consejero delegado, C\u00e9sar Gonz\u00e1lez-Bueno, despu\u00e9s de que este dudase de que su decisi\u00f3n de aceptar la oferta fuese irrevocable y cuestionase que diere marcha atr\u00e1s. El presidente, Josep Oliu, le acus\u00f3 de no saber \u201cni qu\u00e9 son los clientes\u201d, ser un inversor de Wall Street y solo buscar maximizar los beneficios.<\/p>\n<p class=\"\">\u201cConsidero que hay maneras m\u00e1s constructivas para debatir los m\u00e9ritos de la propuesta que insultarme calific\u00e1ndome de ignorante. Pero entiendo; hay muchas administraciones corporativas que naturalmente se sienten amenazadas cuando los accionistas tomamos las decisiones en nuestras propias manos. En esta ocasi\u00f3n, somos los accionistas a quienes nos corresponde trazar el futuro del Banco Sabadell\u201c, <a href=\"https:\/\/elpais.com\/economia\/2025-10-06\/martinez-responde-al-sabadell-hay-maneras-mas-constructivas-para-debatir-la-propuesta-que-insultarme.html\" target=\"_blank\" rel=\"noreferrer nofollow noopener\" title=\"https:\/\/elpais.com\/economia\/2025-10-06\/martinez-responde-al-sabadell-hay-maneras-mas-constructivas-para-debatir-la-propuesta-que-insultarme.html\">espet\u00f3 Mart\u00ednez.<\/a><\/p>\n<p class=\"\"><a href=\"https:\/\/elpais.com\/economia\/2025-10-16\/el-sabadell-vence-al-bbva-y-consigue-el-apoyo-de-los-inversores-para-seguir-en-solitario.html\" target=\"_blank\" rel=\"noreferrer nofollow noopener\" title=\"https:\/\/elpais.com\/economia\/2025-10-16\/el-sabadell-vence-al-bbva-y-consigue-el-apoyo-de-los-inversores-para-seguir-en-solitario.html\">El resultado de la oferta<\/a>, con una aceptaci\u00f3n de solo el 25,4%, ha dado la raz\u00f3n a la c\u00fapula del Sabadell tambi\u00e9n frente a Mart\u00ednez. Pese a haber aceptado la propuesta del BBVA, al quedar esta sin efecto, se quedar\u00e1 con sus t\u00edtulos del Sabadell, que podr\u00eda venderlos en Bolsa, si bien probablemente con un elevado descuento. De las palabras de Mart\u00ednez se desprende que no lo contempla.<\/p>\n<p class=\"\">Otra cuesti\u00f3n es su futuro como consejero del banco. Su mandato debe ser renovado en la pr\u00f3xima junta de accionistas, que se celebrar\u00e1 en la primavera de 2026. La c\u00fapula del Sabadell puede aprovechar la ocasi\u00f3n para cobrarse las factiras pendientes y echarlo, dado que el umbral m\u00ednimo para solicitar un consejero estar\u00eda ligeramente por encima del peso de Mart\u00ednez en el capital, en el 6%. O firmar la paz con su accionista y proponer su renovaci\u00f3n por cuatro a\u00f1os m\u00e1s.<\/p>\n","protected":false},"excerpt":{"rendered":"El inversor mexicano d\u00edscolo del Sabadell, David Mrat\u00ednez Guzm\u00e1n, entierra el hacha de guerra que le enfrent\u00f3 al&hellip;\n","protected":false},"author":2,"featured_media":189516,"comment_status":"","ping_status":"","sticky":false,"template":"","format":"standard","meta":{"footnotes":""},"categories":[80],"tags":[5219,3287,3285,82,6559,95,94,25,24,2731,14873,6558,23],"class_list":{"0":"post-189515","1":"post","2":"type-post","3":"status-publish","4":"format-standard","5":"has-post-thumbnail","7":"category-economia","8":"tag-banca","9":"tag-banco-sabadell","10":"tag-bbva","11":"tag-business","12":"tag-cesar-gonzalez-bueno","13":"tag-economia","14":"tag-economy","15":"tag-es","16":"tag-espana","17":"tag-finanzas","18":"tag-josep-oliu","19":"tag-opa-hostil","20":"tag-spain"},"share_on_mastodon":{"url":"https:\/\/pubeurope.com\/@es\/115406993283723296","error":""},"_links":{"self":[{"href":"https:\/\/www.europesays.com\/es\/wp-json\/wp\/v2\/posts\/189515","targetHints":{"allow":["GET"]}}],"collection":[{"href":"https:\/\/www.europesays.com\/es\/wp-json\/wp\/v2\/posts"}],"about":[{"href":"https:\/\/www.europesays.com\/es\/wp-json\/wp\/v2\/types\/post"}],"author":[{"embeddable":true,"href":"https:\/\/www.europesays.com\/es\/wp-json\/wp\/v2\/users\/2"}],"replies":[{"embeddable":true,"href":"https:\/\/www.europesays.com\/es\/wp-json\/wp\/v2\/comments?post=189515"}],"version-history":[{"count":0,"href":"https:\/\/www.europesays.com\/es\/wp-json\/wp\/v2\/posts\/189515\/revisions"}],"wp:featuredmedia":[{"embeddable":true,"href":"https:\/\/www.europesays.com\/es\/wp-json\/wp\/v2\/media\/189516"}],"wp:attachment":[{"href":"https:\/\/www.europesays.com\/es\/wp-json\/wp\/v2\/media?parent=189515"}],"wp:term":[{"taxonomy":"category","embeddable":true,"href":"https:\/\/www.europesays.com\/es\/wp-json\/wp\/v2\/categories?post=189515"},{"taxonomy":"post_tag","embeddable":true,"href":"https:\/\/www.europesays.com\/es\/wp-json\/wp\/v2\/tags?post=189515"}],"curies":[{"name":"wp","href":"https:\/\/api.w.org\/{rel}","templated":true}]}}