{"id":189525,"date":"2025-10-20T14:39:14","date_gmt":"2025-10-20T14:39:14","guid":{"rendered":"https:\/\/www.europesays.com\/es\/189525\/"},"modified":"2025-10-20T14:39:14","modified_gmt":"2025-10-20T14:39:14","slug":"muere-manuel-angel-millares-ganadero-de-tres-hierros-con-alma-propia","status":"publish","type":"post","link":"https:\/\/www.europesays.com\/es\/189525\/","title":{"rendered":"Muere Manuel \u00c1ngel Millares, ganadero de tres hierros con alma propia"},"content":{"rendered":"<p><strong data-start=\"987\" data-end=\"1054\">Manuel \u00c1ngel Millares ha fallecido en su domicilio de Trigueros<\/strong> tras una enfermedad que afront\u00f3 con la misma discreci\u00f3n con la que vivi\u00f3 gran parte de su trayectoria. Ganadero de bravo y empresario taurino, construy\u00f3 a lo largo de casi treinta a\u00f1os <strong data-start=\"1240\" data-end=\"1326\">un proyecto ganadero singular, repartido en tres hierros y tres encastes distintos<\/strong>, con los que dio forma a su visi\u00f3n del toro.<\/p>\n<p>Desde la dehesa Pelegr\u00edn, en tierras onubenses, <strong data-start=\"1421\" data-end=\"1504\">consolid\u00f3 los hierros de Manuel \u00c1ngel Millares, Torremilla y Los Millares<\/strong>, cada uno con personalidad propia. El primero, con sangre Jandilla-Juan Pedro; el segundo, de origen N\u00fa\u00f1ez; y el tercero, con procedencia Atanasio. <strong data-start=\"1653\" data-end=\"1702\">Tres l\u00edneas, tres caracteres, una sola pasi\u00f3n<\/strong>: el toro bien hecho.<\/p>\n<p><strong data-start=\"1725\" data-end=\"1787\">Su implicaci\u00f3n con la fiesta fue m\u00e1s all\u00e1 de la ganader\u00eda.<\/strong> Ejerci\u00f3 como empresario en varias plazas andaluzas y navarras, con especial atenci\u00f3n a las de Trigueros y Valverde del Camino. Fue tambi\u00e9n apoderado de Israel Castilleja \u00abEl Triguere\u00f1o\u00bb, torero de su tierra, al que acompa\u00f1\u00f3 con cercan\u00eda y convicci\u00f3n.<\/p>\n<p>Durante una etapa de su carrera, form\u00f3 parte de la directiva de la <a title=\"Real Uni\u00f3n de Criadores de Toros de Lidia\" href=\"https:\/\/www.larazon.es\/cultura\/toros\/120-anos-defendiendo-toro-bravo_2025041567fe954da1a8a90001ac99ad.html\" target=\"_blank\" rel=\"nofollow noopener\">Real Uni\u00f3n de Criadores de Toros de Lidia<\/a>, desde donde defendi\u00f3 el trabajo del ganadero con firmeza. <strong data-start=\"2208\" data-end=\"2360\">Dos de sus hierros estaban inscritos en dicha entidad, mientras que Los Millares pertenec\u00eda a la Agrupaci\u00f3n Espa\u00f1ola de Ganaderos de Reses Bravas.<\/strong><\/p>\n<p><strong data-start=\"2208\" data-end=\"2360\"\/><\/p>\n<p><strong data-start=\"2362\" data-end=\"2444\">Era un hombre de ideas claras, m\u00e1s dado al trabajo diario que al protagonismo.<\/strong> Su labor silenciosa en el campo, su apuesta por la variedad gen\u00e9tica y su constancia a lo largo de los a\u00f1os lo convirtieron en un referente discreto pero respetado por quienes valoran la autenticidad en la crianza del toro.<\/p>\n<p>Con su muerte, la tauromaquia pierde a <strong data-start=\"2709\" data-end=\"2771\">un ganadero que entend\u00eda su oficio como una forma de vida.<\/strong> Su legado queda en los cercados que llevan su sello y en el recuerdo de quienes compartieron con \u00e9l la afici\u00f3n, el compromiso y el amor por el toro bravo.<\/p>\n","protected":false},"excerpt":{"rendered":"Manuel \u00c1ngel Millares ha fallecido en su domicilio de Trigueros tras una enfermedad que afront\u00f3 con la misma&hellip;\n","protected":false},"author":2,"featured_media":100149,"comment_status":"","ping_status":"","sticky":false,"template":"","format":"standard","meta":{"footnotes":""},"categories":[277],"tags":[373,168,25,24,23,167,374],"class_list":{"0":"post-189525","1":"post","2":"type-post","3":"status-publish","4":"format-standard","5":"has-post-thumbnail","7":"category-toreo","8":"tag-bullfighting","9":"tag-deportes","10":"tag-es","11":"tag-espana","12":"tag-spain","13":"tag-sports","14":"tag-toreo"},"share_on_mastodon":{"url":"https:\/\/pubeurope.com\/@es\/115407012833425181","error":""},"_links":{"self":[{"href":"https:\/\/www.europesays.com\/es\/wp-json\/wp\/v2\/posts\/189525","targetHints":{"allow":["GET"]}}],"collection":[{"href":"https:\/\/www.europesays.com\/es\/wp-json\/wp\/v2\/posts"}],"about":[{"href":"https:\/\/www.europesays.com\/es\/wp-json\/wp\/v2\/types\/post"}],"author":[{"embeddable":true,"href":"https:\/\/www.europesays.com\/es\/wp-json\/wp\/v2\/users\/2"}],"replies":[{"embeddable":true,"href":"https:\/\/www.europesays.com\/es\/wp-json\/wp\/v2\/comments?post=189525"}],"version-history":[{"count":0,"href":"https:\/\/www.europesays.com\/es\/wp-json\/wp\/v2\/posts\/189525\/revisions"}],"wp:featuredmedia":[{"embeddable":true,"href":"https:\/\/www.europesays.com\/es\/wp-json\/wp\/v2\/media\/100149"}],"wp:attachment":[{"href":"https:\/\/www.europesays.com\/es\/wp-json\/wp\/v2\/media?parent=189525"}],"wp:term":[{"taxonomy":"category","embeddable":true,"href":"https:\/\/www.europesays.com\/es\/wp-json\/wp\/v2\/categories?post=189525"},{"taxonomy":"post_tag","embeddable":true,"href":"https:\/\/www.europesays.com\/es\/wp-json\/wp\/v2\/tags?post=189525"}],"curies":[{"name":"wp","href":"https:\/\/api.w.org\/{rel}","templated":true}]}}