{"id":189527,"date":"2025-10-20T14:42:11","date_gmt":"2025-10-20T14:42:11","guid":{"rendered":"https:\/\/www.europesays.com\/es\/189527\/"},"modified":"2025-10-20T14:42:11","modified_gmt":"2025-10-20T14:42:11","slug":"copa-davis-2025-alcaraz-y-granollers-artilleria-pesada-para-las-finales-de-la-copa-davis-de-bolonia-tenis-deportes","status":"publish","type":"post","link":"https:\/\/www.europesays.com\/es\/189527\/","title":{"rendered":"Copa Davis 2025: Alcaraz y Granollers, artiller\u00eda pesada para las Finales de la Copa Davis de Bolonia | Tenis | Deportes"},"content":{"rendered":"<p class=\"\">El capit\u00e1n del equipo espa\u00f1ol de la Copa Davis, David Ferrer, anunci\u00f3 este lunes la convocatoria de cara a la fase final que se disputar\u00e1 entre el 18 y el 23 de noviembre en Bolonia, con la confirmaci\u00f3n del regreso de Carlos Alcaraz a la n\u00f3mina. El murciano, <a href=\"https:\/\/elpais.com\/deportes\/tenis\/2025-09-30\/alcaraz-disuelve-a-fritz-se-corona-en-tokio-y-abrillanta-un-curso-excepcional.html\" target=\"_self\" rel=\"nofollow noopener\" title=\"https:\/\/elpais.com\/deportes\/tenis\/2025-09-30\/alcaraz-disuelve-a-fritz-se-corona-en-tokio-y-abrillanta-un-curso-excepcional.html\">actual n\u00famero uno del mundo<\/a> y ausente en la serie anterior, el mes pasado frente a Dinamarca, liderar\u00e1 al bloque que intentar\u00e1 lograr la sexta Ensaladera para el tenis espa\u00f1ol, reto esquivo desde 2019. Completan la lista Jaume Munar, Pedro Mart\u00ednez y el doblista Marcel Granollers. El primer escollo ser\u00e1 la Rep\u00fablica Checa, rival en los cuartos de final (jueves 20), y en el caso de que lograse prosperar se enfrentar\u00eda (s\u00e1bado 22) a la vencedora del cruce entre Alemania y Argentina.<\/p>\n<p class=\"\">Siempre y cuando no haya ning\u00fan contratiempo previo, Alcaraz ser\u00e1 la punta de lanza del conjunto espa\u00f1ol, que le ech\u00f3 en falta hace poco m\u00e1s de un mes, cuando resolvi\u00f3 el acceso a las Finales en una dur\u00edsima eliminatoria <a href=\"https:\/\/elpais.com\/deportes\/tenis\/2025-09-14\/conviccion-fe-y-martinez-mucho-martinez-espana-culmina-una-remontada-historica-hacia-bolonia.html\" target=\"_self\" rel=\"nofollow noopener\" title=\"https:\/\/elpais.com\/deportes\/tenis\/2025-09-14\/conviccion-fe-y-martinez-mucho-martinez-espana-culmina-una-remontada-historica-hacia-bolonia.html\">contra Dinamarca en Marbella<\/a>. All\u00ed, sobre la arena del Club de tenis Puente Romano, la aportaci\u00f3n de Mart\u00ednez result\u00f3 trascendental y Espa\u00f1a logr\u00f3 remontar un 0-2 adverso, algo que nunca hab\u00eda conseguido. El murciano, de 22 a\u00f1os, opt\u00f3 por descartar su asistencia debido a la \u201cexigencia f\u00edsica y mental\u201d de las semanas previas, en las que particip\u00f3 de manera exitosa en la gira norteamericana del verano (Cincinnati y US Open). Ahora, sin embargo, est\u00e1 dispuesto a hacer un esfuerzo extra pese a que se le plantee una circunstancia similar. <\/p>\n<p>M\u00e1s informaci\u00f3n<\/p>\n<p class=\"\">Pr\u00f3ximamente, Alcaraz competir\u00e1 en el Masters 1000 de Par\u00eds-Bercy (entre el 27 de este mes y el 2 de noviembre) y tambi\u00e9n en la Copa de Maestros de Tur\u00edn (del 9 al 16), por lo que apenas dispondr\u00e1 de descanso. Aun as\u00ed, su deseo es jugar en Bolonia e intentar quitarse as\u00ed el mal gusto del curso pasado, en la que Espa\u00f1a cedi\u00f3 <a href=\"https:\/\/elpais.com\/deportes\/tenis\/2024-11-22\/no-era-del-dia-de-nadal-era-la-fiesta-de-paises-bajos.html\" target=\"_self\" rel=\"nofollow noopener\" title=\"https:\/\/elpais.com\/deportes\/tenis\/2024-11-22\/no-era-del-dia-de-nadal-era-la-fiesta-de-paises-bajos.html\">a las primeras de cambio ante Holanda<\/a>, en el Mart\u00edn Carpena de M\u00e1laga; entonces, el de El Palmar decant\u00f3 a su favor el compromiso individual contra Tallon Griekspoor, pero la derrota posterior en el dobles sentenci\u00f3 al cuadro de Ferrer. El capit\u00e1n, de 43 a\u00f1os y retirado desde hace seis, asumi\u00f3 el cargo en 2023 y, seg\u00fan anticip\u00f3 en mayo la Real Federaci\u00f3n Espa\u00f1ola de Tenis (RFET), continuar\u00e1 al menos hasta 2027.<\/p>\n<p class=\"\">Uno y otro, Alcaraz y Ferrer, tienen entre ceja y ceja la conquista del t\u00edtulo de selecciones. El primero para desbloquear otra casilla hist\u00f3rica del tenis y el segundo para cerrar el c\u00edrculo, dado que la gan\u00f3 tres veces como jugador (2008, 2009 y 2011). El alicantino podr\u00e1 contar con el gobernador del circuito y mantendr\u00e1 su apuesta en la segunda l\u00ednea, ya que repetir\u00e1n Mart\u00ednez y Munar. El valenciano (28 a\u00f1os) se erigi\u00f3 como el gran protagonista en Marbella y el mallorqu\u00edn (28) est\u00e1 completando la mejor temporada de su carrera. Su inclusi\u00f3n supone el descarte del malague\u00f1o Alejandro Davidovich, quien a pesar de estar por encima en el ranking (18\u00ba) no ha sido citado esta vez por el preparador. S\u00ed recibi\u00f3 la llamada para la serie anterior, pero argument\u00f3 \u201ccansancio\u201d.<\/p>\n<p class=\"\">\u201cEste ser\u00e1 el equipo, si no hay ninguna lesi\u00f3n\u2026 Que esperemos que no, pero en un mes pueden pasar muchas cosas\u201d, apunt\u00f3 en la sede del Consejo Superior de Deportes (CSD) el capit\u00e1n Ferrer, quien por ahora prefiere no desvelar el quinto componente, el te\u00f3rico suplente. Roberto Bautista (37 a\u00f1os) acumula varias semanas de ausencia por una dolencia en la rodilla derecha y Pablo Carre\u00f1o (34), presente hace un mes en Puente Romano, podr\u00eda cerrar el cupo, <a href=\"https:\/\/elpais.com\/deportes\/tenis\/2025-04-17\/davidovich-hay-que-bajar-al-barro-para-saber-que-no-quieres-volver-a-estar-ahi.html\" target=\"_self\" rel=\"nofollow noopener\" title=\"https:\/\/elpais.com\/deportes\/tenis\/2025-04-17\/davidovich-hay-que-bajar-al-barro-para-saber-que-no-quieres-volver-a-estar-ahi.html\">salvo que el elegido sea Davidovich<\/a>. En cualquier caso, el t\u00e9cnico celebra la vuelta de Alcaraz y tambi\u00e9n la de Granollers, n\u00famero uno en dobles. El catal\u00e1n (39) tampoco pudo colaborar en las citas de febrero (Suiza) ni septiembre, por un problema en el tobillo, e igualmente, desfilar\u00e1 por las Finals de Tur\u00edn en compa\u00f1\u00eda del argentino Horacio Zeballos.<\/p>\n<p>43 SEMANAS, COMO KUERTEN<\/p>\n<p>A. C. | Madrid<\/p>\n<p>Ferrer se mostr\u00f3 \u201cilusionado\u201d y asegur\u00f3 que Espa\u00f1a tendr\u00e1 \u201csus opciones\u201d, al tiempo que subray\u00f3 la dificultad que entra\u00f1a el cruce inicial con Chequia. El cuadro dirigido por Tomas Berdych cuenta con Jiri Lehecka (17\u00ba), Jakub Mensik (19\u00ba) y Tomas Machac (31\u00ba), adem\u00e1s de su caracter\u00edstica habilidad en el dobles.<\/p>\n<p>Cabe recordar que Francia y B\u00e9lgica abrir\u00e1n la competici\u00f3n el martes 18 y que un d\u00eda despu\u00e9s, el mi\u00e9rcoles 19, se certificar\u00e1 la otra semifinalista, Italia o Austria. El combinado transalpino triunf\u00f3 en las dos \u00faltimas ediciones.<\/p>\n<p>Por otra parte, Jannik Sinner competir\u00e1 esta semana en Viena, donde podr\u00eda recortar distancias respecto a Alcaraz. El n\u00famero dos aspira a hacerse con 500 puntos, con los que reducir\u00eda la renta actual del espa\u00f1ol; en concreto, son 1.340 puntos en el ranking y 2.540 en la carrera anual.<\/p>\n<p>Precisamente, Alcaraz iguala este lunes las 43 semanas del brasile\u00f1o Guga Kuerten en el trono. El siguiente nombre es el del estadounidense Jim Courier, con 58. Al margen de esto, este fin de semana se resolvieron los torneos de Ningbo y Osaka, en manos esta vez de la kazaja Elena Rybakina y la canadiense Leylah Fernandez de forma respectiva.<\/p>\n","protected":false},"excerpt":{"rendered":"El capit\u00e1n del equipo espa\u00f1ol de la Copa Davis, David Ferrer, anunci\u00f3 este lunes la convocatoria de cara&hellip;\n","protected":false},"author":2,"featured_media":189528,"comment_status":"","ping_status":"","sticky":false,"template":"","format":"standard","meta":{"footnotes":""},"categories":[274],"tags":[20106,545,1540,13877,9482,2911,168,25,24,34990,28749,23,167,327,11759,326],"class_list":{"0":"post-189527","1":"post","2":"type-post","3":"status-publish","4":"format-standard","5":"has-post-thumbnail","7":"category-tenis","8":"tag-bolonia","9":"tag-carlos-alcaraz","10":"tag-competiciones","11":"tag-copa-davis","12":"tag-david-ferrer","13":"tag-davidovich","14":"tag-deportes","15":"tag-es","16":"tag-espana","17":"tag-marcel-granollers","18":"tag-pablo-carreno-busta","19":"tag-spain","20":"tag-sports","21":"tag-tenis","22":"tag-tenistas","23":"tag-tennis"},"share_on_mastodon":{"url":"https:\/\/pubeurope.com\/@es\/115407024478068876","error":""},"_links":{"self":[{"href":"https:\/\/www.europesays.com\/es\/wp-json\/wp\/v2\/posts\/189527","targetHints":{"allow":["GET"]}}],"collection":[{"href":"https:\/\/www.europesays.com\/es\/wp-json\/wp\/v2\/posts"}],"about":[{"href":"https:\/\/www.europesays.com\/es\/wp-json\/wp\/v2\/types\/post"}],"author":[{"embeddable":true,"href":"https:\/\/www.europesays.com\/es\/wp-json\/wp\/v2\/users\/2"}],"replies":[{"embeddable":true,"href":"https:\/\/www.europesays.com\/es\/wp-json\/wp\/v2\/comments?post=189527"}],"version-history":[{"count":0,"href":"https:\/\/www.europesays.com\/es\/wp-json\/wp\/v2\/posts\/189527\/revisions"}],"wp:featuredmedia":[{"embeddable":true,"href":"https:\/\/www.europesays.com\/es\/wp-json\/wp\/v2\/media\/189528"}],"wp:attachment":[{"href":"https:\/\/www.europesays.com\/es\/wp-json\/wp\/v2\/media?parent=189527"}],"wp:term":[{"taxonomy":"category","embeddable":true,"href":"https:\/\/www.europesays.com\/es\/wp-json\/wp\/v2\/categories?post=189527"},{"taxonomy":"post_tag","embeddable":true,"href":"https:\/\/www.europesays.com\/es\/wp-json\/wp\/v2\/tags?post=189527"}],"curies":[{"name":"wp","href":"https:\/\/api.w.org\/{rel}","templated":true}]}}