{"id":189531,"date":"2025-10-20T14:45:14","date_gmt":"2025-10-20T14:45:14","guid":{"rendered":"https:\/\/www.europesays.com\/es\/189531\/"},"modified":"2025-10-20T14:45:14","modified_gmt":"2025-10-20T14:45:14","slug":"ensena-la-nota-que-le-ha-dejado-un-vecino-en-el-coche-por-aparcar-en-su-plaza-de-garaje","status":"publish","type":"post","link":"https:\/\/www.europesays.com\/es\/189531\/","title":{"rendered":"Ense\u00f1a la nota que le ha dejado un vecino en el coche por aparcar en su plaza de garaje"},"content":{"rendered":"<p>El jugador de baloncesto dominicano del\u00a0Alimerka Oviedo, <b>Marques Townes, ha sido protagonista este pasado fin de semana<\/b> tanto en las canchas como fuera de ellas, gracias por un lado a su nivel en la pista y, por otro, por<a href=\"https:\/\/www.huffingtonpost.es\/virales\/deja-nota-coche-aparco-plaza-garaje-cientos-personas-le-dan-me-gusta.html\" rel=\"nofollow noopener\" target=\"_blank\"> una nota que la hab\u00eda dejado un vecino<\/a> y que \u00e9l public\u00f3 en su perfil de X.<\/p>\n<p>Townes, que fich\u00f3 la semana pasada por el club asturiano, comparti\u00f3 el mensaje que le hab\u00eda escrito un vecino por, supuestamente, aparcar el coche en la plaza de garaje de esta persona. <b>\u00abVuelve a aparcar en mi plaza y te acuerdes del coches de alquiler, crack<\/b>\u00ab, se puede leer en la nota que le hab\u00eda dejado, subrayando el t\u00e9rmino mi para dejar clara la posesi\u00f3n.\u00a0<\/p>\n<p><b>\u00abBuenos d\u00edas !! Happy game day (feliz d\u00eda de partido)<\/b>\ud83d\ude04\ud83d\ude05\u00bb, escribi\u00f3 el dominicano en la publicaci\u00f3n en la que subi\u00f3 esa foto, que hasta respondi\u00f3 a un tuitero que le hab\u00eda dicho que le dedicara a su vecino un triple haciendo el gesto de conducir. \u00abS\u00ed, lo har\u00e9\u00bb, replic\u00f3, junto a un emoticono de gui\u00f1o y otro de una cara llorando de risa.\u00a0<\/p>\n<p>El debut de Townes con la camiseta del\u00a0Alimerka Oviedo no pudo ser mejor. El equipo asturiano, que todav\u00eda no conoc\u00eda la victoria en Primera FEB tras las derrotas contra Estudiantes, Leyma Coru\u00f1a y Cartagena, sum\u00f3 <b>su primer triunfo de la temporada al superar al Tizona Burgos por 93-80<\/b> gracias, en buena parte, a la irrupci\u00f3n del dominicano.\u00a0<\/p>\n<p>En los 27 minutos que jug\u00f3, <b>anot\u00f3 16 puntos con unos muy buenos porcentajes de tiro<\/b> (6\/9), reparti\u00f3 6 asistencias, captur\u00f3 2 rebotes para un total de 16 de valoraci\u00f3n, siendo la segunda m\u00e1s alta del equipo, solo por detr\u00e1s de su compa\u00f1ero Calvin Hermanson, que se fue hasta los 25 puntos, 1 rebote y 1 asistencia para 22 de valoraci\u00f3n.\u00a0<\/p>\n","protected":false},"excerpt":{"rendered":"El jugador de baloncesto dominicano del\u00a0Alimerka Oviedo, Marques Townes, ha sido protagonista este pasado fin de semana tanto&hellip;\n","protected":false},"author":2,"featured_media":189532,"comment_status":"","ping_status":"","sticky":false,"template":"","format":"standard","meta":{"footnotes":""},"categories":[269],"tags":[299,298,168,25,24,1796,1922,23,167,6052],"class_list":{"0":"post-189531","1":"post","2":"type-post","3":"status-publish","4":"format-standard","5":"has-post-thumbnail","7":"category-baloncesto","8":"tag-baloncesto","9":"tag-basketball","10":"tag-deportes","11":"tag-es","12":"tag-espana","13":"tag-oviedo","14":"tag-redes-sociales","15":"tag-spain","16":"tag-sports","17":"tag-twitter"},"share_on_mastodon":{"url":"https:\/\/pubeurope.com\/@es\/115407036403668965","error":""},"_links":{"self":[{"href":"https:\/\/www.europesays.com\/es\/wp-json\/wp\/v2\/posts\/189531","targetHints":{"allow":["GET"]}}],"collection":[{"href":"https:\/\/www.europesays.com\/es\/wp-json\/wp\/v2\/posts"}],"about":[{"href":"https:\/\/www.europesays.com\/es\/wp-json\/wp\/v2\/types\/post"}],"author":[{"embeddable":true,"href":"https:\/\/www.europesays.com\/es\/wp-json\/wp\/v2\/users\/2"}],"replies":[{"embeddable":true,"href":"https:\/\/www.europesays.com\/es\/wp-json\/wp\/v2\/comments?post=189531"}],"version-history":[{"count":0,"href":"https:\/\/www.europesays.com\/es\/wp-json\/wp\/v2\/posts\/189531\/revisions"}],"wp:featuredmedia":[{"embeddable":true,"href":"https:\/\/www.europesays.com\/es\/wp-json\/wp\/v2\/media\/189532"}],"wp:attachment":[{"href":"https:\/\/www.europesays.com\/es\/wp-json\/wp\/v2\/media?parent=189531"}],"wp:term":[{"taxonomy":"category","embeddable":true,"href":"https:\/\/www.europesays.com\/es\/wp-json\/wp\/v2\/categories?post=189531"},{"taxonomy":"post_tag","embeddable":true,"href":"https:\/\/www.europesays.com\/es\/wp-json\/wp\/v2\/tags?post=189531"}],"curies":[{"name":"wp","href":"https:\/\/api.w.org\/{rel}","templated":true}]}}