{"id":189547,"date":"2025-10-20T14:54:15","date_gmt":"2025-10-20T14:54:15","guid":{"rendered":"https:\/\/www.europesays.com\/es\/189547\/"},"modified":"2025-10-20T14:54:15","modified_gmt":"2025-10-20T14:54:15","slug":"un-chip-implantado-en-el-ojo-permite-que-27-personas-ciegas-vuelvan-a-leer","status":"publish","type":"post","link":"https:\/\/www.europesays.com\/es\/189547\/","title":{"rendered":"Un chip implantado en el ojo permite que 27 personas ciegas vuelvan a leer"},"content":{"rendered":"<p style=\"\">Un diminuto chip inal\u00e1mbrico implantado en la parte posterior del ojo y unas gafas de alta tecnolog\u00eda han permitido a 27 personas con degeneraci\u00f3n macular asociada a la edad (DMAE) volver a leer. El implante ha logrado restaurar parcialmente la visi\u00f3n en estas personas que  &#8230; ten\u00edan ya una forma avanzada de degeneraci\u00f3n macular asociada a la edad que les hab\u00eda dejado sin visi\u00f3n. <\/p>\n<p class=\"voc-p\" style=\"\">De los 32 participantes de un ensayo cl\u00ednico, 27 recuperaron la capacidad de leer un a\u00f1o despu\u00e9s de recibir el dispositivo. <\/p>\n<p class=\"voc-p\" style=\"\">Los resultados del ensayo se publican en la revista &#8216;<a href=\"https:\/\/www.nejm.org\/\" target=\"_self\" data-voc-vtm-id=\"in-text-traffic\" title=\"The New England Journal of Medicine\" data-mrf-link=\"www.nejm.org\" rel=\"nofollow noopener\">The New England Journal of Medicine<\/a>&#8216;.<\/p>\n<p class=\"voc-p\" style=\"\">El dispositivo ha sido desarrollado en la <a href=\"https:\/\/med.stanford.edu\/\" target=\"_self\" data-voc-vtm-id=\"in-text-traffic\" title=\"Universidad Stanford Medicine\" data-mrf-link=\"med.stanford.edu\" rel=\"nofollow noopener\">Universidad Stanford Medicine<\/a> (EE.UU.) y sus autores aseguran que se trata de la primera pr\u00f3tesis ocular que restaura la visi\u00f3n funcional a pacientes con p\u00e9rdida de visi\u00f3n incurable, d\u00e1ndoles la capacidad de percibir formas y patrones, tambi\u00e9n conocida como visi\u00f3n de la forma.<\/p>\n<p class=\"voc-p\" style=\"\">\u00ab<strong>Todos los intentos previos de proporcionar visi\u00f3n con pr\u00f3tesis resultaron b\u00e1sicamente en sensibilidad a la luz, no en visi\u00f3n formal<\/strong>\u00bb, afirma el investigador Daniel Palanker. \u00abSomos los primeros en proporcionar visi\u00f3n formal\u00bb.<\/p>\n<p class=\"voc-p\" style=\"\">A medida que la DMAE progresa, la visi\u00f3n central se vuelve cada vez m\u00e1s borrosa debido al da\u00f1o irreversible de las c\u00e9lulas fotosensibles en la parte central de la retina. En una retina sana, estas c\u00e9lulas captan la luz ambiental y la transforman en pulsos el\u00e9ctricos, que luego se env\u00edan a las c\u00e9lulas nerviosas que recubren la parte posterior del ojo y, finalmente, al cerebro a trav\u00e9s del nervio \u00f3ptico. <\/p>\n<p class=\"voc-p\" style=\"\">El dispositivo, denominado PRIMA, consiste en una peque\u00f1a c\u00e1mara, montada en unas gafas, que captura im\u00e1genes y las proyecta en tiempo real mediante luz infrarroja a un chip inal\u00e1mbrico en el ojo. <strong>El chip convierte las im\u00e1genes en estimulaci\u00f3n el\u00e9ctrica, reemplazando eficazmente los fotorreceptores<\/strong>. Adem\u00e1s, los pacientes pueden ajustar el zoom y el contraste para mejorar la visi\u00f3n funcional. <\/p>\n<p class=\"voc-p\" style=\"\">Los participantes del nuevo ensayo presentaban una forma avanzada de DMAE, conocida como atrofia geogr\u00e1fica, que erosiona gradualmente la visi\u00f3n central. M\u00e1s de 5 millones de personas en todo el mundo padecen esta enfermedad, que es la causa m\u00e1s com\u00fan de ceguera irreversible en la tercera edad.<\/p>\n<p>\nLuz infrarroja\n<\/p>\n<p class=\"voc-p\" style=\"\">La degeneraci\u00f3n macular destruye los fotorreceptores sensibles a la luz en el centro de la retina, el delgado tejido neural en la parte posterior del ojo que convierte la luz en se\u00f1ales el\u00e9ctricas que luego viajan al cerebro. Sin embargo, la mayor\u00eda de los pacientes conservan algunas c\u00e9lulas fotorreceptoras que permiten la visi\u00f3n perif\u00e9rica, as\u00ed como las neuronas retinianas que transmiten la informaci\u00f3n de los fotorreceptores. <\/p>\n<p class=\"voc-p\" style=\"\">El nuevo dispositivo, explican los investigadores, <strong>aprovecha lo que se conserva<\/strong>.<\/p>\n<p class=\"voc-p\" style=\"\">El chip de 2 x 2 mil\u00edmetros que recibe las im\u00e1genes se implanta en la parte de la retina donde se han perdido los fotorreceptores. El chip es sensible a la luz infrarroja proyectada por las gafas, a diferencia de los fotorreceptores reales, que solo responden a la luz visible.<\/p>\n<p class=\"voc-p\" style=\"\">\u00abLa proyecci\u00f3n se realiza mediante infrarrojos porque queremos asegurarnos de que sea invisible para los fotorreceptores restantes fuera del implante\u00bb, explica Jos\u00e9-Alain Sahel, de la <a href=\"https:\/\/www.medschool.pitt.edu\/\" target=\"_self\" data-voc-vtm-id=\"in-text-traffic\" title=\"Facultad de Medicina de la Universidad de Pittsburgh\" data-mrf-link=\"www.medschool.pitt.edu\" rel=\"nofollow noopener\">Facultad de Medicina de la Universidad de Pittsburgh<\/a>.<\/p>\n<p class=\"voc-p\" style=\"\">El dise\u00f1o significa que los pacientes pueden utilizar su visi\u00f3n perif\u00e9rica natural junto con la visi\u00f3n central prot\u00e9sica, lo que ayuda con la orientaci\u00f3n y la navegaci\u00f3n.<\/p>\n<p><img decoding=\"async\" loading=\"lazy\" src=\"https:\/\/www.europesays.com\/es\/wp-content\/uploads\/2025\/10\/Palanker-prosthesis1.jpg\" class=\"voc-d-c-combo-3__img\" width=\"758\" height=\"470\" alt=\"Imagen principal - Izquierda: Simulaci\u00f3n de la visi\u00f3n de un paciente con degeneraci\u00f3n macular. Derecha: Simulaci\u00f3n de la visi\u00f3n de un paciente mejorada con la pr\u00f3tesis ocular PRIMA. Abajo, Sheile Irvine, participante del estudio entrenando con el dispositivo PRIMA. Microchip ultrafino PRIMA \"\/><\/p>\n<p><img decoding=\"async\" loading=\"lazy\" src=\"https:\/\/www.europesays.com\/es\/wp-content\/uploads\/2025\/10\/Patientbeingtrained,concentrating.jpg\" class=\"voc-d-c-combo-3__img\" width=\"464\" height=\"329\" alt=\"Imagen secundaria 1 - Izquierda: Simulaci\u00f3n de la visi\u00f3n de un paciente con degeneraci\u00f3n macular. Derecha: Simulaci\u00f3n de la visi\u00f3n de un paciente mejorada con la pr\u00f3tesis ocular PRIMA. Abajo, Sheile Irvine, participante del estudio entrenando con el dispositivo PRIMA. Microchip ultrafino PRIMA \"\/><\/p>\n<p><img decoding=\"async\" loading=\"lazy\" src=\"https:\/\/www.europesays.com\/es\/wp-content\/uploads\/2025\/10\/Sizeofeyeimplant.jpg\" class=\"voc-d-c-combo-3__img\" width=\"278\" height=\"329\" alt=\"Imagen secundaria 2 - Izquierda: Simulaci\u00f3n de la visi\u00f3n de un paciente con degeneraci\u00f3n macular. Derecha: Simulaci\u00f3n de la visi\u00f3n de un paciente mejorada con la pr\u00f3tesis ocular PRIMA. Abajo, Sheile Irvine, participante del estudio entrenando con el dispositivo PRIMA. Microchip ultrafino PRIMA \"\/><\/p>\n<p>Chip prodigioso<br \/>\nIzquierda: Simulaci\u00f3n de la visi\u00f3n de un paciente con degeneraci\u00f3n macular. Derecha: Simulaci\u00f3n de la visi\u00f3n de un paciente mejorada con la pr\u00f3tesis ocular PRIMA. Abajo, Sheile Irvine, participante del estudio entrenando con el dispositivo PRIMA. Microchip ultrafino PRIMA<br \/>\nScience Corporation<\/p>\n<p class=\"voc-p\" style=\"\">Los autores destacan que el hecho de que vean simult\u00e1neamente visi\u00f3n prot\u00e9sica y perif\u00e9rica es importante porque pueden fusionar y utilizar la visi\u00f3n al m\u00e1ximo. Dado que el chip es fotovoltaico, es decir, solo necesita luz para generar corriente el\u00e9ctrica, puede funcionar de forma inal\u00e1mbrica e implantarse bajo la retina. Las pr\u00f3tesis oculares anteriores requer\u00edan una fuente de alimentaci\u00f3n externa y un cable que sal\u00eda del ojo.<\/p>\n<p class=\"voc-title\">Leer te transporta, y hoy me siento mucho m\u00e1s optimista<\/p>\n<p class=\"voc-p\" style=\"\"> A las cinco semanas tras el implante, los pacientes comenzaron a usar las gafas. La agudeza visual mejor\u00f3 progresivamente con el entrenamiento: de 32 participantes, 27 lograron leer y 26 mejoraron al menos dos l\u00edneas en la tabla optom\u00e9trica, con un promedio de cinco l\u00edneas ganadas. Usaban la pr\u00f3tesis a diario y dos tercios reportaron satisfacci\u00f3n media o alta. Diecinueve tuvieron efectos secundarios leves, resueltos en su mayor\u00eda en dos meses.<\/p>\n<p class=\"voc-p\" style=\"\">\u00abAntes del implante, ve\u00eda como si tuviera dos discos negros en los ojos, con la visi\u00f3n distorsionada alrededor, se\u00f1ala Sheila Irvine, una de las pacientes que participaron en el estudio. A Sheila siempre le gust\u00f3 leer y, tras la operaci\u00f3n, que reconoce que no fue dolorosa, se emocion\u00f3 al volver a leer. <strong>Volver a aprender a leer no es f\u00e1cil, pero cuanto m\u00e1s practico, m\u00e1s avanzo<\/strong>. Leer te transporta, y hoy me siento mucho m\u00e1s optimista\u00bb.<\/p>\n<p class=\"voc-p\" style=\"\">Por ahora, el dispositivo PRIMA s\u00f3lo proporciona visi\u00f3n en blanco y negro, sin matices intermedios, pero ya se est\u00e1 desarrollando un software que pronto permitir\u00e1 la gama completa de escala de grises.<\/p>\n","protected":false},"excerpt":{"rendered":"Un diminuto chip inal\u00e1mbrico implantado en la parte posterior del ojo y unas gafas de alta tecnolog\u00eda han&hellip;\n","protected":false},"author":2,"featured_media":189548,"comment_status":"","ping_status":"","sticky":false,"template":"","format":"standard","meta":{"footnotes":""},"categories":[92],"tags":[35123,53058,25,24,165,53057,3296,2473,3227,3477,166,23,36832],"class_list":{"0":"post-189547","1":"post","2":"type-post","3":"status-publish","4":"format-standard","5":"has-post-thumbnail","7":"category-salud","8":"tag-chip","9":"tag-ciegas","10":"tag-es","11":"tag-espana","12":"tag-health","13":"tag-implantado","14":"tag-leer","15":"tag-ojo","16":"tag-permite","17":"tag-personas","18":"tag-salud","19":"tag-spain","20":"tag-vuelvan"},"share_on_mastodon":{"url":"https:\/\/pubeurope.com\/@es\/115407071760844554","error":""},"_links":{"self":[{"href":"https:\/\/www.europesays.com\/es\/wp-json\/wp\/v2\/posts\/189547","targetHints":{"allow":["GET"]}}],"collection":[{"href":"https:\/\/www.europesays.com\/es\/wp-json\/wp\/v2\/posts"}],"about":[{"href":"https:\/\/www.europesays.com\/es\/wp-json\/wp\/v2\/types\/post"}],"author":[{"embeddable":true,"href":"https:\/\/www.europesays.com\/es\/wp-json\/wp\/v2\/users\/2"}],"replies":[{"embeddable":true,"href":"https:\/\/www.europesays.com\/es\/wp-json\/wp\/v2\/comments?post=189547"}],"version-history":[{"count":0,"href":"https:\/\/www.europesays.com\/es\/wp-json\/wp\/v2\/posts\/189547\/revisions"}],"wp:featuredmedia":[{"embeddable":true,"href":"https:\/\/www.europesays.com\/es\/wp-json\/wp\/v2\/media\/189548"}],"wp:attachment":[{"href":"https:\/\/www.europesays.com\/es\/wp-json\/wp\/v2\/media?parent=189547"}],"wp:term":[{"taxonomy":"category","embeddable":true,"href":"https:\/\/www.europesays.com\/es\/wp-json\/wp\/v2\/categories?post=189547"},{"taxonomy":"post_tag","embeddable":true,"href":"https:\/\/www.europesays.com\/es\/wp-json\/wp\/v2\/tags?post=189547"}],"curies":[{"name":"wp","href":"https:\/\/api.w.org\/{rel}","templated":true}]}}