{"id":189557,"date":"2025-10-20T14:59:07","date_gmt":"2025-10-20T14:59:07","guid":{"rendered":"https:\/\/www.europesays.com\/es\/189557\/"},"modified":"2025-10-20T14:59:07","modified_gmt":"2025-10-20T14:59:07","slug":"el-juez-cita-al-exgerente-del-psoe-como-testigo-por-los-pagos-en-metalico-a-abalos-y-koldo-garcia","status":"publish","type":"post","link":"https:\/\/www.europesays.com\/es\/189557\/","title":{"rendered":"El juez cita al exgerente del PSOE como testigo por los pagos en met\u00e1lico a \u00c1balos y Koldo Garc\u00eda"},"content":{"rendered":"<p style=\"\">El magistrado del Tribunal Supremo Leopoldo Puente ha citado como testigo, el pr\u00f3ximo 29 de octubre, al exgerente del PSOE para interrogarle por los pagos en efectivo de dicha formaci\u00f3n, contenidos en sobres, al exministro de Transportes <a href=\"https:\/\/www.abc.es\/noticias\/jose-luis-abalos-meco\/\" title=\"www.abc.es\" data-voc-vtm-id=\"in-text-traffic\" data-mrf-link=\"www.abc.es\" rel=\"nofollow noopener\" target=\"_blank\">Jos\u00e9 Luis \u00c1balos<\/a> y su asesor en  &#8230; el ministerio, Koldo Garc\u00eda, a los que la Guardia Civil <strong>hizo referencia en su \u00faltimo informe entregado a la causa.<\/strong> Tambi\u00e9n a la trabajadora de la Secretar\u00eda de Organizaci\u00f3n Celia Rodr\u00edguez.<\/p>\n<p class=\"voc-p\" style=\"\">El juez les cita para ver si pueden <strong>arrojar luz sobre las entregas de dinero<\/strong> que, a pesar de que aparecen en el informe, no fueron comunicadas por el PSOE al Alto Tribunal en la informaci\u00f3n solicitada por el magistrado en la causa por delitos de corrupci\u00f3n. Ni Jos\u00e9 Luis \u00c1balos ni Koldo Garc\u00eda, los pasados 15 y 16 de octubre explicaron tampoco ese \u00abdescuadre\u00bb porque se acogieron a su derecho a no declarar en su citaci\u00f3n como investigados.<\/p>\n<p class=\"voc-p\" style=\"\">En una providencia, consultada por ABC, el magistrado explica que en el citado informe policial se hace referencia a \u00ab<strong>la existencia de ciertas comunicaciones relativas a posibles pagos <\/strong>en met\u00e1lico de determinadas cantidades por parte del Partido Socialista Obrero Espa\u00f1ol en favor de don Jos\u00e9 Luis \u00c1balos Meco o de don Koldo Garc\u00eda Izaguirre, que no constar\u00edan, sin embargo, por sus fechas ni por sus importes, en la informaci\u00f3n facilitada por dicho partido pol\u00edtico en esta causa especial como pagos en met\u00e1lico efectivamente realizados a ambos (m\u00e1s all\u00e1 de alg\u00fan posible &#8216;descuadre&#8217;, respecto de los que s\u00ed aparecen contenidos en dicha informaci\u00f3n, de m\u00ednima importancia econ\u00f3mica)\u00bb.<\/p>\n<p class=\"voc-p\" style=\"\">La resoluci\u00f3n se\u00f1ala que, en algunos casos, las comunicaciones analizadas \u00ab<strong>permiten establecer una correlaci\u00f3n entre los mensajes<\/strong> que apuntan a entregas de dinero y las liquidaciones de gastos\u00bb facilitadas por el partido pol\u00edtico; pero, en otras ocasiones, \u00abno se ha podido confirmar dicha correspondencia\u00bb, quedando las cantidades supuestamente entregadas reflejadas solamente en las mencionadas conversaciones, pero no en la informaci\u00f3n proporcionada por el Partido Socialista Obrero Espa\u00f1ol.<\/p>\n<p>\nLos sobres del informe de la UCO\n<\/p>\n<p class=\"voc-p\" style=\"\">En el informe policial al que se ha referido el juez este lunes, la UCO lleg\u00f3 a la conclusi\u00f3n de que, entre 2017 y 2021, \u00ab\u00c1balos percibi\u00f3 liquidaciones de gastos, tanto por transferencia bancaria como en efecitvo\u00bb del PSOE por valor de 19.638 euros y que \u00abparte de estas liquidaciones se entregaron en efectivo mediante sobres recogidos en la sede del PSOE de la calle Ferraz\u00bb.<\/p>\n<p class=\"voc-p\" style=\"\">Koldo Garc\u00eda, seg\u00fan el mismo informe, percibi\u00f3 12.744 euros por transferencia o efectivo. Precisamente la exmujer de este \u00faltimo, Patricia Uriz, fue a por los sobres a la sede del PSOE, seg\u00fan recoge tambi\u00e9n la Guardia Civil. <\/p>\n<p class=\"voc-p\" style=\"\">El 18 de septiembre de 2018, Uriz escribi\u00f3 a su entonces pareja: \u00abYa tengo el sobre de Ferraz. \u00bfTe lo llevo en el coche a Balbina y te lo doy all\u00ed?\u00bb, en referencia a la direcci\u00f3n de la vivienda del exministro. <\/p>\n<p class=\"voc-p\" style=\"\">Un a\u00f1o despu\u00e9s, el 10 de octubre de 2019, Patricia Uriz volvi\u00f3 a escribirle a Koldo Garc\u00eda: \u00abHan mandado de Ferraz sobre para ti con una parte y sobre para Jose\u00bb. En este caso, la UCO ya destac\u00f3: \u00abEn relaci\u00f3n con el sobre que ten\u00eda como destinatario a \u00c1balos, por su cercan\u00eda temporal podr\u00eda vincularse con la liquidaci\u00f3n de gastos anotada el 2 de octubre de 2019 por importe de 1.074,40 euros. Sin embargo, no sucede lo mismo respecto de Koldo, ya que desde el PSOE no se han comunicado liquidaciones posteriores al 24 de julio de 2019. Igualmente, se han localizado mensajes que apuntan a entregas de dinero en efectivo a \u00c1balos para las que no se ha encontrado respaldo documental en la informaci\u00f3n aportada por el citado partido\u00bb. <\/p>\n","protected":false},"excerpt":{"rendered":"El magistrado del Tribunal Supremo Leopoldo Puente ha citado como testigo, el pr\u00f3ximo 29 de octubre, al exgerente&hellip;\n","protected":false},"author":2,"featured_media":189558,"comment_status":"","ping_status":"","sticky":false,"template":"","format":"standard","meta":{"footnotes":""},"categories":[8],"tags":[32397,17,18,7716,25,24,53059,13,14,3142,11,1664,4164,19,20,51007,9,10,15,16,46883,1699,5977,23,7970,12,10909,21,22],"class_list":{"0":"post-189557","1":"post","2":"type-post","3":"status-publish","4":"format-standard","5":"has-post-thumbnail","7":"category-espana","8":"tag-abalos","9":"tag-breaking-news","10":"tag-breakingnews","11":"tag-cita","12":"tag-es","13":"tag-espana","14":"tag-exgerente","15":"tag-featured-news","16":"tag-featurednews","17":"tag-garcia","18":"tag-headlines","19":"tag-juez","20":"tag-koldo","21":"tag-latest-news","22":"tag-latestnews","23":"tag-metalico","24":"tag-news","25":"tag-noticias","26":"tag-noticias-destacadas","27":"tag-noticiasdestacadas","28":"tag-pagos","29":"tag-psoe","30":"tag-relacion","31":"tag-spain","32":"tag-testigos","33":"tag-titulares","34":"tag-trabajadora","35":"tag-ultimas-noticias","36":"tag-ultimasnoticias"},"share_on_mastodon":{"url":"https:\/\/pubeurope.com\/@es\/115407091427007729","error":""},"_links":{"self":[{"href":"https:\/\/www.europesays.com\/es\/wp-json\/wp\/v2\/posts\/189557","targetHints":{"allow":["GET"]}}],"collection":[{"href":"https:\/\/www.europesays.com\/es\/wp-json\/wp\/v2\/posts"}],"about":[{"href":"https:\/\/www.europesays.com\/es\/wp-json\/wp\/v2\/types\/post"}],"author":[{"embeddable":true,"href":"https:\/\/www.europesays.com\/es\/wp-json\/wp\/v2\/users\/2"}],"replies":[{"embeddable":true,"href":"https:\/\/www.europesays.com\/es\/wp-json\/wp\/v2\/comments?post=189557"}],"version-history":[{"count":0,"href":"https:\/\/www.europesays.com\/es\/wp-json\/wp\/v2\/posts\/189557\/revisions"}],"wp:featuredmedia":[{"embeddable":true,"href":"https:\/\/www.europesays.com\/es\/wp-json\/wp\/v2\/media\/189558"}],"wp:attachment":[{"href":"https:\/\/www.europesays.com\/es\/wp-json\/wp\/v2\/media?parent=189557"}],"wp:term":[{"taxonomy":"category","embeddable":true,"href":"https:\/\/www.europesays.com\/es\/wp-json\/wp\/v2\/categories?post=189557"},{"taxonomy":"post_tag","embeddable":true,"href":"https:\/\/www.europesays.com\/es\/wp-json\/wp\/v2\/tags?post=189557"}],"curies":[{"name":"wp","href":"https:\/\/api.w.org\/{rel}","templated":true}]}}