{"id":189561,"date":"2025-10-20T15:01:14","date_gmt":"2025-10-20T15:01:14","guid":{"rendered":"https:\/\/www.europesays.com\/es\/189561\/"},"modified":"2025-10-20T15:01:14","modified_gmt":"2025-10-20T15:01:14","slug":"berisso-sigue-en-racha-y-se-aleja-del-descenso","status":"publish","type":"post","link":"https:\/\/www.europesays.com\/es\/189561\/","title":{"rendered":"Berisso sigue en racha y se aleja del descenso"},"content":{"rendered":"<p style=\"margin-bottom: 0cm; line-height: 100%;\">El equipo berissense de handball logr\u00f3 una nueva victoria, esta vez ante Don Bosco por 27 a 25, en una actuaci\u00f3n s\u00f3lida que reafirma el buen momento del conjunto.<\/p>\n<p style=\"margin-bottom: 0cm; line-height: 100%;\">El triunfo se suma al conseguido previamente frente a Boca Juniors, resultados que le permitieron escalar al und\u00e9cimo puesto de la tabla y comenzar a dejar atr\u00e1s la lucha por el descenso.<\/p>\n<p style=\"margin-bottom: 0cm; line-height: 100%;\">El pr\u00f3ximo compromiso ser\u00e1 dentro de dos semanas, cuando se enfrenten a Sideco, buscando cerrar el a\u00f1o con una racha positiva que consolide la permanencia.<\/p>\n","protected":false},"excerpt":{"rendered":"El equipo berissense de handball logr\u00f3 una nueva victoria, esta vez ante Don Bosco por 27 a 25,&hellip;\n","protected":false},"author":2,"featured_media":189562,"comment_status":"","ping_status":"","sticky":false,"template":"","format":"standard","meta":{"footnotes":""},"categories":[278],"tags":[376,168,25,24,375,23,167],"class_list":{"0":"post-189561","1":"post","2":"type-post","3":"status-publish","4":"format-standard","5":"has-post-thumbnail","7":"category-balonmano","8":"tag-balonmano","9":"tag-deportes","10":"tag-es","11":"tag-espana","12":"tag-handball","13":"tag-spain","14":"tag-sports"},"share_on_mastodon":{"url":"https:\/\/pubeurope.com\/@es\/115407099233809667","error":""},"_links":{"self":[{"href":"https:\/\/www.europesays.com\/es\/wp-json\/wp\/v2\/posts\/189561","targetHints":{"allow":["GET"]}}],"collection":[{"href":"https:\/\/www.europesays.com\/es\/wp-json\/wp\/v2\/posts"}],"about":[{"href":"https:\/\/www.europesays.com\/es\/wp-json\/wp\/v2\/types\/post"}],"author":[{"embeddable":true,"href":"https:\/\/www.europesays.com\/es\/wp-json\/wp\/v2\/users\/2"}],"replies":[{"embeddable":true,"href":"https:\/\/www.europesays.com\/es\/wp-json\/wp\/v2\/comments?post=189561"}],"version-history":[{"count":0,"href":"https:\/\/www.europesays.com\/es\/wp-json\/wp\/v2\/posts\/189561\/revisions"}],"wp:featuredmedia":[{"embeddable":true,"href":"https:\/\/www.europesays.com\/es\/wp-json\/wp\/v2\/media\/189562"}],"wp:attachment":[{"href":"https:\/\/www.europesays.com\/es\/wp-json\/wp\/v2\/media?parent=189561"}],"wp:term":[{"taxonomy":"category","embeddable":true,"href":"https:\/\/www.europesays.com\/es\/wp-json\/wp\/v2\/categories?post=189561"},{"taxonomy":"post_tag","embeddable":true,"href":"https:\/\/www.europesays.com\/es\/wp-json\/wp\/v2\/tags?post=189561"}],"curies":[{"name":"wp","href":"https:\/\/api.w.org\/{rel}","templated":true}]}}