{"id":189578,"date":"2025-10-20T15:12:15","date_gmt":"2025-10-20T15:12:15","guid":{"rendered":"https:\/\/www.europesays.com\/es\/189578\/"},"modified":"2025-10-20T15:12:15","modified_gmt":"2025-10-20T15:12:15","slug":"una-novela-para-leer-despacio","status":"publish","type":"post","link":"https:\/\/www.europesays.com\/es\/189578\/","title":{"rendered":"Una novela para leer despacio"},"content":{"rendered":"<p wf_formattings=\"a,b\" class=\"c-text\"><a href=\"\">Una de las cosas que m\u00e1s me gusta es <\/a><b><a href=\"https:\/\/www.primicias.ec\/opinion\/valentina-febres-cordero\/leer-voz-alta-lectura-juventud-dificultad-100492\/\" title=\"Leer en voz alta me romp\u00eda por dentro\" rel=\"nofollow noopener\" target=\"_blank\">entrar a las librer\u00edas<\/a> y ver qu\u00e9 hay de novedades <\/b>y, de paso, revisar c\u00f3mo est\u00e1n los libros de nuestra editorial.<\/p>\n<p wf_formattings=\"a,b\" class=\"c-text\">Hace m\u00e1s de un a\u00f1o, junto al libro de mi pap\u00e1, Hablagente, vi un grueso volumen que me llam\u00f3 la atenci\u00f3n por su portada<b>. Le\u00ed la contraportada <\/b>y, aunque s\u00e9 que no debo seguir comprando libros, no pude evitarlo: <b>fui a la caja y sal\u00ed con uno nuevo<\/b>. Debo confesar que al principio me daba pereza leerlo por lo gordo que era, pero apenas empec\u00e9 no pude parar. Sent\u00eda  que estaba comiendo una golosina.<\/p>\n<p wf_formattings=\"a,b\" class=\"c-text\">Para m\u00ed, leer <b>El evangelio seg\u00fan Ruth, de Andr\u00e9s Ortiz Lemos<\/b>, fue entrar en una historia que me exig\u00eda calma. No pude leerla de corrido. Es una <b>novela que pide tiempo, silencio y concentraci\u00f3n.<\/b> Cada frase est\u00e1 escrita con cuidado, cada palabra tiene su peso.<\/p>\n<p wf_formattings=\"a,b\" class=\"c-text\">La <b>sinopsis es compleja: \u00bfY si Jes\u00fas hubiese nacido mujer? <\/b>Desde esa pregunta, la trama abre un universo simb\u00f3lico que mezcla historia, espiritualidad y reflexi\u00f3n. Mar\u00eda da a luz a una ni\u00f1a, Ruth, que crece para convertirse en la elegida. A trav\u00e9s de ella<b>, el libro cuestiona lo que entendemos por lo divino, lo humano y lo femenino.<\/b><\/p>\n<p wf_formattings=\"a,b\" class=\"c-text\">El autor ecuatoriano tiene formaci\u00f3n en teolog\u00eda, historia y ciencias pol\u00edticas y es doctor en estudios pol\u00edticos.  <b>Esos conocimientos se reflejan en su escritura. No es un escritor que improvisa.<\/b> El evangelio seg\u00fan Ruth fue publicado en 2023 por Alci\u00f3n Editora, en C\u00f3rdoba. Tiene 417 p\u00e1ginas. S\u00ed, es extensa, pero no pesada. Su lenguaje fluye con naturalidad. <b>No busca deslumbrar con palabras dif\u00edciles, sino decir lo justo con claridad y belleza.<\/b><\/p>\n<p wf_formattings=\"a,b\" class=\"c-text\">Ruth, la protagonista, predica, cura enfermos y expulsa demonios. Es una mujer que enfrenta la incomprensi\u00f3n y el prejuicio. <b>Para algunos es una santa, para otros, una hereje. Esa tensi\u00f3n entre la fe, la duda y la condena atraviesa toda la historia.<\/b> No hay respuestas cerradas, solo preguntas que hacen que el lector reflexione. El autor, logra algo poco com\u00fan: <b>hablar de lo sagrado sin sermonear y de lo humano sin sentimentalismos.<\/b><\/p>\n<p wf_formattings=\"a,b\" class=\"c-text\">Una de las <b>escenas m\u00e1s potentes es la de la asamblea de las aves<\/b>. Miles de p\u00e1jaros se re\u00fanen en la costa de Egipto, movidos por un mismo sue\u00f1o. Discuten, se contradicen, vuelan, y al final forman en el cielo la figura de una mujer que ha ayunado cuarenta d\u00edas en el desierto. Es una escena profundamente simb\u00f3lica. <b>Las aves representan las voces humanas: la fe, el miedo, la violencia y la esperanza.<\/b> En medio del caos aparece una verdad que solo se revela si el lector se detiene a interpretarla.<\/p>\n<p wf_formattings=\"a,b\" class=\"c-text\">Este hecho resume la habilidad del autor para unir lo simb\u00f3lico con lo real. No es un relato fant\u00e1stico: es <b>un espejo de los conflictos humanos y de esa b\u00fasqueda espiritual que atraviesa toda la novela<\/b>. Hay belleza, <b>pero tambi\u00e9n crudeza. <\/b>Hay contemplaci\u00f3n, pero tambi\u00e9n dolor.<\/p>\n<p wf_formattings=\"a,b\" class=\"c-text\">Y hay un <b>ritmo po\u00e9tico de algunos fragmentos<\/b>. Hay pasajes escritos con el estilo de los salmos, no por su religiosidad, sino por su cadencia. Funcionan como pausas dentro del relato, peque\u00f1os cantos que interrumpen la narraci\u00f3n y permiten respirar. En ellos, la palabra tiene peso por lo que dice y tambi\u00e9n por lo que calla.<\/p>\n<p wf_formattings=\"a,b\" class=\"c-text\"><b>La novela no evita el sufrimiento. Ruth es humillada, rechazada, golpeada<\/b>. Pero el autor no busca la l\u00e1grima f\u00e1cil. El <b>dolor <\/b>no est\u00e1 para conmover, sino para <b>mostrar la fragilidad humana frente a la fe.<\/b> Es una historia que recuerda que creer no siempre salva: a veces hiere y deja marcas que tardan en sanar.<\/p>\n<p wf_formattings=\"a,b\" class=\"c-text\"><b>Por todo eso no le\u00ed el libro de un tir\u00f3n. Lo le\u00ed despacio, en calma<\/b>. Hay p\u00e1rrafos que me invitaban a cerrar el libro y quedarme pensando, como si el autor no se apurara con la trama y confiara en el eco de sus frases.<\/p>\n<p wf_formattings=\"a,b\" class=\"c-text\"><b>El evangelio seg\u00fan Ruth me pareci\u00f3 una novela distinta<\/b>. Su fuerza no est\u00e1 solo en el argumento, sino en la manera de articular la narraci\u00f3n. El autor combina historia, misticismo y pensamiento con un estilo sobrio y preciso.<b> No busca adoctrinar ni escandalizar.  Invita a mirar la realidad de otra manera.<\/b><\/p>\n<p wf_formattings=\"a,b\" class=\"c-text\">Leerla fue entrar en un territorio donde la palabra se convierte en experiencia. <b>La belleza est\u00e1 en la pausa, no en la exageraci\u00f3n.<\/b> Es una obra que me dej\u00f3 huella, no por su tono religioso, sino por su mirada humana. Una novela escrita con rigor y sensibilidad, que logra algo dif\u00edcil: <b>hablar de la fe sin convertirla en serm\u00f3n, y del dolor sin victimizaci\u00f3n.<\/b><\/p>\n","protected":false},"excerpt":{"rendered":"Una de las cosas que m\u00e1s me gusta es entrar a las librer\u00edas y ver qu\u00e9 hay de&hellip;\n","protected":false},"author":2,"featured_media":189579,"comment_status":"","ping_status":"","sticky":false,"template":"","format":"standard","meta":{"footnotes":""},"categories":[172],"tags":[53066,224,53065,146,147,25,53067,24,3296,11532,225,1645,23],"class_list":{"0":"post-189578","1":"post","2":"type-post","3":"status-publish","4":"format-standard","5":"has-post-thumbnail","7":"category-libros","8":"tag-andres-ortiz-lemos","9":"tag-books","10":"tag-el-evangelio-segun-ruth","11":"tag-entertainment","12":"tag-entretenimiento","13":"tag-es","14":"tag-escritor-ecuatorianos","15":"tag-espana","16":"tag-leer","17":"tag-libreria","18":"tag-libros","19":"tag-novela","20":"tag-spain"},"share_on_mastodon":{"url":"https:\/\/pubeurope.com\/@es\/115407142837609218","error":""},"_links":{"self":[{"href":"https:\/\/www.europesays.com\/es\/wp-json\/wp\/v2\/posts\/189578","targetHints":{"allow":["GET"]}}],"collection":[{"href":"https:\/\/www.europesays.com\/es\/wp-json\/wp\/v2\/posts"}],"about":[{"href":"https:\/\/www.europesays.com\/es\/wp-json\/wp\/v2\/types\/post"}],"author":[{"embeddable":true,"href":"https:\/\/www.europesays.com\/es\/wp-json\/wp\/v2\/users\/2"}],"replies":[{"embeddable":true,"href":"https:\/\/www.europesays.com\/es\/wp-json\/wp\/v2\/comments?post=189578"}],"version-history":[{"count":0,"href":"https:\/\/www.europesays.com\/es\/wp-json\/wp\/v2\/posts\/189578\/revisions"}],"wp:featuredmedia":[{"embeddable":true,"href":"https:\/\/www.europesays.com\/es\/wp-json\/wp\/v2\/media\/189579"}],"wp:attachment":[{"href":"https:\/\/www.europesays.com\/es\/wp-json\/wp\/v2\/media?parent=189578"}],"wp:term":[{"taxonomy":"category","embeddable":true,"href":"https:\/\/www.europesays.com\/es\/wp-json\/wp\/v2\/categories?post=189578"},{"taxonomy":"post_tag","embeddable":true,"href":"https:\/\/www.europesays.com\/es\/wp-json\/wp\/v2\/tags?post=189578"}],"curies":[{"name":"wp","href":"https:\/\/api.w.org\/{rel}","templated":true}]}}