{"id":189608,"date":"2025-10-20T15:30:22","date_gmt":"2025-10-20T15:30:22","guid":{"rendered":"https:\/\/www.europesays.com\/es\/189608\/"},"modified":"2025-10-20T15:30:22","modified_gmt":"2025-10-20T15:30:22","slug":"sigo-creyendo-plenamente-que-puedo-ganar-el-campeonato","status":"publish","type":"post","link":"https:\/\/www.europesays.com\/es\/189608\/","title":{"rendered":"Sigo creyendo plenamente que puedo ganar el campeonato"},"content":{"rendered":"<p><a href=\"https:\/\/lat.motorsport.com\/driver\/oscar-piastri\/828724\/\" target=\"_blank\" rel=\"noopener nofollow\">Oscar Piastri<\/a> insiste en que sigue siendo el favorito al t\u00edtulo mundial de F\u00f3rmula 1 2025, a pesar del resurgimiento de <a href=\"https:\/\/lat.motorsport.com\/driver\/max-verstappen\/465982\/\" target=\"_blank\" rel=\"noopener nofollow\">Max Verstappen<\/a>, a quien considera no m\u00e1s preocupante que antes.<\/p>\n<p>Verstappen logr\u00f3 su tercera victoria en cuatro carreras el domingo, dominando el Gran Premio de Estados Unidos desde la pole, por delante del segundo clasificado, <a href=\"https:\/\/lat.motorsport.com\/driver\/lando-norris\/468557\/\" target=\"_blank\" rel=\"noopener nofollow\">Lando Norris<\/a>, cuyo compa\u00f1ero de equipo y rival por el t\u00edtulo, Piastri, termin\u00f3 quinto.<\/p>\n<p>Esto significa que Piastri ahora lidera el campeonato por apenas 14 puntos sobre Norris, segundo, con cinco carreras restantes, mientras que Verstappen es tercero, a 40 puntos del primero.<\/p>\n<p>Pero hace apenas cuatro carreras, en el Gran Premio de los Pa\u00edses Bajos que gan\u00f3 Piastri, el australiano lideraba a Norris y a Verstappen por 34 y 104 puntos, respectivamente, por lo que la situaci\u00f3n ha cambiado dr\u00e1sticamente.<\/p>\n<p>Esto ocurre tras la introducci\u00f3n de una serie de actualizaciones por parte de Red Bull en Monza, la carrera posterior a Zandvoort, lo que ha permitido a Verstappen competir con los McLaren, que antes dominaban, y convertirse en el piloto m\u00e1s en forma de la F1 actualmente.<\/p>\n<p>Sin embargo, Piastri tampoco ha tenido un rendimiento ideal, terminando tercero en Italia, abandonando en Bak\u00fa, siendo cuarto en Singapur y con actuaciones por debajo de lo esperado en Austin. Esto incluy\u00f3 que tanto \u00e9l como Norris fueran eliminados por un choque en la primera vuelta de la carrera sprint, tambi\u00e9n ganada por Verstappen desde la pole.<\/p>\n<p>   <img decoding=\"async\" draggable=\"false\" src=\"https:\/\/www.europesays.com\/es\/wp-content\/uploads\/2025\/10\/1760974221_905_max-verstappen-red-bull-racing.jpg\" alt=\"Max Verstappen, Red Bull Racing\" width=\"1200\" height=\"800\" loading=\"lazy\"\/> <\/p>\n<p class=\"title\">Max Verstappen, Red Bull Racing<\/p>\n<p class=\"photographer\">Photo by: Peter Fox \/ Getty Images<\/p>\n<p>\u00abTodav\u00eda prefiero estar donde estoy que los otros dos\u00bb, declar\u00f3 Piastri. \u00abObviamente, este fin de semana no ha sido lo que quer\u00eda ni lo que esperaba.<\/p>\n<p>\u00abEste fin de semana ha sido bastante diferente a los anteriores: Bak\u00fa fue obviamente un peque\u00f1o desastre por razones muy distintas, y Singapur fue lo que fue. As\u00ed que creo que este fin de semana ha sido algo distinto en comparaci\u00f3n con los otros\u00bb.<\/p>\n<p>Verstappen parece casi intocable y McLaren sigue buscando respuestas, pero Piastri est\u00e1 enfocado \u00fanicamente en recuperar la forma que le permiti\u00f3 ganar cuatro de los seis primeros Grandes Premios.<\/p>\n<p>Cuando se le pregunt\u00f3 si Verstappen ahora representa una preocupaci\u00f3n mayor que antes, el piloto australiano, ganador de nueve carreras, respondi\u00f3: \u00abNo necesariamente. Obviamente \u00e9l est\u00e1 all\u00ed y es r\u00e1pido, pero para m\u00ed el mayor enfoque es entender por qu\u00e9 este fin de semana fue dif\u00edcil y tratar de volver a la forma que ten\u00edamos al inicio de la temporada.<\/p>\n<p>\u00abEse es mi mayor enfoque, y si podemos encontrarla de nuevo, los resultados se dar\u00e1n por s\u00ed mismos\u00bb.<\/p>\n<p>Verstappen es cuatro veces campe\u00f3n mundial, y se considera que esa experiencia le da ventaja sobre los pilotos de McLaren, que est\u00e1n ambos en su primera lucha seria por el t\u00edtulo de F1.<\/p>\n<p>   <img decoding=\"async\" draggable=\"false\" src=\"https:\/\/www.europesays.com\/es\/wp-content\/uploads\/2025\/10\/oscar-piastri-mclaren.jpg\" alt=\"Oscar Piastri, McLaren\" width=\"1200\" height=\"800\" loading=\"lazy\"\/> <\/p>\n<p class=\"title\">Oscar Piastri, McLaren<\/p>\n<p class=\"photographer\">Photo by: Sam Bloxham \/ LAT Images via Getty Images<\/p>\n<p>Sin embargo, Piastri es campe\u00f3n a nivel de categor\u00edas inferiores, habiendo ganado los campeonatos de F2 y F3, lo que, seg\u00fan \u00e9l, le da \u00abevidencia para m\u00ed mismo de que las cosas a\u00fan pueden salir bien y sigo creyendo plenamente que puedo ganar el campeonato\u00bb.<\/p>\n<p>Cuando se le pregunt\u00f3 al piloto de 24 a\u00f1os, en su tercer a\u00f1o en F1, si Verstappen tiene ventaja psicol\u00f3gica, Piastri respondi\u00f3: \u00abNo necesariamente. Obviamente ha tenido una buena racha en las \u00faltimas carreras, pero en \u00faltima instancia, si podemos volver a encontrar nuestro camino, recuperar nuestro ritmo y, ciertamente para m\u00ed, volver a encontrar mi ritmo, entonces no tengo grandes preocupaciones.<\/p>\n<p>\u00abA\u00fan falta mucho para que termine el campeonato, y sigue siendo una pelea para Max de todos modos. Obviamente ha recortado r\u00e1pido, pero no es exactamente una diferencia peque\u00f1a con cinco carreras por disputar.<\/p>\n<p>\u00abAs\u00ed que creo que si podemos recuperar nuestro ritmo, las cosas se resolver\u00e1n por s\u00ed solas\u00bb.<\/p>\n<p>M\u00e1s de la F\u00f3rmula 1:<\/p>\n<p>            Queremos tu opini\u00f3n<\/p>\n<p class=\"mt-auto\">\u00bfQu\u00e9 le gustar\u00eda ver en Motorsport.com?<\/p>\n<p>            <a href=\"#\" class=\"ms-link text-link font-bold\">Responda a nuestra encuesta de 5 minutos.<\/a><\/p>\n<p class=\"mt-1 font-info text-body\">&#8211; El equipo de Motorsport.com<\/p>\n","protected":false},"excerpt":{"rendered":"Oscar Piastri insiste en que sigue siendo el favorito al t\u00edtulo mundial de F\u00f3rmula 1 2025, a pesar&hellip;\n","protected":false},"author":2,"featured_media":189609,"comment_status":"","ping_status":"","sticky":false,"template":"","format":"standard","meta":{"footnotes":""},"categories":[270],"tags":[38334,168,25,24,306,271,272,1230,38333,2104,2099,2089,2106,53074,2092,23,167],"class_list":{"0":"post-189608","1":"post","2":"type-post","3":"status-publish","4":"format-standard","5":"has-post-thumbnail","7":"category-formula-1","8":"tag-circuito-de-las-americas-de-austin","9":"tag-deportes","10":"tag-es","11":"tag-espana","12":"tag-f1","13":"tag-formula-1","14":"tag-formula1","15":"tag-fu00f3rmula-1","16":"tag-gp-de-estados-unidos","17":"tag-lando-norris","18":"tag-max-verstappen","19":"tag-mclaren-f1","20":"tag-oscar-piastri","21":"tag-piastri-sigo-creyendo-plenamente-que-puedo-ganar-el-campeonato","22":"tag-red-bull-racing","23":"tag-spain","24":"tag-sports"},"share_on_mastodon":{"url":"https:\/\/pubeurope.com\/@es\/115407213608387112","error":""},"_links":{"self":[{"href":"https:\/\/www.europesays.com\/es\/wp-json\/wp\/v2\/posts\/189608","targetHints":{"allow":["GET"]}}],"collection":[{"href":"https:\/\/www.europesays.com\/es\/wp-json\/wp\/v2\/posts"}],"about":[{"href":"https:\/\/www.europesays.com\/es\/wp-json\/wp\/v2\/types\/post"}],"author":[{"embeddable":true,"href":"https:\/\/www.europesays.com\/es\/wp-json\/wp\/v2\/users\/2"}],"replies":[{"embeddable":true,"href":"https:\/\/www.europesays.com\/es\/wp-json\/wp\/v2\/comments?post=189608"}],"version-history":[{"count":0,"href":"https:\/\/www.europesays.com\/es\/wp-json\/wp\/v2\/posts\/189608\/revisions"}],"wp:featuredmedia":[{"embeddable":true,"href":"https:\/\/www.europesays.com\/es\/wp-json\/wp\/v2\/media\/189609"}],"wp:attachment":[{"href":"https:\/\/www.europesays.com\/es\/wp-json\/wp\/v2\/media?parent=189608"}],"wp:term":[{"taxonomy":"category","embeddable":true,"href":"https:\/\/www.europesays.com\/es\/wp-json\/wp\/v2\/categories?post=189608"},{"taxonomy":"post_tag","embeddable":true,"href":"https:\/\/www.europesays.com\/es\/wp-json\/wp\/v2\/tags?post=189608"}],"curies":[{"name":"wp","href":"https:\/\/api.w.org\/{rel}","templated":true}]}}