{"id":189612,"date":"2025-10-20T15:32:10","date_gmt":"2025-10-20T15:32:10","guid":{"rendered":"https:\/\/www.europesays.com\/es\/189612\/"},"modified":"2025-10-20T15:32:10","modified_gmt":"2025-10-20T15:32:10","slug":"real-zaragoza-la-crisis-profunda-del-real-zaragoza-ya-provoca-reacciones-en-el-resto-de-pais-el-futbol-espanol-no-puede-perder-un-club-como-este","status":"publish","type":"post","link":"https:\/\/www.europesays.com\/es\/189612\/","title":{"rendered":"REAL ZARAGOZA | La crisis profunda del Real Zaragoza ya provoca reacciones en el resto de pa\u00eds: \u00abel f\u00fatbol espa\u00f1ol no puede perder un club como este\u00bb"},"content":{"rendered":"<p class=\"ft-text\">La<strong> dram\u00e1tica situaci\u00f3n del Real Zaragoza est\u00e1 provocando una oleada de reacciones en toda Espa\u00f1a<\/strong> por su preocupante futuro, su peligrosa situaci\u00f3n deportiva siendo el colista de la Segunda Divisi\u00f3n y a punto de cerrar el fichaje de un nuevo entrenador que ser\u00eda el tercero despu\u00e9s de la marcha de Gabi y el fugaz paso por el banquillo de un hombre de la casa como Emilio Larraz que encaj\u00f3 un doloroso 0-5 en su estreno en el Ibercaja Estadio.<\/p>\n<p class=\"ft-text\">En este contexto de <strong>crisis profunda en lo deportivo y en lo institucional<\/strong>, acaba de explotar tambi\u00e9n la afici\u00f3n que anuncia movilizaciones para visibilizar su enfado y se\u00f1alar a los culpables de un hundimiento generalizado que tambi\u00e9n pudo apreciarse en el \u00faltimo partido ante la Cultural Leonesa, cuando <strong>el p\u00fablico abandon\u00f3 en masa las gradas<\/strong> del campo antes incluso del pitido final y tras soportar estoicamente el bochorno de segunda parte que se les ofreci\u00f3, con un equipo a la deriva y humillado en el campo.<\/p>\n<p class=\"ft-text\">Y en este maremagnum de cr\u00edticas y especulaciones sobre la reacci\u00f3n que no llega en el club, empiezan a surgir voces en el resto de Espa\u00f1a que animan a la inflexi\u00f3n y a creer que la historia de este escudo merece otro desenlace. <strong>\u00abEl f\u00fatbol espa\u00f1ol no puede perder un club como este\u00bb<\/strong>. As\u00ed lo ha expresado <strong>el periodista y director de &#8216;El Partidazo de COPE&#8217;, Juanma Casta\u00f1o<\/strong>, durante su intervenci\u00f3n en el programa de &#8216;Herrera en COPE&#8217;, un alegato en favor del Real Zaragoza, cuya situaci\u00f3n ha calificado de \u00absorprendente\u00bb.<\/p>\n<p class=\"ft-text\">\u00abPerdi\u00f3 un partido muy accidentado el s\u00e1bado por 0-5 con la Cultural Leonesa. Es \u00faltimo en Segunda Divisi\u00f3n, est\u00e1 a cinco puntos de la salvaci\u00f3n. Estamos hablando de una de las ciudades m\u00e1s importantes de Espa\u00f1a y de un club hist\u00f3rico\u00bb, ha relatado Casta\u00f1o. <strong>\u00ab\u00bfQu\u00e9 le pasa al Real Zaragoza? Est\u00e1 buscando entrenador y es una trituradora absoluta de jugadores y entrenadores<\/strong>\u00ab, ha analizado.<\/p>\n<p class=\"ft-text\">En su opini\u00f3n, <strong>el caso del Real Zaragoza es \u00abdigno de an\u00e1lisis\u00bb <\/strong>porque, ha dicho, \u00abel f\u00fatbol espa\u00f1ol no puede perder un club como el Real Zaragoza\u00bb. Porque el contexto actual, a nivel deportivo y tambi\u00e9n con la masa social, <strong>preocupa dentro y fuera de Zaragoza, dentro y fuera de Arag\u00f3n<\/strong>. Como ya ocurriera en el pasado con otros clubs hist\u00f3ricos que a\u00f1os despu\u00e9s resurgieron y otros que llegaron a desaparecer, la senda iniciada este a\u00f1o est\u00e1 bajo la lupa de todos los analistas que siguen el f\u00fatbol espa\u00f1ol.<\/p>\n<p class=\"ft-text\">Esto es as\u00ed porque <strong>no da s\u00edntomas de recuperaci\u00f3n<\/strong> y los pr\u00f3ximos partidos son ante rivales que est\u00e1n muy fuertes, como el Sporting que lleva dos victorias consecutivas o el Deportivo que est\u00e1 en la zona alta de la tabla. Y porque la afici\u00f3n ahora ha dado el paso de llevar su enfado m\u00e1s all\u00e1 de la grada, una comuni\u00f3n que a la entidad y al equipo le interesa recuperar cuanto antes.<\/p>\n","protected":false},"excerpt":{"rendered":"La dram\u00e1tica situaci\u00f3n del Real Zaragoza est\u00e1 provocando una oleada de reacciones en toda Espa\u00f1a por su preocupante&hellip;\n","protected":false},"author":2,"featured_media":189613,"comment_status":"","ping_status":"","sticky":false,"template":"","format":"standard","meta":{"footnotes":""},"categories":[268],"tags":[1798,4170,168,25,24,280,282,53075,3486,798,799,281,23,167,491],"class_list":{"0":"post-189612","1":"post","2":"type-post","3":"status-publish","4":"format-standard","5":"has-post-thumbnail","7":"category-futbol","8":"tag-club","9":"tag-crisis","10":"tag-deportes","11":"tag-es","12":"tag-espana","13":"tag-football","14":"tag-futbol","15":"tag-profunda","16":"tag-provoca","17":"tag-real","18":"tag-real-zaragoza","19":"tag-soccer","20":"tag-spain","21":"tag-sports","22":"tag-zaragoza"},"share_on_mastodon":{"url":"https:\/\/pubeurope.com\/@es\/115407221245871106","error":""},"_links":{"self":[{"href":"https:\/\/www.europesays.com\/es\/wp-json\/wp\/v2\/posts\/189612","targetHints":{"allow":["GET"]}}],"collection":[{"href":"https:\/\/www.europesays.com\/es\/wp-json\/wp\/v2\/posts"}],"about":[{"href":"https:\/\/www.europesays.com\/es\/wp-json\/wp\/v2\/types\/post"}],"author":[{"embeddable":true,"href":"https:\/\/www.europesays.com\/es\/wp-json\/wp\/v2\/users\/2"}],"replies":[{"embeddable":true,"href":"https:\/\/www.europesays.com\/es\/wp-json\/wp\/v2\/comments?post=189612"}],"version-history":[{"count":0,"href":"https:\/\/www.europesays.com\/es\/wp-json\/wp\/v2\/posts\/189612\/revisions"}],"wp:featuredmedia":[{"embeddable":true,"href":"https:\/\/www.europesays.com\/es\/wp-json\/wp\/v2\/media\/189613"}],"wp:attachment":[{"href":"https:\/\/www.europesays.com\/es\/wp-json\/wp\/v2\/media?parent=189612"}],"wp:term":[{"taxonomy":"category","embeddable":true,"href":"https:\/\/www.europesays.com\/es\/wp-json\/wp\/v2\/categories?post=189612"},{"taxonomy":"post_tag","embeddable":true,"href":"https:\/\/www.europesays.com\/es\/wp-json\/wp\/v2\/tags?post=189612"}],"curies":[{"name":"wp","href":"https:\/\/api.w.org\/{rel}","templated":true}]}}