{"id":189621,"date":"2025-10-20T15:38:22","date_gmt":"2025-10-20T15:38:22","guid":{"rendered":"https:\/\/www.europesays.com\/es\/189621\/"},"modified":"2025-10-20T15:38:22","modified_gmt":"2025-10-20T15:38:22","slug":"una-pelicula-con-esencia-canaria-se-cuela-en-el-ranking-de-las-mejores-peliculas-espanolas-del-siglo-xxi","status":"publish","type":"post","link":"https:\/\/www.europesays.com\/es\/189621\/","title":{"rendered":"Una pel\u00edcula con esencia canaria se cuela en el r\u00e1nking de las mejores pel\u00edculas espa\u00f1olas\u00a0del\u00a0siglo\u00a0XXI"},"content":{"rendered":"<p><img fetchpriority=\"high\" class=\"v-a-img\" src=\"https:\/\/www.europesays.com\/es\/wp-content\/uploads\/2025\/10\/fotograma-kjHC-U2303432822848qJB-1200x840@Canarias7.jpg\" loading=\"eager\" decoding=\"async\" alt=\"Recopilaci\u00f3n de protagonistas de algunos de los t\u00edtulos del top 25.\"  width=\"1200\" height=\"840\"\/><\/p>\n<p>Recopilaci\u00f3n de protagonistas de algunos de los t\u00edtulos del top 25.          Fotogramas        <\/p>\n<p>La pel\u00edcula dirigida por Jos\u00e9 Mari Goenaga y Aitor Arregi, Maspalomas, consigue posicionarse como una de las pel\u00edculas por excelencia del cine espa\u00f1ol.<\/p>\n<p><a class=\"v-mdl-ath__fig-a\" href=\"https:\/\/www.canarias7.es\/autor\/canarias7-6545.html\" title=\"CANARIAS7\" rel=\"nofollow noopener\" target=\"_blank\"><br \/>\n<img decoding=\"async\" class=\"v-mdl-ath__img\" src=\"https:\/\/www.europesays.com\/es\/wp-content\/uploads\/2025\/08\/1754689268_701_autor-6545-foto-1.png\" alt=\"CANARIAS7\"\/><br \/>\n<\/a><\/p>\n<p class=\"v-mdl-ath__p v-mdl-ath__p--6\">\nLunes, 20 de octubre 2025, 13:06<\/p>\n<p>| Actualizado 13:55h.<\/p>\n<p class=\"v-p\">&#8216;Los otros&#8217;, &#8216;El laberinto del Fauno&#8217;&#8230; y &#8216;Maspalomas&#8217;. La premiada cinta de Jos\u00e9 Mari Goenaga y Aitor Arregi se cuela entre las <strong>25 mejores pel\u00edculas espa\u00f1olas del siglo XXI<\/strong> que han tenido la capacidad de conectar con el espectador de forma profunda y duradera. <\/p>\n<p class=\"v-p\">Esa capacidad \u00fanica del cine para transmitir historias la premisa bajo la que la revista Fotogramas ha llevado a cabo una votaci\u00f3n entre los miembros de su redacci\u00f3n para seleccionar los t\u00edtulos m\u00e1s destacados de la cinematograf\u00eda nacional desde el a\u00f1o 2001.<\/p>\n<p class=\"v-p\"><strong>&#8216;Maspalomas&#8217; tiene el claro aroma a Canarias<\/strong> y en la que se hace gala de su tolerancia y diversidad. La pel\u00edcula retrata la historia de Vicente, un hombre de 76 a\u00f1os que, tras una ruptura sentimental, inicia una nueva vida en el sur de Gran Canaria. <strong>El filme ofrece un recorrido \u00edntimo por la idiosincrasia de la zona<\/strong>, desde la celebraci\u00f3n del Orgullo hasta la vibrante vida nocturna del centro comercial Yumbo.<\/p>\n<p class=\"v-p\">La pel\u00edcula fue recibida con entusiasmo en el pasado Festival de San Sebasti\u00e1n, celebrado en septiembre, donde cosech\u00f3 elogios tanto de la cr\u00edtica como del p\u00fablico. Su paso por el certamen culmin\u00f3 con la obtenci\u00f3n del <strong>Premio Sebastiane, galard\u00f3n que reconoce aquellas obras que mejor reflejan la realidad del colectivo LGTBI+<\/strong>. <\/p>\n<p class=\"v-p\">En estos 25 a\u00f1os, la cinematograf\u00eda espa\u00f1ola ha consolidado su madurez sin renunciar a la emoci\u00f3n ni a la audacia formal: <strong>pel\u00edculas que dialogan con el cine europeo m\u00e1s prestigioso<\/strong> y, al mismo tiempo, con las ra\u00edces de una identidad art\u00edstica que no teme ni a la memoria ni a la imaginaci\u00f3n.<\/p>\n<p>Las 25 mejores pel\u00edcula espa\u00f1olas del siglo XXI<\/p>\n<ol class=\"v-cmp-u-b__u\">\n<li class=\"v-cmp-u-b__l\">\n<p class=\"v-nbr\">1\u00ba<\/p>\n<p>                        <img decoding=\"async\" loading=\"lazy\" src=\"https:\/\/www.europesays.com\/es\/wp-content\/uploads\/2025\/10\/otros-kjHC--80x80@Canarias7.jpg\" class=\"v-cmp-u-b__img\" width=\"80\" height=\"80\" alt=\"Imagen principal - Los otros\"\/><\/p>\n<p>\nAlejandro Amen\u00e1bar, 2001\n<\/p>\n<p>Los otros<\/p>\n<\/li>\n<\/ol>\n<ol class=\"v-cmp-u-b__u\">\n<li class=\"v-cmp-u-b__l\">\n<p class=\"v-nbr\">2\u00ba<\/p>\n<p>                        <img decoding=\"async\" loading=\"lazy\" src=\"https:\/\/www.europesays.com\/es\/wp-content\/uploads\/2025\/10\/isla-minima.jpg\" class=\"v-cmp-u-b__img\" width=\"80\" height=\"80\" alt=\"Imagen principal - La isla m\u00ednima\"\/><\/p>\n<p>\nAlberto Rodr\u00edguez, 2014\n<\/p>\n<p>La isla m\u00ednima<\/p>\n<\/li>\n<\/ol>\n<ol class=\"v-cmp-u-b__u\">\n<li class=\"v-cmp-u-b__l\">\n<p class=\"v-nbr\">3\u00ba<\/p>\n<p>                        <img decoding=\"async\" loading=\"lazy\" src=\"https:\/\/www.europesays.com\/es\/wp-content\/uploads\/2025\/10\/as-bestas-kjHC--80x80@Canarias7.jpg\" class=\"v-cmp-u-b__img\" width=\"80\" height=\"80\" alt=\"Imagen principal - As bestas\"\/><\/p>\n<p>\nRodrigo Sorogoyen, 2022\n<\/p>\n<p>As bestas<\/p>\n<\/li>\n<\/ol>\n<ol class=\"v-cmp-u-b__u\">\n<li class=\"v-cmp-u-b__l\">\n<p class=\"v-nbr\">4\u00ba<\/p>\n<p>                        <img decoding=\"async\" loading=\"lazy\" src=\"https:\/\/www.europesays.com\/es\/wp-content\/uploads\/2025\/10\/sociedad-nieve-kjHC--80x80@Canarias7.jpg\" class=\"v-cmp-u-b__img\" width=\"80\" height=\"80\" alt=\"Imagen principal - La sociedad de la nieve\"\/><\/p>\n<p>\nJ. A. Bayona, 2023\n<\/p>\n<p>La sociedad de la nieve<\/p>\n<\/li>\n<\/ol>\n<ol class=\"v-cmp-u-b__u\">\n<li class=\"v-cmp-u-b__l\">\n<p class=\"v-nbr\">5\u00ba<\/p>\n<p>                        <img decoding=\"async\" loading=\"lazy\" src=\"https:\/\/www.europesays.com\/es\/wp-content\/uploads\/2025\/10\/laberinto-del-fauno-kjHC--80x80@Canarias7.jpg\" class=\"v-cmp-u-b__img\" width=\"80\" height=\"80\" alt=\"Imagen principal - El laberinto del fauno\"\/><\/p>\n<p>\nGuillermo del Toro, 2006\n<\/p>\n<p>El laberinto del fauno<\/p>\n<\/li>\n<\/ol>\n<ol class=\"v-cmp-u-b__u\">\n<li class=\"v-cmp-u-b__l\">\n<p class=\"v-nbr\">6\u00ba<\/p>\n<p>                        <img decoding=\"async\" loading=\"lazy\" src=\"https:\/\/www.europesays.com\/es\/wp-content\/uploads\/2025\/10\/dolor-gloria-kjHC--80x80@Canarias7.jpg\" class=\"v-cmp-u-b__img\" width=\"80\" height=\"80\" alt=\"Imagen principal - Dolor y gloria\"\/><\/p>\n<p>\nPedro Almod\u00f3var, 2019\n<\/p>\n<p>Dolor y gloria<\/p>\n<\/li>\n<\/ol>\n<ol class=\"v-cmp-u-b__u\">\n<li class=\"v-cmp-u-b__l\">\n<p class=\"v-nbr\">7\u00ba<\/p>\n<p>                        <img decoding=\"async\" loading=\"lazy\" src=\"https:\/\/www.europesays.com\/es\/wp-content\/uploads\/2025\/10\/mis-ojos-kjHC--80x80@Canarias7.jpg\" class=\"v-cmp-u-b__img\" width=\"80\" height=\"80\" alt=\"Imagen principal - Te doy mis ojos\"\/><\/p>\n<p>\nIc\u00edar Bolla\u00edn, 2003\n<\/p>\n<p>Te doy mis ojos<\/p>\n<\/li>\n<\/ol>\n<ol class=\"v-cmp-u-b__u\">\n<li class=\"v-cmp-u-b__l\">\n<p class=\"v-nbr\">8\u00ba<\/p>\n<p>                        <img decoding=\"async\" loading=\"lazy\" src=\"https:\/\/www.europesays.com\/es\/wp-content\/uploads\/2025\/10\/Mi_vida_sin_mai-kjHC--80x80@Canarias7.jpg\" class=\"v-cmp-u-b__img\" width=\"80\" height=\"80\" alt=\"Imagen principal - Mi vida sin m\u00ed\"\/><\/p>\n<p>\nIsabel Coixet, 2003\n<\/p>\n<p>Mi vida sin m\u00ed<\/p>\n<\/li>\n<\/ol>\n<ol class=\"v-cmp-u-b__u\">\n<li class=\"v-cmp-u-b__l\">\n<p class=\"v-nbr\">9\u00ba<\/p>\n<p>                        <img decoding=\"async\" loading=\"lazy\" src=\"https:\/\/www.europesays.com\/es\/wp-content\/uploads\/2025\/10\/lunes-sol-kjHC--80x80@Canarias7.jpg\" class=\"v-cmp-u-b__img\" width=\"80\" height=\"80\" alt=\"Imagen principal - Los lunes al sol\"\/><\/p>\n<p>\nFernando Le\u00f3n de Aranoa, 2002\n<\/p>\n<p>Los lunes al sol<\/p>\n<\/li>\n<\/ol>\n<ol class=\"v-cmp-u-b__u\">\n<li class=\"v-cmp-u-b__l\">\n<p class=\"v-nbr\">10\u00ba<\/p>\n<p>                        <img decoding=\"async\" loading=\"lazy\" src=\"https:\/\/www.europesays.com\/es\/wp-content\/uploads\/2025\/10\/tarde-ira-U23048242652lvC--80x80@Canarias7.jpg\" class=\"v-cmp-u-b__img\" width=\"80\" height=\"80\" alt=\"Imagen principal - Tarde para la ira\"\/><\/p>\n<p>\nRa\u00fal Ar\u00e9valo, 2016\n<\/p>\n<p>Tarde para la ira<\/p>\n<\/li>\n<\/ol>\n<ol class=\"v-cmp-u-b__u\">\n<li class=\"v-cmp-u-b__l\">\n<p class=\"v-nbr\">11\u00ba<\/p>\n<p>                        <img decoding=\"async\" loading=\"lazy\" src=\"https:\/\/www.europesays.com\/es\/wp-content\/uploads\/2025\/10\/girl-kjHC--80x80@Canarias7.jpg\" class=\"v-cmp-u-b__img\" width=\"80\" height=\"80\" alt=\"Imagen principal - Magical Girl\"\/><\/p>\n<p>\nCarlos Vermut, 2014\n<\/p>\n<p>Magical Girl<\/p>\n<\/li>\n<\/ol>\n<ol class=\"v-cmp-u-b__u\">\n<li class=\"v-cmp-u-b__l\">\n<p class=\"v-nbr\">12\u00ba<\/p>\n<p>                        <img decoding=\"async\" loading=\"lazy\" src=\"https:\/\/www.europesays.com\/es\/wp-content\/uploads\/2025\/10\/celda-221-kjHC--80x80@Canarias7.jpg\" class=\"v-cmp-u-b__img\" width=\"80\" height=\"80\" alt=\"Imagen principal - Celda 221\"\/><\/p>\n<p>\nDaniel Monz\u00f3n, 2009\n<\/p>\n<p>Celda 221<\/p>\n<\/li>\n<\/ol>\n<ol class=\"v-cmp-u-b__u\">\n<li class=\"v-cmp-u-b__l\">\n<p class=\"v-nbr\">13\u00ba<\/p>\n<p>                        <img decoding=\"async\" loading=\"lazy\" src=\"https:\/\/www.europesays.com\/es\/wp-content\/uploads\/2025\/10\/verano-kjHC--80x80@Canarias7.jpg\" class=\"v-cmp-u-b__img\" width=\"80\" height=\"80\" alt=\"Imagen principal - Verano 1993\"\/><\/p>\n<p>\nCarla Sim\u00f3n, 2017\n<\/p>\n<p>Verano 1993<\/p>\n<\/li>\n<\/ol>\n<ol class=\"v-cmp-u-b__u\">\n<li class=\"v-cmp-u-b__l\">\n<p class=\"v-nbr\">14\u00ba<\/p>\n<p>                        <img decoding=\"async\" loading=\"lazy\" src=\"https:\/\/www.europesays.com\/es\/wp-content\/uploads\/2025\/10\/rec-kjHC--80x80@Canarias7.jpg\" class=\"v-cmp-u-b__img\" width=\"80\" height=\"80\" alt=\"Imagen principal - REC\"\/><\/p>\n<p>\nJaime Balaguer\u00f3 y Paco Plaza, 2007\n<\/p>\n<p>REC<\/p>\n<\/li>\n<\/ol>\n<ol class=\"v-cmp-u-b__u\">\n<li class=\"v-cmp-u-b__l\">\n<p class=\"v-nbr\">15\u00ba<\/p>\n<p>                        <img decoding=\"async\" loading=\"lazy\" src=\"https:\/\/www.europesays.com\/es\/wp-content\/uploads\/2025\/10\/novia-kjHC--80x80@Canarias7.jpg\" class=\"v-cmp-u-b__img\" width=\"80\" height=\"80\" alt=\"Imagen principal - La novia\"\/><\/p>\n<p>\nPaula Ortiz, 2015\n<\/p>\n<p>La novia<\/p>\n<\/li>\n<\/ol>\n<ol class=\"v-cmp-u-b__u\">\n<li class=\"v-cmp-u-b__l\">\n<p class=\"v-nbr\">16\u00ba<\/p>\n<p>                        <img decoding=\"async\" loading=\"lazy\" src=\"https:\/\/www.europesays.com\/es\/wp-content\/uploads\/2025\/10\/robot-dreams-kjHC--80x80@Canarias7.jpg\" class=\"v-cmp-u-b__img\" width=\"80\" height=\"80\" alt=\"Imagen principal - Robot Dreams\"\/><\/p>\n<p>\nPablo Beguer, 2023\n<\/p>\n<p>Robot Dreams<\/p>\n<\/li>\n<\/ol>\n<ol class=\"v-cmp-u-b__u\">\n<li class=\"v-cmp-u-b__l\">\n<p class=\"v-nbr\">17\u00ba<\/p>\n<p>                        <img decoding=\"async\" loading=\"lazy\" src=\"https:\/\/www.europesays.com\/es\/wp-content\/uploads\/2025\/10\/crimen-kjHC--80x80@Canarias7.jpg\" class=\"v-cmp-u-b__img\" width=\"80\" height=\"80\" alt=\"Imagen principal - Los cronocr\u00edmenes\"\/><\/p>\n<p>\nNacho Vigalondo, 2007\n<\/p>\n<p>Los cronocr\u00edmenes<\/p>\n<\/li>\n<\/ol>\n<ol class=\"v-cmp-u-b__u\">\n<li class=\"v-cmp-u-b__l\">\n<p class=\"v-nbr\">18\u00ba<\/p>\n<p>                        <img decoding=\"async\" loading=\"lazy\" src=\"https:\/\/www.europesays.com\/es\/wp-content\/uploads\/2025\/10\/caja-507-kjHC--80x80@Canarias7.jpg\" class=\"v-cmp-u-b__img\" width=\"80\" height=\"80\" alt=\"Imagen principal - La caja 507\"\/><\/p>\n<p>\nEnrique Urbizu, 2002\n<\/p>\n<p>La caja 507<\/p>\n<\/li>\n<\/ol>\n<ol class=\"v-cmp-u-b__u\">\n<li class=\"v-cmp-u-b__l\">\n<p class=\"v-nbr\">19\u00ba<\/p>\n<p>                        <img decoding=\"async\" loading=\"lazy\" src=\"https:\/\/www.europesays.com\/es\/wp-content\/uploads\/2025\/10\/espiritu-sagrado-kjHC--80x80@Canarias7.jpg\" class=\"v-cmp-u-b__img\" width=\"80\" height=\"80\" alt=\"Imagen principal - Esp\u00edritu sagrado\"\/><\/p>\n<p>\nChema Garc\u00eda Ibarra, 2021\n<\/p>\n<p>Esp\u00edritu sagrado<\/p>\n<\/li>\n<\/ol>\n<ol class=\"v-cmp-u-b__u\">\n<li class=\"v-cmp-u-b__l\">\n<p class=\"v-nbr\">20\u00ba<\/p>\n<p>                        <img decoding=\"async\" loading=\"lazy\" src=\"https:\/\/www.europesays.com\/es\/wp-content\/uploads\/2025\/10\/balada-trompeta-kjHC--80x80@Canarias7.jpg\" class=\"v-cmp-u-b__img\" width=\"80\" height=\"80\" alt=\"Imagen principal - Balada triste de trompeta\"\/><\/p>\n<p>\n\u00c1lex de la Iglesia, 2010\n<\/p>\n<p>Balada triste de trompeta<\/p>\n<\/li>\n<\/ol>\n<ol class=\"v-cmp-u-b__u\">\n<li class=\"v-cmp-u-b__l\">\n<p class=\"v-nbr\">21\u00ba<\/p>\n<p>                        <img decoding=\"async\" loading=\"lazy\" src=\"https:\/\/www.europesays.com\/es\/wp-content\/uploads\/2025\/10\/maspalomas-kjHC--80x80@Canarias7.jpg\" class=\"v-cmp-u-b__img\" width=\"80\" height=\"80\" alt=\"Imagen principal - Maspalomas\"\/><\/p>\n<p>\nJos\u00e9 Mari Goenaga y Aitor Arregi, 2025\n<\/p>\n<p>Maspalomas<\/p>\n<\/li>\n<\/ol>\n<ol class=\"v-cmp-u-b__u\">\n<li class=\"v-cmp-u-b__l\">\n<p class=\"v-nbr\">22\u00ba<\/p>\n<p>                        <img decoding=\"async\" loading=\"lazy\" src=\"https:\/\/www.europesays.com\/es\/wp-content\/uploads\/2025\/10\/saben-aquell-kjHC--80x80@Canarias7.jpg\" class=\"v-cmp-u-b__img\" width=\"80\" height=\"80\" alt=\"Imagen principal - Saben aquell\"\/><\/p>\n<p>\nDavid Trueba, 2023\n<\/p>\n<p>Saben aquell<\/p>\n<\/li>\n<\/ol>\n<ol class=\"v-cmp-u-b__u\">\n<li class=\"v-cmp-u-b__l\">\n<p class=\"v-nbr\">23\u00ba<\/p>\n<p>                        <img decoding=\"async\" loading=\"lazy\" src=\"https:\/\/www.europesays.com\/es\/wp-content\/uploads\/2025\/10\/chicoyrita-kjHC--80x80@Canarias7.jpg\" class=\"v-cmp-u-b__img\" width=\"80\" height=\"80\" alt=\"Imagen principal - Chico y Rita\"\/><\/p>\n<p>\nFernando Trueba, Javier Mariscal y Tono Errando, 2010\n<\/p>\n<p>Chico y Rita<\/p>\n<\/li>\n<\/ol>\n<ol class=\"v-cmp-u-b__u\">\n<li class=\"v-cmp-u-b__l\">\n<p class=\"v-nbr\">24\u00ba<\/p>\n<p>                        <img decoding=\"async\" loading=\"lazy\" src=\"https:\/\/www.europesays.com\/es\/wp-content\/uploads\/2025\/10\/truman-kjHC--80x80@Canarias7.jpg\" class=\"v-cmp-u-b__img\" width=\"80\" height=\"80\" alt=\"Imagen principal - Truman\"\/><\/p>\n<p>\nCesc Gay, 2015\n<\/p>\n<p>Truman<\/p>\n<\/li>\n<\/ol>\n<ol class=\"v-cmp-u-b__u\">\n<li class=\"v-cmp-u-b__l\">\n<p class=\"v-nbr\">25\u00ba<\/p>\n<p>                        <img decoding=\"async\" loading=\"lazy\" src=\"https:\/\/www.europesays.com\/es\/wp-content\/uploads\/2025\/10\/campeones-kjHC--80x80@Canarias7.jpg\" class=\"v-cmp-u-b__img\" width=\"80\" height=\"80\" alt=\"Imagen principal - Campeones\"\/><\/p>\n<p>\nJavier Fesser, 2018\n<\/p>\n<p>Campeones<\/p>\n<\/li>\n<\/ol>\n<p>Reporta un error<\/p>\n","protected":false},"excerpt":{"rendered":"Recopilaci\u00f3n de protagonistas de algunos de los t\u00edtulos del top 25. Fotogramas La pel\u00edcula dirigida por Jos\u00e9 Mari&hellip;\n","protected":false},"author":2,"featured_media":189622,"comment_status":"","ping_status":"","sticky":false,"template":"","format":"standard","meta":{"footnotes":""},"categories":[169],"tags":[7221,177,29651,146,147,25,10506,24,9767,176,804,175,1257,753,6817,9218,23,23098],"class_list":{"0":"post-189621","1":"post","2":"type-post","3":"status-publish","4":"format-standard","5":"has-post-thumbnail","7":"category-cine","8":"tag-canaria","9":"tag-cine","10":"tag-colado","11":"tag-entertainment","12":"tag-entretenimiento","13":"tag-es","14":"tag-esencia","15":"tag-espana","16":"tag-espanolas","17":"tag-film","18":"tag-mejores","19":"tag-movies","20":"tag-pelicula","21":"tag-peliculas","22":"tag-ranking","23":"tag-siglo","24":"tag-spain","25":"tag-xxi"},"share_on_mastodon":{"url":"https:\/\/pubeurope.com\/@es\/115407245803430439","error":""},"_links":{"self":[{"href":"https:\/\/www.europesays.com\/es\/wp-json\/wp\/v2\/posts\/189621","targetHints":{"allow":["GET"]}}],"collection":[{"href":"https:\/\/www.europesays.com\/es\/wp-json\/wp\/v2\/posts"}],"about":[{"href":"https:\/\/www.europesays.com\/es\/wp-json\/wp\/v2\/types\/post"}],"author":[{"embeddable":true,"href":"https:\/\/www.europesays.com\/es\/wp-json\/wp\/v2\/users\/2"}],"replies":[{"embeddable":true,"href":"https:\/\/www.europesays.com\/es\/wp-json\/wp\/v2\/comments?post=189621"}],"version-history":[{"count":0,"href":"https:\/\/www.europesays.com\/es\/wp-json\/wp\/v2\/posts\/189621\/revisions"}],"wp:featuredmedia":[{"embeddable":true,"href":"https:\/\/www.europesays.com\/es\/wp-json\/wp\/v2\/media\/189622"}],"wp:attachment":[{"href":"https:\/\/www.europesays.com\/es\/wp-json\/wp\/v2\/media?parent=189621"}],"wp:term":[{"taxonomy":"category","embeddable":true,"href":"https:\/\/www.europesays.com\/es\/wp-json\/wp\/v2\/categories?post=189621"},{"taxonomy":"post_tag","embeddable":true,"href":"https:\/\/www.europesays.com\/es\/wp-json\/wp\/v2\/tags?post=189621"}],"curies":[{"name":"wp","href":"https:\/\/api.w.org\/{rel}","templated":true}]}}