{"id":189623,"date":"2025-10-20T15:39:12","date_gmt":"2025-10-20T15:39:12","guid":{"rendered":"https:\/\/www.europesays.com\/es\/189623\/"},"modified":"2025-10-20T15:39:12","modified_gmt":"2025-10-20T15:39:12","slug":"el-ciclista-cordobes-alfonso-cabello-sigue-agrandando-su-leyenda","status":"publish","type":"post","link":"https:\/\/www.europesays.com\/es\/189623\/","title":{"rendered":"El ciclista cordob\u00e9s Alfonso Cabello sigue agrandando su leyenda"},"content":{"rendered":"<p style=\"\">El ciclista ramble\u00f1o <strong>Alfonso Cabello<\/strong> no para de cosechar alegr\u00edas para el deportes cordob\u00e9s. Tras varias jornadas al m\u00e1ximo nivel, eu participaci\u00f3n en el Mundial Paral\u00edmpico de Ciclismo en Pista celebrado en R\u00edo de Janeiro (Brasil) ha estado plagada de triunfos, todo ello en  &#8230; una cita en donde <strong>se proclam\u00f3 campe\u00f3n del mundo<\/strong> del kil\u00f3metro contrarreloj en la categor\u00eda C5. <\/p>\n<p class=\"voc-p\" style=\"\">Adem\u00e1s, tambi\u00e9n logr\u00f3 el tercer puesto en la prueba sprint de esta misma modalidad y finalmente puso el broche a su camino por tierras brasile\u00f1as <strong>con un nuevo bronce<\/strong> en la prueba por equipos mixtos de Velocidad junto a Isabel Yinghua Hern\u00e1ndez, Eduardo Santas y Pablo Jaramillo.<\/p>\n<p class=\"voc-p\" style=\"\">Respecto a esta \u00faltima cita, el cordob\u00e9s fue parte vitalicia <strong>en la fase clasificatoria<\/strong> para que el combinado espa\u00f1ol tuviera opciones de medalla, logrando una marca final 51.849 segundos en la Espa\u00f1a <strong>luchar\u00eda por el bronce<\/strong> en un mano a mano ante Brasil, la selecci\u00f3n anfitriona. Con todo por decidir, <strong>Pablo Jaramillo sustituy\u00f3 a Alfonso Cabello en esta \u00faltima cita<\/strong>. Sin embargo el ciclista madrile\u00f1o estuvo a la altura para que junto Isabel Yinghua Hern\u00e1ndez y Eduardo Santas pudieran superar a los brasile\u00f1os con un tiempo para sumar el \u00faltimo metal para la delegaci\u00f3n espa\u00f1ola; el noveno dentro del c\u00f3mputo general. <\/p>\n<p>\nUn talento sin l\u00edmites\n<\/p>\n<p class=\"voc-p\" style=\"\">Tras esta cita intercontinental, la leyenda de Alfonso Cabello <a href=\"https:\/\/www.abc.es\/espana\/andalucia\/cordoba\/cordobes-alfonso-cabello-seleccionado-espana-discapacidad-europeo-20220724101906-nts.html\" target=\"_self\" data-voc-vtm-id=\"in-text-traffic\" title=\"sigue alarg\u00e1ndose y parece no tener l\u00edmite\" data-mrf-link=\"www.abc.es\" rel=\"nofollow noopener\">sigue alarg\u00e1ndose y parece no tener l\u00edmite<\/a>. Con el oro logrado en la prueba del kilometro, el ramble\u00f1o se ha logrado <strong>el cetro mundial en siete ocasiones<\/strong>, adem\u00e1s de dos platas y dos bronces. En la prueba por equipos, en 2014 fue campe\u00f3n del mundo, un \u00e9xito al que le acompa\u00f1ar\u00edan posteriormente dos platas y dos bronces. M\u00e1s recientemente, tambi\u00e9n se alz\u00f3 con su <strong>duod\u00e9cimo t\u00edtulo nacional del kil\u00f3metro<\/strong>.<\/p>\n<p class=\"voc-p\" style=\"\">Gracias a su figura, C\u00f3rdoba tambi\u00e9n ha podido estar<strong> en lo m\u00e1s alto de los Juegos Paral\u00edmpicos<\/strong>. En 2012 realiz\u00f3 la gesta con tan solo 18 a\u00f1os de lograr su primer oro ol\u00edmpico en Londres en su especialidad, en la prueba del kil\u00f3metro. Esta medalla volver\u00eda a lograrla nuevamente en Tokio 2020, cita donde registr\u00f3 el r\u00e9cord mundial con un incre\u00edble tiempo de 1:01.557 y bati\u00f3 su propia marca. <a href=\"https:\/\/www.abc.es\/espana\/andalucia\/cordoba\/alfonso-cabello-agranda-leyenda-plata-equipos-paris-20240901134846-nts.html\" target=\"_self\" data-voc-vtm-id=\"in-text-traffic\" title=\"Finalizando su palmar\u00e9s ol\u00edmpico\" data-mrf-link=\"www.abc.es\" rel=\"nofollow noopener\">Finalizando su palmar\u00e9s ol\u00edmpico<\/a>, en Paris 2024 logr\u00f3 una plata, materializando adem\u00e1s dos terceros puestos en Brasil 2016 y un \u00fanico bronce en Tokio y Paris. <\/p>\n<p class=\"voc-p\" style=\"\">Dentro de su condecorada carrera siempre ha estado siempre rompiendo barreras, prueba de ello son sus \u00e9xitos en campeonatos de Espa\u00f1a en los que<strong> ha pugnado con deportistas sin discapacidad<\/strong>, demostrando as\u00ed su gigantesco talento sobre el vel\u00f3dromo. M\u00e1s concretamente, <strong>logr\u00f3 el oro en la prueba por equipos en 2020<\/strong>, junto a una plata y dos bronces en la modalidad individual.<\/p>\n<p class=\"voc-p\" style=\"\">Adem\u00e1s, La Rambla decidi\u00f3 <strong>rotular una calle<\/strong> con el nombre de &#8216;Ciclista Alfonso Cabello Llamas&#8217; para reconocer la figura de su querido vecino que siempre ha llevado el nombre del municipio por todo el mundo.<\/p>\n","protected":false},"excerpt":{"rendered":"El ciclista ramble\u00f1o Alfonso Cabello no para de cosechar alegr\u00edas para el deportes cordob\u00e9s. Tras varias jornadas al&hellip;\n","protected":false},"author":2,"featured_media":189624,"comment_status":"","ping_status":"","sticky":false,"template":"","format":"standard","meta":{"footnotes":""},"categories":[93],"tags":[18583,18343,16885,500,168,25,24,1070,2599,23,167],"class_list":{"0":"post-189623","1":"post","2":"type-post","3":"status-publish","4":"format-standard","5":"has-post-thumbnail","7":"category-deportes","8":"tag-alfonso","9":"tag-bronce","10":"tag-cabello","11":"tag-cierra","12":"tag-deportes","13":"tag-es","14":"tag-espana","15":"tag-mundial","16":"tag-participacion","17":"tag-spain","18":"tag-sports"},"share_on_mastodon":{"url":"https:\/\/pubeurope.com\/@es\/115407248838963868","error":""},"_links":{"self":[{"href":"https:\/\/www.europesays.com\/es\/wp-json\/wp\/v2\/posts\/189623","targetHints":{"allow":["GET"]}}],"collection":[{"href":"https:\/\/www.europesays.com\/es\/wp-json\/wp\/v2\/posts"}],"about":[{"href":"https:\/\/www.europesays.com\/es\/wp-json\/wp\/v2\/types\/post"}],"author":[{"embeddable":true,"href":"https:\/\/www.europesays.com\/es\/wp-json\/wp\/v2\/users\/2"}],"replies":[{"embeddable":true,"href":"https:\/\/www.europesays.com\/es\/wp-json\/wp\/v2\/comments?post=189623"}],"version-history":[{"count":0,"href":"https:\/\/www.europesays.com\/es\/wp-json\/wp\/v2\/posts\/189623\/revisions"}],"wp:featuredmedia":[{"embeddable":true,"href":"https:\/\/www.europesays.com\/es\/wp-json\/wp\/v2\/media\/189624"}],"wp:attachment":[{"href":"https:\/\/www.europesays.com\/es\/wp-json\/wp\/v2\/media?parent=189623"}],"wp:term":[{"taxonomy":"category","embeddable":true,"href":"https:\/\/www.europesays.com\/es\/wp-json\/wp\/v2\/categories?post=189623"},{"taxonomy":"post_tag","embeddable":true,"href":"https:\/\/www.europesays.com\/es\/wp-json\/wp\/v2\/tags?post=189623"}],"curies":[{"name":"wp","href":"https:\/\/api.w.org\/{rel}","templated":true}]}}