{"id":189639,"date":"2025-10-20T15:47:08","date_gmt":"2025-10-20T15:47:08","guid":{"rendered":"https:\/\/www.europesays.com\/es\/189639\/"},"modified":"2025-10-20T15:47:08","modified_gmt":"2025-10-20T15:47:08","slug":"marcos-fis-sustituye-al-lesionado-alex-dujshebaev-para-el-doble-amistoso-ante-suecia","status":"publish","type":"post","link":"https:\/\/www.europesays.com\/es\/189639\/","title":{"rendered":"Marcos Fis sustituye al lesionado Alex Dujshebaev para el doble amistoso ante Suecia"},"content":{"rendered":"<p>    MADRID 20 Oct. (EUROPA PRESS) &#8211;     El lateral del Fraikin Granollers Marcos Fis sustituir\u00e1 al lesionado Alex Dujshebaev (Kielce) en la lista de Jordi Ribera para los dos amistosos de la selecci\u00f3n espa\u00f1ola de balonmano ante Suecia de la pr\u00f3xima semana, seg\u00fan confirm\u00f3 este lunes la RFEBM.<\/p>\n<p>   El jugador nacido en Ciudad Real, que ya debut\u00f3 con los &#8216;Hispanos&#8217; el pasado 11 de mayo en el clasificatorio para el Europeo de 2026 ante Letonia, est\u00e1 firmando un buen arranque de temporada con el conjunto catal\u00e1n y recibe el premio de esta convocatoria para el doble duelo ante el combinado sueco los d\u00edas 30 de octubre y 1 de noviembre.<\/p>\n","protected":false},"excerpt":{"rendered":"MADRID 20 Oct. (EUROPA PRESS) &#8211; El lateral del Fraikin Granollers Marcos Fis sustituir\u00e1 al lesionado Alex Dujshebaev&hellip;\n","protected":false},"author":2,"featured_media":189640,"comment_status":"","ping_status":"","sticky":false,"template":"","format":"standard","meta":{"footnotes":""},"categories":[278],"tags":[376,168,25,24,375,23,167],"class_list":{"0":"post-189639","1":"post","2":"type-post","3":"status-publish","4":"format-standard","5":"has-post-thumbnail","7":"category-balonmano","8":"tag-balonmano","9":"tag-deportes","10":"tag-es","11":"tag-espana","12":"tag-handball","13":"tag-spain","14":"tag-sports"},"share_on_mastodon":{"url":"https:\/\/pubeurope.com\/@es\/115407280241841068","error":""},"_links":{"self":[{"href":"https:\/\/www.europesays.com\/es\/wp-json\/wp\/v2\/posts\/189639","targetHints":{"allow":["GET"]}}],"collection":[{"href":"https:\/\/www.europesays.com\/es\/wp-json\/wp\/v2\/posts"}],"about":[{"href":"https:\/\/www.europesays.com\/es\/wp-json\/wp\/v2\/types\/post"}],"author":[{"embeddable":true,"href":"https:\/\/www.europesays.com\/es\/wp-json\/wp\/v2\/users\/2"}],"replies":[{"embeddable":true,"href":"https:\/\/www.europesays.com\/es\/wp-json\/wp\/v2\/comments?post=189639"}],"version-history":[{"count":0,"href":"https:\/\/www.europesays.com\/es\/wp-json\/wp\/v2\/posts\/189639\/revisions"}],"wp:featuredmedia":[{"embeddable":true,"href":"https:\/\/www.europesays.com\/es\/wp-json\/wp\/v2\/media\/189640"}],"wp:attachment":[{"href":"https:\/\/www.europesays.com\/es\/wp-json\/wp\/v2\/media?parent=189639"}],"wp:term":[{"taxonomy":"category","embeddable":true,"href":"https:\/\/www.europesays.com\/es\/wp-json\/wp\/v2\/categories?post=189639"},{"taxonomy":"post_tag","embeddable":true,"href":"https:\/\/www.europesays.com\/es\/wp-json\/wp\/v2\/tags?post=189639"}],"curies":[{"name":"wp","href":"https:\/\/api.w.org\/{rel}","templated":true}]}}