{"id":189641,"date":"2025-10-20T15:48:19","date_gmt":"2025-10-20T15:48:19","guid":{"rendered":"https:\/\/www.europesays.com\/es\/189641\/"},"modified":"2025-10-20T15:48:19","modified_gmt":"2025-10-20T15:48:19","slug":"plaza-de-toros-hoy-lunes-20-de-octubre-en-valencia-capital-radio-94-5-fm-avance-taurino","status":"publish","type":"post","link":"https:\/\/www.europesays.com\/es\/189641\/","title":{"rendered":"\u201cPlaza de Toros\u201d, hoy lunes 20 de octubre, en Valencia Capital Radio (94.5 FM) \u2013 Avance Taurino"},"content":{"rendered":"<p>\t<img fetchpriority=\"high\" decoding=\"async\" class=\"preload-me lazy-load aspect\" src=\"https:\/\/www.europesays.com\/es\/wp-content\/uploads\/2025\/10\/IMG_20230927_083708.jpg\"  loading=\"eager\" style=\"--ratio: 490 \/ 617\"  width=\"490\" height=\"617\" title=\"IMG_20230927_083708\" alt=\"\"\/><\/p>\n<p>El programa <strong>\u201cPlaza de Toros\u201d<\/strong>, de la emisora <strong>Valencia Capital Radio<\/strong>,<br \/>desarrollar\u00e1 <strong>hoy lunes 20 de octubre<\/strong>, en su horario habitual de <strong>19 a 20<\/strong><br \/><strong>horas<\/strong>, los siguientes contenidos;<br \/>\u2022 Nos visitar\u00e1 en los estudios el torero valenciano<strong> V\u00cdCTOR<\/strong><br \/><strong>MANUEL BL\u00c1ZQUEZ<\/strong>, que recientemente se ha retirado<br \/>definitivamente de la profesi\u00f3n y tambi\u00e9n deja su puesto de profesor<br \/>en L\u2019Escola Taurina de Valencia, en la que ha venido ejerciendo<br \/>funciones desde hace a\u00f1os.<br \/>\u2022 Hablaremos con el periodista<strong> FEDERICO ARN\u00c1S<\/strong>, sobre el libro<br \/>que acaba de publicar titulado \u00a1Qu\u00e9 sabr\u00e9 yo\u2026de toros! M\u00e1s de<br \/>trescientas preguntas que todo aficionado se ha hecho alguna vez y<br \/>continuaci\u00f3n del anterior bajo el t\u00edtulo \u00a1Qu\u00e9 sabr\u00e1s t\u00fa\u2026de toros!<br \/>\u2022 En este pen\u00faltimo programa del a\u00f1o seguiremos contando con la<br \/>presencia de aficionados en tiempo de tertulia, para conocer la<br \/>opini\u00f3n que les merece la temporada que acaba de finalizar y las<br \/>previsiones de cara a 2026. En esta ocasi\u00f3n nos visitar\u00e1n <strong>GERM\u00c1N<\/strong><br \/><strong>PE\u00d1UELA<\/strong> y <strong>RAFAEL ROCA.<\/strong><br \/>\u2022 En nuestra secci\u00f3n \u201cCargando la Suerte\u201d,<strong> PACO DELGADO<\/strong> nos<br \/>pondr\u00e1 al corriente de la actualidad taurina y el resultado de los<br \/>\u00faltimos festejos de la temporada.<br \/>Programa:<strong> \u201cPlaza de Toros\u201d<\/strong><br \/>Emisora:<strong> Valencia Capital Radio (94.5 FM), ValenciaCapital.es,<\/strong><br \/><strong>ValenciaCapitalRadio.es.<\/strong> Podcast al poco de finalizar el directo.<br \/>D\u00eda:<strong> Lunes 20 de octubre de 2025.<\/strong><br \/>Hora: <strong>De 19:00 a 20:00 horas.<\/strong><br \/>Presenta y dirige: <strong>Vicente Sobrino<\/strong><\/p>\n<p>Navegaci\u00f3n entre publicacionesPublicaciones relacionadas<\/p>\n","protected":false},"excerpt":{"rendered":"El programa \u201cPlaza de Toros\u201d, de la emisora Valencia Capital Radio,desarrollar\u00e1 hoy lunes 20 de octubre, en su&hellip;\n","protected":false},"author":2,"featured_media":189642,"comment_status":"","ping_status":"","sticky":false,"template":"","format":"standard","meta":{"footnotes":""},"categories":[277],"tags":[373,168,25,24,23,167,374],"class_list":{"0":"post-189641","1":"post","2":"type-post","3":"status-publish","4":"format-standard","5":"has-post-thumbnail","7":"category-toreo","8":"tag-bullfighting","9":"tag-deportes","10":"tag-es","11":"tag-espana","12":"tag-spain","13":"tag-sports","14":"tag-toreo"},"share_on_mastodon":{"url":"https:\/\/pubeurope.com\/@es\/115407284263617989","error":""},"_links":{"self":[{"href":"https:\/\/www.europesays.com\/es\/wp-json\/wp\/v2\/posts\/189641","targetHints":{"allow":["GET"]}}],"collection":[{"href":"https:\/\/www.europesays.com\/es\/wp-json\/wp\/v2\/posts"}],"about":[{"href":"https:\/\/www.europesays.com\/es\/wp-json\/wp\/v2\/types\/post"}],"author":[{"embeddable":true,"href":"https:\/\/www.europesays.com\/es\/wp-json\/wp\/v2\/users\/2"}],"replies":[{"embeddable":true,"href":"https:\/\/www.europesays.com\/es\/wp-json\/wp\/v2\/comments?post=189641"}],"version-history":[{"count":0,"href":"https:\/\/www.europesays.com\/es\/wp-json\/wp\/v2\/posts\/189641\/revisions"}],"wp:featuredmedia":[{"embeddable":true,"href":"https:\/\/www.europesays.com\/es\/wp-json\/wp\/v2\/media\/189642"}],"wp:attachment":[{"href":"https:\/\/www.europesays.com\/es\/wp-json\/wp\/v2\/media?parent=189641"}],"wp:term":[{"taxonomy":"category","embeddable":true,"href":"https:\/\/www.europesays.com\/es\/wp-json\/wp\/v2\/categories?post=189641"},{"taxonomy":"post_tag","embeddable":true,"href":"https:\/\/www.europesays.com\/es\/wp-json\/wp\/v2\/tags?post=189641"}],"curies":[{"name":"wp","href":"https:\/\/api.w.org\/{rel}","templated":true}]}}