{"id":189704,"date":"2025-10-20T16:31:07","date_gmt":"2025-10-20T16:31:07","guid":{"rendered":"https:\/\/www.europesays.com\/es\/189704\/"},"modified":"2025-10-20T16:31:07","modified_gmt":"2025-10-20T16:31:07","slug":"que-dice-la-directiva-que-exime-de-repercutir-el-iva-a-los-autonomos-con-facturacion-de-hasta-85-000-euros","status":"publish","type":"post","link":"https:\/\/www.europesays.com\/es\/189704\/","title":{"rendered":"Qu\u00e9 dice la directiva que exime de repercutir el IVA a los aut\u00f3nomos con facturaci\u00f3n de hasta 85.000 euros"},"content":{"rendered":"<p>El presidente del Partido Popular, Alberto N\u00fa\u00f1ez Feij\u00f3o, <a href=\"https:\/\/x.com\/NunezFeijoo\/status\/1979530048852853130\" rel=\"nofollow\">present\u00f3 este s\u00e1bado<\/a> un Plan Integral de Aut\u00f3nomos que propone \u201ceximir del Impuesto sobre el Valor A\u00f1adido (IVA) a aquellos que ingresen menos de 85.000 euros anuales\u201d, as\u00ed como pasar de una declaraci\u00f3n por trimestre a una al a\u00f1o.\u00a0<\/p>\n<p>Estas propuestas anunciadas por el PP son, seg\u00fan los expertos, \u201cexactamente iguales\u201d a las ya contempladas en la <a href=\"https:\/\/eur-lex.europa.eu\/eli\/dir\/2020\/285\/oj?locale=es\" rel=\"nofollow noopener\" target=\"_blank\">Directiva 2020\/285<\/a> de la Uni\u00f3n Europea, en vigor desde marzo de 2020 y con fecha l\u00edmite de aplicaci\u00f3n a 1 de enero de 2025.<\/p>\n<ul class=\"wp-block-list\">\n<li>Seg\u00fan ha podido saber Newtral.es, previa solicitud de transparencia al Ministerio de Asuntos Exteriores, Uni\u00f3n Europea y Cooperaci\u00f3n, a fecha de septiembre de 2025 Espa\u00f1a a\u00fan no hab\u00eda transpuesto esta directiva a nivel estatal.<\/li>\n<\/ul>\n<p>Desde este medio nos hemos puesto en contacto con el Partido Popular para preguntar sobre este Plan Integral de Aut\u00f3nomos anunciado y su posible similitud con la Directiva 2020\/285, sin haber obtenido respuesta al momento de publicaci\u00f3n de este art\u00edculo.<\/p>\n<p><strong>Contexto.<\/strong> Feij\u00f3o anunci\u00f3 el plan este s\u00e1bado durante una reuni\u00f3n con aut\u00f3nomos en Soria como respuesta al <a href=\"https:\/\/www.rtve.es\/noticias\/20251018\/feijoo-eximira-iva-a-autonomos-ganen-menos-85000-euros-critica-propuesta-sinsentido-del-gobierno\/16776581.shtml\" rel=\"nofollow noopener\" target=\"_blank\">planteamiento<\/a> del Ministerio de Inclusi\u00f3n, Seguridad Social y Migraciones, que puso sobre la mesa la posibilidad de elevar las cuotas a estos trabajadores a partir de 2026, en el marco del sistema de cotizaci\u00f3n por ingresos reales aprobado en 2022.<\/p>\n<ul class=\"wp-block-list\">\n<li>La ministra de Inclusi\u00f3n, Elma Saiz, ha explicado este lunes que su departamento va a plantear ahora una nueva propuesta que pasa por congelar en 2026 los tres primeros tramos de cotizaci\u00f3n de los aut\u00f3nomos frente a las subidas pensadas inicialmente, seg\u00fan EFE.<\/li>\n<\/ul>\n<p><strong>La propuesta de Feij\u00f3o. <\/strong>El l\u00edder popular <a href=\"https:\/\/www.pp.es\/actualidad\/articulos\/feijoo-anuncia-un-plan-integral-de-autonomos-que-eximira-del-iva-a-los-que-ingresen-menos-de-85-000-euros-anuales\/\" rel=\"nofollow noopener\" target=\"_blank\">propuso<\/a> un Plan Integral de Aut\u00f3nomos basado en tres puntos clave: \u201cBajar los impuestos, reducir la burocracia y garantizar la formaci\u00f3n y el relevo generacional\u201d.<\/p>\n<ul class=\"wp-block-list\">\n<li>Entre las medidas anunciadas por Feij\u00f3o se contempla que los trabajadores por cuenta propia pasen \u201cde una declaraci\u00f3n de IVA por trimestre a una al a\u00f1o\u201d y\u00a0 \u201ceximir del pago del IVA a los aut\u00f3nomos con ingresos inferiores a los 85.000 euros anuales\u201d.<\/li>\n<\/ul>\n<p>Seg\u00fan Feij\u00f3o, \u201cllevan trabajando durante meses\u201d en este planteamiento que ahora \u201cest\u00e1n perfeccionando\u201d y que quieren implementar en el caso de llegar al Gobierno, pero antes se votar\u00e1 en las Cortes: \u201cHemos planteado ya en el Senado un conjunto de medidas y vamos a ver si los partidos se retratan\u201d.<\/p>\n<p>Antonio Sanabria, investigador y profesor de Econom\u00eda en la Universidad Complutense de Madrid, explica a Newtral.es que una de las medidas \u201cest\u00e1 mal expresada porque los aut\u00f3nomos no pagan IVA. El IVA se repercute sobre el consumidor final y el vendedor (en este caso los aut\u00f3nomos) lo que hacen es recaudar para el Estado\u201d.<\/p>\n<p><strong>La norma europea.<\/strong> La Directiva (UE) 2020\/285 se aprob\u00f3 el 18 de febrero de 2020 y modifica otro acto legislativo europeo relativo al sistema com\u00fan del impuesto sobre el valor a\u00f1adido, en lo que respecta al r\u00e9gimen especial de las peque\u00f1as empresas, con el objetivo de simplificar las obligaciones fiscales de este sector.\u00a0<\/p>\n<ul class=\"wp-block-list\">\n<li>Una <a href=\"https:\/\/european-union.europa.eu\/institutions-law-budget\/law\/types-legislation_es\" rel=\"nofollow noopener\" target=\"_blank\">directiva<\/a> es una legislaci\u00f3n aprobada por la UE que establece unos objetivos que todos los Estados Miembros deben cumplir. Sin embargo, corresponde a cada pa\u00eds elaborar sus propias leyes para alcanzar esos objetivos, transponi\u00e9ndola a su sistema jur\u00eddico y administrativo.<\/li>\n<\/ul>\n<ul class=\"wp-block-list\">\n<li>En Espa\u00f1a a\u00fan no se ha transpuesto, por lo que no est\u00e1 en vigor, aunque deber\u00e1 hacerlo \u201cporque es de obligado cumplimiento\u201d, se\u00f1ala Sanabria.<\/li>\n<\/ul>\n<p>Esta directiva introdujo un nuevo r\u00e9gimen especial de este impuesto, conocido como \u201cIVA franquiciado\u201d. Sanabria explica que \u201ceste sistema se refiere a la posibilidad de no repercutir el IVA (cobr\u00e1rselo al cliente) para aquellos aut\u00f3nomos que facturen menos de 85.000 euros anuales\u201d. Seg\u00fan la norma, cada Estado puede adem\u00e1s fijar un l\u00edmite inferior si lo considera oportuno.<\/p>\n<ul class=\"wp-block-list\">\n<li>Adem\u00e1s, si una pyme ya est\u00e1 exenta en su pa\u00eds de origen, tambi\u00e9n <a href=\"https:\/\/cepymearagon.es\/la-comision-europea-exige-a-espana-que-aplique-con-premura-la-directiva-del-iva-para-pymes\/\" rel=\"nofollow noopener\" target=\"_blank\">podr\u00e1 vender<\/a> a otros pa\u00edses de la UE sin necesidad de registrarse all\u00ed ni presentar declaraciones, siempre que su facturaci\u00f3n total en Europa no supere los 100.000 euros anuales.<\/li>\n<\/ul>\n<p>Se trata de una <strong>medida opcional <\/strong>en el texto de la directiva y los aut\u00f3nomos que se acojan al r\u00e9gimen del IVA franquiciado podr\u00e1n estar exentos de presentar las declaraciones trimestrales y anuales, si el Estado miembro concede la exenci\u00f3n total en su transposici\u00f3n.<\/p>\n<ul class=\"wp-block-list\">\n<li>En caso de que no se aplique la exenci\u00f3n completa, la Directiva obliga al Estado a autorizar a estas peque\u00f1as empresas a presentar una \u00fanica declaraci\u00f3n anual simplificada, destinada \u00fanicamente a fines de control.<\/li>\n<\/ul>\n<p>Seg\u00fan el experto, esta medida \u201csupone una ventaja para aut\u00f3nomos con escasos ingresos porque les permite, por un lado, no repercutir el IVA sobre sus clientes, lo que mejora sus precios\u201d, y, adem\u00e1s, \u201ces una facilidad administrativa para ellos, porque podr\u00edan quedar excluidos de tener que realizar la liquidaci\u00f3n trimestral del IVA y el resumen anual\u201d.<\/p>\n<p><strong>Similitud con la propuesta de Feij\u00f3o. <\/strong>Para Sanabria, \u201caunque no aparece detallada, la propuesta del PP parece ser exactamente la directiva ya aprobada por la UE\u201d, quitando la correcci\u00f3n ya mencionada sobre que los aut\u00f3nomos no pagan IVA, sino que repercuten.<\/p>\n<p>\n            Fuentes\n        <\/p>\n<ul class=\"post-sources-list\">\n<li class=\"post-sources-list-item post-title-4\">\n                                            Antonio Sanabria, investigador y profesor de Econom\u00eda en la Universidad Complutense de Madrid                                    <\/li>\n<li class=\"post-sources-list-item post-title-4\">\n                                            Directiva UE 2020\/285                                    <\/li>\n<li class=\"post-sources-list-item post-title-4\">\n                                            Tuit del presidente del PP, Alberto N\u00fa\u00f1ez Feij\u00f3o                                    <\/li>\n<li class=\"post-sources-list-item post-title-4\">\n                                            Partido Popular                                    <\/li>\n<li class=\"post-sources-list-item post-title-4\">\n                                            Uni\u00f3n Europea                                    <\/li>\n<li class=\"post-sources-list-item post-title-4\">\n                                            CEPYME                                    <\/li>\n<li class=\"post-sources-list-item post-title-4\">\n                                            RTVE                                    <\/li>\n<li class=\"post-sources-list-item post-title-4\">\n                                            Agencia EFE                                    <\/li>\n<\/ul>\n","protected":false},"excerpt":{"rendered":"El presidente del Partido Popular, Alberto N\u00fa\u00f1ez Feij\u00f3o, present\u00f3 este s\u00e1bado un Plan Integral de Aut\u00f3nomos que propone&hellip;\n","protected":false},"author":2,"featured_media":189705,"comment_status":"","ping_status":"","sticky":false,"template":"","format":"standard","meta":{"footnotes":""},"categories":[8],"tags":[44159,17,18,25,24,13,14,11,45456,19,20,9,10,15,16,23,12,21,22,1617],"class_list":{"0":"post-189704","1":"post","2":"type-post","3":"status-publish","4":"format-standard","5":"has-post-thumbnail","7":"category-espana","8":"tag-autonomos","9":"tag-breaking-news","10":"tag-breakingnews","11":"tag-es","12":"tag-espana","13":"tag-featured-news","14":"tag-featurednews","15":"tag-headlines","16":"tag-iva","17":"tag-latest-news","18":"tag-latestnews","19":"tag-news","20":"tag-noticias","21":"tag-noticias-destacadas","22":"tag-noticiasdestacadas","23":"tag-spain","24":"tag-titulares","25":"tag-ultimas-noticias","26":"tag-ultimasnoticias","27":"tag-union-europea"},"share_on_mastodon":{"url":"https:\/\/pubeurope.com\/@es\/115407453245764528","error":""},"_links":{"self":[{"href":"https:\/\/www.europesays.com\/es\/wp-json\/wp\/v2\/posts\/189704","targetHints":{"allow":["GET"]}}],"collection":[{"href":"https:\/\/www.europesays.com\/es\/wp-json\/wp\/v2\/posts"}],"about":[{"href":"https:\/\/www.europesays.com\/es\/wp-json\/wp\/v2\/types\/post"}],"author":[{"embeddable":true,"href":"https:\/\/www.europesays.com\/es\/wp-json\/wp\/v2\/users\/2"}],"replies":[{"embeddable":true,"href":"https:\/\/www.europesays.com\/es\/wp-json\/wp\/v2\/comments?post=189704"}],"version-history":[{"count":0,"href":"https:\/\/www.europesays.com\/es\/wp-json\/wp\/v2\/posts\/189704\/revisions"}],"wp:featuredmedia":[{"embeddable":true,"href":"https:\/\/www.europesays.com\/es\/wp-json\/wp\/v2\/media\/189705"}],"wp:attachment":[{"href":"https:\/\/www.europesays.com\/es\/wp-json\/wp\/v2\/media?parent=189704"}],"wp:term":[{"taxonomy":"category","embeddable":true,"href":"https:\/\/www.europesays.com\/es\/wp-json\/wp\/v2\/categories?post=189704"},{"taxonomy":"post_tag","embeddable":true,"href":"https:\/\/www.europesays.com\/es\/wp-json\/wp\/v2\/tags?post=189704"}],"curies":[{"name":"wp","href":"https:\/\/api.w.org\/{rel}","templated":true}]}}