{"id":189721,"date":"2025-10-20T16:45:13","date_gmt":"2025-10-20T16:45:13","guid":{"rendered":"https:\/\/www.europesays.com\/es\/189721\/"},"modified":"2025-10-20T16:45:13","modified_gmt":"2025-10-20T16:45:13","slug":"lalqueria-blanca-cierra-a-lo-grande-los-datos-de-audiencia-del-ultimo-capitulo","status":"publish","type":"post","link":"https:\/\/www.europesays.com\/es\/189721\/","title":{"rendered":"&#8216;L&#8217;Alqueria Blanca&#8217; cierra a lo grande: los datos de audiencia del \u00faltimo cap\u00edtulo"},"content":{"rendered":"<p class=\"v-mdl-ath__p v-mdl-ath__p--6\">\nLunes, 20 de octubre 2025, 13:56<\/p>\n<p>| Actualizado 14:33h.<\/p>\n<p class=\"v-p\">Punto y <a href=\"https:\/\/www.lasprovincias.es\/culturas\/tv\/lalqueria-blanca-despide-acaba-ultimo-capitulo-serie-20251019003243-nt.html\" title=\"www.lasprovincias.es\" data-voc-vtm-id=\"in-text-traffic\" data-mrf-link=\"www.lasprovincias.es\" rel=\"nofollow noopener\" target=\"_blank\">final para &#8216;L&#8217;Alqueria Blanca&#8217;<\/a>. La ficci\u00f3n se despidi\u00f3 este domingo de los espectadores de la radiotelevisi\u00f3n p\u00fablica valenciana (\u00c0 Punt) tras casi dos d\u00e9cadas en antena y 481 cap\u00edtulos a sus espaldas.<\/p>\n<p class=\"v-p\">Una cita que nadie quer\u00eda perderse. El final de la ficci\u00f3n, fue lo m\u00e1s visto del d\u00eda en \u00c0 Punt, registrando un 6,5% de cuota de pantalla y una media de 89.000 espectadores, seg\u00fan los datos de la consultora Dos30&#8242;.<\/p>\n<p class=\"v-p\">La serie m\u00e1s longeva de la televisi\u00f3n auton\u00f3mica valenciana ha sido uno de lo mayores \u00e9xitos de la producci\u00f3n valenciana en los \u00faltimos a\u00f1os, llegando a conseguir cuotas de audiencia superiores al 25%.<\/p>\n<p class=\"v-p\">El \u00faltimo episodio de &#8216;L&#8217;Alqueria Blanca&#8217;, estuvo marcado por la boda m\u00e1s esperada: la de Marta y F\u00e9lix, que por fin han conseguido llegar al altar y dejaban de regalo para los espectadores una escena final cargada de emoci\u00f3n, con la mirada evocadora de Dora por la casa de los Pedreguer.<\/p>\n<p><a href=\"http:\/\/www.lasprovincias.es\/culturas\/tv\/lalqueria-blanca-despide-acaba-ultimo-capitulo-serie-20251019003243-nt.html#vtm_modulosEngag=mod-rel:culturas:noticia:1:cmp:1-not\" class=\"v-a-link\" aria-label=\"Imagen\" rel=\"nofollow noopener\" target=\"_blank\"><\/p>\n<p><img decoding=\"async\" loading=\"lazy\" src=\"https:\/\/www.europesays.com\/es\/wp-content\/uploads\/2025\/10\/alqueria-k5eF--366x256@Las Provincias.jpg\" class=\"v-a-img\" width=\"258\" height=\"180\" alt=\"\" data-voc-vtm-id=\"in-text-traffic\"\/><\/p>\n<p><\/a><\/p>\n<p class=\"v-p\">El final de la serie no defraud\u00f3 y estuvo lleno de gui\u00f1os al pasado y momentos muy emotivos, como el recuerdo de don Miquel. Aunque la que sin duda destac\u00f3 fue una de las escenas m\u00e1s tiernas de la despedida: la charla entre el t\u00edo Ferri y el peque\u00f1o Santi, que finalmente part\u00eda junto a sus padres a Barcelona y dejaba atr\u00e1s, muy a su pesar, l&#8217;Alcoi\u00e0. Pero unos vienen y otros van, y Paqui terminaba la serie regresando al pueblo.<\/p>\n<p class=\"v-p\">Otro de los momentos clave del episodio final, que hizo un repaso por las historias y personajes clave, fue la gran noticia que Mireia le dio a Tonet, que terminan con un beb\u00e9 en camino. Un momento al que tambi\u00e9n se le sum\u00f3 la declaraci\u00f3n de amor de Elena a Alfonso, con la que ambos cerraban su trama como pareja.<\/p>\n<p class=\"v-p\">Ahora, las aventuras de Dora, el Tio Pep, Tonet, Sento, Blanca, Jaume, Asun, Raquel, Diego, Robert, Annit\u00edn llegan a su fin y se despiden de la peque\u00f1a pantalla, dejando personajes inolvidables para los valencianos.<\/p>\n<p>Reporta un error<\/p>\n","protected":false},"excerpt":{"rendered":"Lunes, 20 de octubre 2025, 13:56 | Actualizado 14:33h. Punto y final para &#8216;L&#8217;Alqueria Blanca&#8217;. La ficci\u00f3n se&hellip;\n","protected":false},"author":2,"featured_media":189722,"comment_status":"","ping_status":"","sticky":false,"template":"","format":"standard","meta":{"footnotes":""},"categories":[171],"tags":[4294,386,10515,56,6193,146,147,25,24,699,18429,23,214,3667],"class_list":{"0":"post-189721","1":"post","2":"type-post","3":"status-publish","4":"format-standard","5":"has-post-thumbnail","7":"category-tv","8":"tag-audiencia","9":"tag-blanca","10":"tag-capitulo","11":"tag-datos","12":"tag-despide","13":"tag-entertainment","14":"tag-entretenimiento","15":"tag-es","16":"tag-espana","17":"tag-grande","18":"tag-lalqueria","19":"tag-spain","20":"tag-tv","21":"tag-ultimo"},"share_on_mastodon":{"url":"https:\/\/pubeurope.com\/@es\/115407508343872000","error":""},"_links":{"self":[{"href":"https:\/\/www.europesays.com\/es\/wp-json\/wp\/v2\/posts\/189721","targetHints":{"allow":["GET"]}}],"collection":[{"href":"https:\/\/www.europesays.com\/es\/wp-json\/wp\/v2\/posts"}],"about":[{"href":"https:\/\/www.europesays.com\/es\/wp-json\/wp\/v2\/types\/post"}],"author":[{"embeddable":true,"href":"https:\/\/www.europesays.com\/es\/wp-json\/wp\/v2\/users\/2"}],"replies":[{"embeddable":true,"href":"https:\/\/www.europesays.com\/es\/wp-json\/wp\/v2\/comments?post=189721"}],"version-history":[{"count":0,"href":"https:\/\/www.europesays.com\/es\/wp-json\/wp\/v2\/posts\/189721\/revisions"}],"wp:featuredmedia":[{"embeddable":true,"href":"https:\/\/www.europesays.com\/es\/wp-json\/wp\/v2\/media\/189722"}],"wp:attachment":[{"href":"https:\/\/www.europesays.com\/es\/wp-json\/wp\/v2\/media?parent=189721"}],"wp:term":[{"taxonomy":"category","embeddable":true,"href":"https:\/\/www.europesays.com\/es\/wp-json\/wp\/v2\/categories?post=189721"},{"taxonomy":"post_tag","embeddable":true,"href":"https:\/\/www.europesays.com\/es\/wp-json\/wp\/v2\/tags?post=189721"}],"curies":[{"name":"wp","href":"https:\/\/api.w.org\/{rel}","templated":true}]}}