{"id":189763,"date":"2025-10-20T17:13:12","date_gmt":"2025-10-20T17:13:12","guid":{"rendered":"https:\/\/www.europesays.com\/es\/189763\/"},"modified":"2025-10-20T17:13:12","modified_gmt":"2025-10-20T17:13:12","slug":"huesca-se-llenara-de-pasacalles-danza-teatro-y-videojuegos-con-el-spin-festival-huesca","status":"publish","type":"post","link":"https:\/\/www.europesays.com\/es\/189763\/","title":{"rendered":"Huesca se llenar\u00e1 de pasacalles, danza, teatro y videojuegos con el Spin Festival | Huesca"},"content":{"rendered":"<p>La segunda edici\u00f3n del Spin Festival llenar\u00e1 los espacios p\u00fablicos de Huesca de pasacalles, danza, teatro, circo contempor\u00e1neo o narraci\u00f3n oral <strong>entre los d\u00edas 23 y 26 de octubre <\/strong>en la que es una <strong>propuesta cultural y l\u00fadica<\/strong> del Ayuntamiento de Huesca como alternativa a Periferias.<\/p>\n<p>La concejal de Cultura del Consistorio oscense, Sonia Latre, ha afirmado que este festival \u00a0surgi\u00f3 como <strong>respuesta a un proceso participativo<\/strong> impulsado para escuchar las demandas de los ciudadanos en material cultural, tras la cancelaci\u00f3n de Periferias.<\/p>\n<p>La programaci\u00f3n combinar\u00e1 <strong>grandes formatos esc\u00e9nicos con experiencias participativas y conciertos al aire libre<\/strong>. El festival, que cuenta con un presupuesto de 145.000 euros, arranca el jueves 23 en la plaza L\u00f3pez Allu\u00e9 con el pasacalles \u201cPoss\u00ea\u201d de Sound de Sec\u00e1, un espect\u00e1culo de percusi\u00f3n y danza que recorrer\u00e1 el centro de la ciudad.<\/p>\n<p>En esta primera jornada se celebrar\u00e1 la <strong>narraci\u00f3n oral<\/strong> &#8216;Narradoras de la noche&#8217;, con Ana Griot, la charla-taller de Lady Funk sobre creatividad y salud mental en la m\u00fasica y la pieza &#8216;Famulus 4.0&#8217; de Iron Skulls, que fusiona danza urbana y tecnolog\u00eda con cuatro personas y un perro robot que <strong>plantea un di\u00e1logo entre lo humano y lo digital.<\/strong><\/p>\n<p>Un d\u00eda m\u00e1s tarde tendr\u00e1n lugar el <strong>minigolf art\u00edstico <\/strong>de Mumusic Circus en la plaza San Antonio, los espect\u00e1culos &#8216;A ritmo de sonrisas&#8217; y &#8216;Lluvia de palabras&#8217;, vinculados al 20 aniversario de la Biblioteca Antonio Dur\u00e1n Gudiol, y el<strong> recital po\u00e9tico musical<\/strong> &#8216;Versonoros&#8217;, con Nicol\u00e1s Mora, Alicia Fern\u00e1ndez y H\u00e9ctor Castellanos en el Teatro Olimpia.<\/p>\n<p>El broche de esta jornada lo pondr\u00e1 el <strong>circo contempor\u00e1neo<\/strong> &#8216;Mon Aile&#8217; y los conciertos de Lassi.O y Las Ninyas del Corro en la plaza General Alsina, donde se concentrar\u00e1 la programaci\u00f3n musical y de ocio nocturno.<\/p>\n<p>El s\u00e1bado 25 regresar\u00e1 el <strong>espacio gamer<\/strong>\u00a0al Palacio de Congresos y la instalaci\u00f3n &#8216;El pasaje de los recuerdos&#8217; en la plaza de la catedral, un recorrido sensorial destinado al p\u00fablico familiar. Tambi\u00e9n habr\u00e1 sesiones verm\u00fa con DJ Apolo White e I\u00f1igo Perled, m\u00fasica en directo con Ismael Ram\u00edrez, el pasacalles &#8216;Les Nomades&#8217; de Actua Produccions con criaturas gigantes y los conciertos de Dedito Finger y Los Punsetes, referentes del indie nacional.<\/p>\n<p>El domingo tambi\u00e9n habr\u00e1 sesiones de minigolf y videojuegos, adem\u00e1s de<strong>\u00a0danza y teatro<\/strong>\u00a0&#8216;Esberlar&#8217; de L\u2019atape\u00efda y el cierre del festival con &#8216;Copyleft&#8217;, de la compa\u00f1\u00eda Nicanor de Elia, en el parque Miguel Servet, una celebraci\u00f3n del movimiento y el circo contempor\u00e1neo.<\/p>\n<p>\u201cEl a\u00f1o pasado el festival tuvo una acogida magn\u00edfica, con una alt\u00edsima participaci\u00f3n, y <strong>este 2025 llega para quedarse,<\/strong> mejorando aquellos aspectos que vimos que pod\u00edan crecer\u201d, ha destacado la concejala, quien ha recordado que la cita mantiene su car\u00e1cter gratuito y abierto a todos los p\u00fablicos, \u00abcon especial atenci\u00f3n al p\u00fablico joven y a la ocupaci\u00f3n de los espacios urbanos como escenarios culturales\u00bb.<br \/>&#13;<br \/>\n\u00a0<\/p>\n<p>Si quieres estar al d\u00eda de toda la actualidad, s\u00edguenos en redes sociales: <a href=\"https:\/\/www.instagram.com\/aragonnoticias\/\" target=\"_blank\" rel=\"noindex nofollow noopener\">Instagram<\/a>, <a href=\"https:\/\/www.facebook.com\/AragonNoticias\/\" target=\"_blank\" rel=\"noindex nofollow noopener\">Facebook<\/a>, <a href=\"https:\/\/x.com\/AragonNoticias_\" target=\"_blank\" rel=\"noindex nofollow\">X<\/a>, <a href=\"https:\/\/www.tiktok.com\/@aragonnoticias\" target=\"_blank\" rel=\"noindex nofollow noopener\">TikTok<\/a> y tambi\u00e9n en el canal de <a href=\"https:\/\/www.whatsapp.com\/channel\/0029Vb8OVLHB4hdK8lQZ1T1F\" target=\"_blank\" rel=\"noindex nofollow noopener\">WhatsApp<\/a>.<\/p>\n<p>            <script async src=\"\/\/www.instagram.com\/embed.js\"><\/script><script async src=\"\/\/www.tiktok.com\/embed.js\"><\/script><\/p>\n","protected":false},"excerpt":{"rendered":"La segunda edici\u00f3n del Spin Festival llenar\u00e1 los espacios p\u00fablicos de Huesca de pasacalles, danza, teatro, circo contempor\u00e1neo&hellip;\n","protected":false},"author":2,"featured_media":189764,"comment_status":"","ping_status":"","sticky":false,"template":"","format":"standard","meta":{"footnotes":""},"categories":[91],"tags":[4499,4502,4501,4110,146,147,25,24,7080,4500,1448,23,214],"class_list":{"0":"post-189763","1":"post","2":"type-post","3":"status-publish","4":"format-standard","5":"has-post-thumbnail","7":"category-entretenimiento","8":"tag-aragon","9":"tag-aragonesa","10":"tag-cartv","11":"tag-corporacion","12":"tag-entertainment","13":"tag-entretenimiento","14":"tag-es","15":"tag-espana","16":"tag-noticia","17":"tag-publica","18":"tag-radio","19":"tag-spain","20":"tag-tv"},"share_on_mastodon":{"url":"https:\/\/pubeurope.com\/@es\/115407618352600588","error":""},"_links":{"self":[{"href":"https:\/\/www.europesays.com\/es\/wp-json\/wp\/v2\/posts\/189763","targetHints":{"allow":["GET"]}}],"collection":[{"href":"https:\/\/www.europesays.com\/es\/wp-json\/wp\/v2\/posts"}],"about":[{"href":"https:\/\/www.europesays.com\/es\/wp-json\/wp\/v2\/types\/post"}],"author":[{"embeddable":true,"href":"https:\/\/www.europesays.com\/es\/wp-json\/wp\/v2\/users\/2"}],"replies":[{"embeddable":true,"href":"https:\/\/www.europesays.com\/es\/wp-json\/wp\/v2\/comments?post=189763"}],"version-history":[{"count":0,"href":"https:\/\/www.europesays.com\/es\/wp-json\/wp\/v2\/posts\/189763\/revisions"}],"wp:featuredmedia":[{"embeddable":true,"href":"https:\/\/www.europesays.com\/es\/wp-json\/wp\/v2\/media\/189764"}],"wp:attachment":[{"href":"https:\/\/www.europesays.com\/es\/wp-json\/wp\/v2\/media?parent=189763"}],"wp:term":[{"taxonomy":"category","embeddable":true,"href":"https:\/\/www.europesays.com\/es\/wp-json\/wp\/v2\/categories?post=189763"},{"taxonomy":"post_tag","embeddable":true,"href":"https:\/\/www.europesays.com\/es\/wp-json\/wp\/v2\/tags?post=189763"}],"curies":[{"name":"wp","href":"https:\/\/api.w.org\/{rel}","templated":true}]}}