{"id":189777,"date":"2025-10-20T17:20:13","date_gmt":"2025-10-20T17:20:13","guid":{"rendered":"https:\/\/www.europesays.com\/es\/189777\/"},"modified":"2025-10-20T17:20:13","modified_gmt":"2025-10-20T17:20:13","slug":"la-pena-taurina-felix-rodriguez-premia-la-labor-de-el-cid","status":"publish","type":"post","link":"https:\/\/www.europesays.com\/es\/189777\/","title":{"rendered":"La pe\u00f1a taurina F\u00e9lix Rodr\u00edguez premia la labor de El Cid"},"content":{"rendered":"<p><a class=\"v-mdl-ath__fig-a\" href=\"https:\/\/www.eldiariomontanes.es\/autor\/borja-cavia-2708.html\" title=\"Borja Cavia\" rel=\"nofollow noopener\" target=\"_blank\"><br \/>\n<img decoding=\"async\" class=\"v-mdl-ath__img\" src=\"https:\/\/www.europesays.com\/es\/wp-content\/uploads\/2025\/10\/autor-2708-foto-1.png\" alt=\"Borja Cavia\"\/><br \/>\n<\/a><\/p>\n<p class=\"v-mdl-ath__p v-mdl-ath__p--6\">\nLunes, 20 de octubre 2025, 19:00<\/p>\n<p class=\"v-p\">La conjunci\u00f3n de El Cid y Vengativo, ese toro de Victorino Mart\u00edn que hizo cuarto en la tarde del d\u00eda de Santiago, acumula un nuevo galard\u00f3n m\u00e1s. Y es que el trasteo realizado por el de Salteras ha sido elegido por la pe\u00f1a F\u00e9lix Rodr\u00edguez como la faena m\u00e1s creativa de la Feria de Santiago, un prestigioso trofeo que la entidad que preside Juan Manuel Diego Cagigal entrega desde el a\u00f1o 1958.<\/p>\n<p class=\"v-p\">Fundada en el a\u00f1o 1927, la entidad que recuerda al torero nacido en Santander entregar\u00e1 el trofeo al maestro sevillano en un acto todav\u00eda sin fecha de celebraci\u00f3n en su sede de la calle Padre R\u00e1bago. El trofeo es una estatua de bronce del artista Vilari\u00f1o, una r\u00e9plica a escala de la estatua dedicada a F\u00e9lix Rodr\u00edguez ubicada en los aleda\u00f1os de la Plaza de Toros de Cuatro Caminos.<\/p>\n<p class=\"v-p\">El Cid toma el relevo en el palmar\u00e9s de este trofeo a toreros de la talla de Enrique Ponce, Diego Urdiales o Domingo L\u00f3pez Chav\u00e9s, los \u00faltimos triunfadores en el evento. Fundada en el a\u00f1o 1927, la pe\u00f1a que lleva el nombre de un torero cuya trayectoria estuvo marcada por su calidad y por su bohemia, es una de las m\u00e1s antiguas de Espa\u00f1a, s\u00f3lo por detr\u00e1s del Club Cocherito. <\/p>\n<p class=\"v-p\">Este a\u00f1o el triunfador conjuga la veteran\u00eda de El Cid con la noble y enclasada embestida de Vengativo, una faena que ha acaparado los premios del ciclo y que permiti\u00f3 al veterano matador repetir un d\u00eda despu\u00e9s. Con la zurda que domin\u00f3 el toreo en las dos primeras d\u00e9cadas del siglo activando los resortes de la emoci\u00f3n, el trasteo dibuj\u00f3 los patrones cl\u00e1sicos del enfrentamiento entre zocata de poder y toro de Albaserrada, una obra que bien merece un trofeo. <\/p>\n<p>Reporta un error<\/p>\n","protected":false},"excerpt":{"rendered":"Lunes, 20 de octubre 2025, 19:00 La conjunci\u00f3n de El Cid y Vengativo, ese toro de Victorino Mart\u00edn&hellip;\n","protected":false},"author":2,"featured_media":189778,"comment_status":"","ping_status":"","sticky":false,"template":"","format":"standard","meta":{"footnotes":""},"categories":[277],"tags":[373,5008,168,25,24,27390,28372,4877,16335,416,23,167,600,374],"class_list":{"0":"post-189777","1":"post","2":"type-post","3":"status-publish","4":"format-standard","5":"has-post-thumbnail","7":"category-toreo","8":"tag-bullfighting","9":"tag-cid","10":"tag-deportes","11":"tag-es","12":"tag-espana","13":"tag-felix","14":"tag-labor","15":"tag-pena","16":"tag-premia","17":"tag-rodriguez","18":"tag-spain","19":"tag-sports","20":"tag-taurina","21":"tag-toreo"},"share_on_mastodon":{"url":"","error":""},"_links":{"self":[{"href":"https:\/\/www.europesays.com\/es\/wp-json\/wp\/v2\/posts\/189777","targetHints":{"allow":["GET"]}}],"collection":[{"href":"https:\/\/www.europesays.com\/es\/wp-json\/wp\/v2\/posts"}],"about":[{"href":"https:\/\/www.europesays.com\/es\/wp-json\/wp\/v2\/types\/post"}],"author":[{"embeddable":true,"href":"https:\/\/www.europesays.com\/es\/wp-json\/wp\/v2\/users\/2"}],"replies":[{"embeddable":true,"href":"https:\/\/www.europesays.com\/es\/wp-json\/wp\/v2\/comments?post=189777"}],"version-history":[{"count":0,"href":"https:\/\/www.europesays.com\/es\/wp-json\/wp\/v2\/posts\/189777\/revisions"}],"wp:featuredmedia":[{"embeddable":true,"href":"https:\/\/www.europesays.com\/es\/wp-json\/wp\/v2\/media\/189778"}],"wp:attachment":[{"href":"https:\/\/www.europesays.com\/es\/wp-json\/wp\/v2\/media?parent=189777"}],"wp:term":[{"taxonomy":"category","embeddable":true,"href":"https:\/\/www.europesays.com\/es\/wp-json\/wp\/v2\/categories?post=189777"},{"taxonomy":"post_tag","embeddable":true,"href":"https:\/\/www.europesays.com\/es\/wp-json\/wp\/v2\/tags?post=189777"}],"curies":[{"name":"wp","href":"https:\/\/api.w.org\/{rel}","templated":true}]}}