{"id":189793,"date":"2025-10-20T17:31:09","date_gmt":"2025-10-20T17:31:09","guid":{"rendered":"https:\/\/www.europesays.com\/es\/189793\/"},"modified":"2025-10-20T17:31:09","modified_gmt":"2025-10-20T17:31:09","slug":"fecha-y-horario-del-programa-en-directo","status":"publish","type":"post","link":"https:\/\/www.europesays.com\/es\/189793\/","title":{"rendered":"fecha y horario del programa en directo"},"content":{"rendered":"<p><img loading=\"lazy\" decoding=\"async\" src=\"https:\/\/www.europesays.com\/es\/wp-content\/uploads\/2025\/10\/1760450890_434_100x100_informalia-logo.jpg\" itemtype=\"\/\/schema.org\/ImageObject\" itemprop=\"url\" alt=\"Informalia\" width=\"64\" height=\"64\" pinger-seen=\"true\"\/><\/p>\n<p>El <b>18 de mayo de 2024<\/b> comenz\u00f3 a concursar en Pasapalabra un participante que, se lleve el bote o no, ha conseguido hacer historia en el concurso de Antena 3: <b>Manuel Pascual<\/b>. En ese momento nadie sab\u00eda lo lejos que pod\u00eda llegar siendo (a d\u00eda de estas l\u00edneas) el concursante m\u00e1s longevo en el programa con<b> 361 tardes<\/b>.<\/p>\n<p><b>Este mes de octubre<\/b> ya se iba anunciando que habr\u00eda <a href=\"https:\/\/www.eleconomista.es\/informalia\/television\/noticias\/13601102\/10\/25\/es-mucho-mas-que-ganar-dos-veces-el-premio-planeta-y-superara-el-record-de-rafa-castano-quien-en-marzo-de-2023-se-convirtio-en-leyenda-del-formato.html\" title=\"Pasapalabra se sale del mapa este martes: el mayor bote de la historia est\u00e1 en juego y Espa\u00f1a entera contiene la respiraci\u00f3n\" rel=\"nofollow noopener\" target=\"_blank\">grandes hitos en el programa cultural<\/a> m\u00e1s seguido de nuestro pa\u00eds y parece que ya se empiezan a ver cuales. <b>Manu y Rosa<\/b>, quienes hace poco consiguieron ser la pareja que m\u00e1s enfrentamientos hab\u00eda tenido en el concurso, siguen dando combate.<\/p>\n<p>Sus nombres pasar\u00e1n a estar junto con los de <b>\u00d3scar D\u00edaz<\/b>, el \u00faltimo ganador que logr\u00f3 hacerse con 1,8 millones; o <b>Rafa Casta\u00f1o<\/b>, quien se llev\u00f3 el bote m\u00e1s grande de la historia del programa.<\/p>\n<p>En detalle<\/p>\n<p>Sin embargo, parece que la situaci\u00f3n ha dado un giro y <b>este martes 21 de octubre<\/b> volver\u00e1 a cambiar la situaci\u00f3n tras la acumulaci\u00f3n del bote m\u00e1s grande que alguien se ha llevado en el concurso: <b>2.272.000 euros nada menos.<\/b><\/p>\n<p>Los concursantes actuales, Manu y Rosa, consiguen despu\u00e9s de sus <b>m\u00e1s de 200 enfrentamientos ser una pareja que atrae<\/b>. Y es que la tensi\u00f3n va cada vez m\u00e1s en aumento al ver tarde tras tarde c\u00f3mo el madrile\u00f1o se enfrenta a la gallega, y todo ello mientras el bote sigue creciendo. <\/p>\n<p><b>\u00bfCu\u00e1ndo podr\u00eda ocurrir esto?<\/b> Lo que est\u00e1 claro es que no queda mucho y en el momento que pase la cadena lo promocionar\u00e1. Ya lo hizo cuando Rafa Casta\u00f1o se llev\u00f3 los dos millones o cuando \u00d3scar Diaz consigui\u00f3 superar las 157 entregas haci\u00e9ndose el rosco completo.<\/p>\n<p>La emisi\u00f3n<\/p>\n<p>En la \u00faltima ocasi\u00f3n se emiti\u00f3 el programa en su franja habitual, pero con algunas particularidades<\/p>\n<ul>&#13;<\/p>\n<li>Se emiti\u00f3 el pen\u00faltimo programa en la franja horaria normal: <b>de 20:00 a 21 horas<\/b><\/li>\n<p>&#13;<\/p>\n<li>La hora de los informativos<\/li>\n<p>&#13;<\/p>\n<li>Entrevista con Pablo Motos en El Hormiguero<\/li>\n<p>&#13;<\/p>\n<li>La emisi\u00f3n final que revelar\u00eda al vencedor<\/li>\n<p>&#13;\n<\/ul>\n<p>Por el momento <b>Antena 3<\/b> no se ha pronunciado y la entrevista con los concursantes de Pasapalabra en El Hormiguero no est\u00e1 programada para esta semana. <b>Habr\u00e1 que esperar un poco m\u00e1s <\/b>para saber qui\u00e9n ser\u00e1 el ganador del mayor premio jam\u00e1s ofrecido por un programa cultural en Espa\u00f1a.<\/p>\n<p>WhatsApp<a href=\"https:\/\/api.whatsapp.com\/send?text=https:\/\/www.eleconomista.es\/informalia\/television\/noticias\/13602442\/10\/25\/cuando-se-emite-el-bote-de-pasapalabra-fecha-y-horario-del-programa-en-directo.html?utm_source%3Dwhatsapp%26utm_medium%3Dshare_button&amp;id=1648118629957_whatsapp\" target=\"_blank\" data-action=\"share\/whatsapp\/share\" aria-label=\"Compartir en Whatsapp\" rel=\"nofollow noopener\"><\/a>Facebook<a id=\"fb-share\" href=\"#\" target=\"_blank\" rel=\"noopener noreferrer\" aria-label=\"Compartir en Facebook\"><\/a>Twitter<a href=\"https:\/\/twitter.com\/share?text=Cu%C3%A1ndo+se+emite+el+bote+de+Pasapalabra%3A+fecha+y+horario+del+programa+en+directo&amp;url=https:\/\/www.eleconomista.es\/informalia\/television\/noticias\/13602442\/10\/25\/cuando-se-emite-el-bote-de-pasapalabra-fecha-y-horario-del-programa-en-directo.html&amp;via=Informalia&amp;id=1648118839245_twitter\" target=\"_blank\" aria-label=\"Compartir en Twitter\" rel=\"nofollow noopener\"><\/a>Linkedin<a onclick=\"return abrirLinkedin();\" href=\"https:\/\/www.linkedin.com\/shareArticle?text=Cu%C3%A1ndo+se+emite+el+bote+de+Pasapalabra%3A+fecha+y+horario+del+programa+en+directo&amp;url=https:\/\/www.eleconomista.es\/informalia\/television\/noticias\/13602442\/10\/25\/cuando-se-emite-el-bote-de-pasapalabra-fecha-y-horario-del-programa-en-directo.html&amp;mini=true\" target=\"_blank\" aria-label=\"Compartir en linkedin\" rel=\"nofollow noopener\"><\/a>Beloud<a href=\"https:\/\/beloud.com\/share?text=Cu%C3%A1ndo+se+emite+el+bote+de+Pasapalabra%3A+fecha+y+horario+del+programa+en+directo&amp;url=https:\/\/www.eleconomista.es\/informalia\/television\/noticias\/13602442\/10\/25\/cuando-se-emite-el-bote-de-pasapalabra-fecha-y-horario-del-programa-en-directo.html&amp;via=Informalia&amp;id=1648118839245_beloud\" target=\"_blank\" aria-label=\"Compartir en beloud\" rel=\"nofollow noopener\"><\/a>Bluesky<a href=\"https:\/\/bsky.app\/intent\/compose?text=https:\/\/bsky.app\/intent\/compose?text=https:\/\/www.eleconomista.es\/informalia\/television\/noticias\/13602442\/10\/25\/cuando-se-emite-el-bote-de-pasapalabra-fecha-y-horario-del-programa-en-directo.html&amp;url=https:\/\/www.eleconomista.es\/informalia\/television\/noticias\/13602442\/10\/25\/cuando-se-emite-el-bote-de-pasapalabra-fecha-y-horario-del-programa-en-directo.html&amp;via=elEconomistaes&amp;id=1648118839245_bluesky\" target=\"_blank\" aria-label=\"Compartir en bluesky\" rel=\"nofollow noopener\"><\/a><\/p>\n<p><script async src=\"https:\/\/platform.twitter.com\/widgets.js\" charset=\"utf-8\"><\/script><\/p>\n","protected":false},"excerpt":{"rendered":"El 18 de mayo de 2024 comenz\u00f3 a concursar en Pasapalabra un participante que, se lleve el bote&hellip;\n","protected":false},"author":2,"featured_media":189794,"comment_status":"","ping_status":"","sticky":false,"template":"","format":"standard","meta":{"footnotes":""},"categories":[171],"tags":[146,147,25,24,23,2626,214],"class_list":{"0":"post-189793","1":"post","2":"type-post","3":"status-publish","4":"format-standard","5":"has-post-thumbnail","7":"category-tv","8":"tag-entertainment","9":"tag-entretenimiento","10":"tag-es","11":"tag-espana","12":"tag-spain","13":"tag-televisian","14":"tag-tv"},"share_on_mastodon":{"url":"https:\/\/pubeurope.com\/@es\/115407689022720408","error":""},"_links":{"self":[{"href":"https:\/\/www.europesays.com\/es\/wp-json\/wp\/v2\/posts\/189793","targetHints":{"allow":["GET"]}}],"collection":[{"href":"https:\/\/www.europesays.com\/es\/wp-json\/wp\/v2\/posts"}],"about":[{"href":"https:\/\/www.europesays.com\/es\/wp-json\/wp\/v2\/types\/post"}],"author":[{"embeddable":true,"href":"https:\/\/www.europesays.com\/es\/wp-json\/wp\/v2\/users\/2"}],"replies":[{"embeddable":true,"href":"https:\/\/www.europesays.com\/es\/wp-json\/wp\/v2\/comments?post=189793"}],"version-history":[{"count":0,"href":"https:\/\/www.europesays.com\/es\/wp-json\/wp\/v2\/posts\/189793\/revisions"}],"wp:featuredmedia":[{"embeddable":true,"href":"https:\/\/www.europesays.com\/es\/wp-json\/wp\/v2\/media\/189794"}],"wp:attachment":[{"href":"https:\/\/www.europesays.com\/es\/wp-json\/wp\/v2\/media?parent=189793"}],"wp:term":[{"taxonomy":"category","embeddable":true,"href":"https:\/\/www.europesays.com\/es\/wp-json\/wp\/v2\/categories?post=189793"},{"taxonomy":"post_tag","embeddable":true,"href":"https:\/\/www.europesays.com\/es\/wp-json\/wp\/v2\/tags?post=189793"}],"curies":[{"name":"wp","href":"https:\/\/api.w.org\/{rel}","templated":true}]}}