{"id":189806,"date":"2025-10-20T17:39:09","date_gmt":"2025-10-20T17:39:09","guid":{"rendered":"https:\/\/www.europesays.com\/es\/189806\/"},"modified":"2025-10-20T17:39:09","modified_gmt":"2025-10-20T17:39:09","slug":"trump-envia-a-2-diplomaticos-de-confianza-a-israel-tras-la-ruptura-del-alto-el-fuego","status":"publish","type":"post","link":"https:\/\/www.europesays.com\/es\/189806\/","title":{"rendered":"Trump env\u00eda a 2 diplom\u00e1ticos de confianza a Israel tras la ruptura del alto el fuego"},"content":{"rendered":"<p>\n                    Publicado                 20\/10\/2025 &#8211; 17:01 CEST<br \/>\n                \u2022Ultima actualizaci\u00f3n<br \/>\n                                     18:20\n                                        <\/p>\n<p>          <img decoding=\"async\" class=\"c-ad__placeholder__logo\" src=\"https:\/\/static.euronews.com\/website\/images\/logos\/logo-euronews-stacked-outlined-72x72-grey-9.svg\" width=\"72\" height=\"72\" alt=\"\" loading=\"lazy\"\/><br \/>\n          PUBLICIDAD<\/p>\n<p>El enviado especial <strong>Steve Witkoff<\/strong> y el yerno del presidente de Estados Unidos, <strong>Jared Kushner<\/strong>, han llegado a Israel este lunes para monitorizar &#8216;in situ&#8217; el inestable alto el fuego entre Israel y Ham\u00e1s, despu\u00e9s de que el Gobierno de Benjamin Netanyahu haya amenazado con <a href=\"https:\/\/es.euronews.com\/2025\/10\/15\/israel-vuelve-a-permitir-la-entrada-de-ayuda-en-gaza-pero-solo-la-mitad-de-lo-pactado-en-l\" rel=\"nofollow noopener\" target=\"_blank\">detener definitivamente los camiones de ayuda<\/a> humanitaria. Israel afirma que los militantes de Ham\u00e1s han matado a dos de sus soldados.<\/p>\n<p>El Ej\u00e9rcito israel\u00ed ha asegurado, no obstante, que sigue aplicando el alto el fuego y que las entregas de ayuda se han reanudado este lunes, pero no hay confirmaci\u00f3n hasta el momento de esta \u00faltima aseveraci\u00f3n. Mientras tanto, Ham\u00e1s estima que Israel ha violado el acuerdo 80 veces, seg\u00fan la Oficina de Medios del Gobierno en Gaza, <strong>matando al menos a 97 palestinos e hiriendo a casi 230<\/strong> desde la firma del acuerdo hace diez d\u00edas.<\/p>\n<p>El presidente estadounidense, Donald Trump, declar\u00f3 el domingo a bordo del Air Force One que Ham\u00e1s ha estado \u00abbastante alborotado\u00bb y \u00abhan estado haciendo algunos disparos\u00bb, <strong>sugiriendo que la violencia podr\u00eda ser culpa de los \u00abrebeldes\u00bb<\/strong> de la organizaci\u00f3n y no de sus dirigentes, <a href=\"https:\/\/es.euronews.com\/2025\/10\/13\/los-ataques-de-hamas-contra-bandas-rivales-en-la-franja-dejan-32-muertos\" rel=\"nofollow noopener\" target=\"_blank\">en referencia a los grupos paramilitares enfrentados con Ham\u00e1s por controlar la Franja<\/a>. La semana pasada surgieron v\u00eddeos de militantes de Ham\u00e1s ejecutando, presuntamente, a miembros de estos grupos rivales.<\/p>\n<p>Contin\u00faa la violencia en Rafah<\/p>\n<p>El domingo, el Ej\u00e9rcito israel\u00ed afirm\u00f3 que varios militantes de Ham\u00e1s hab\u00edan disparado contra sus tropas <strong>en zonas de la ciudad de Rafah controladas por Israel<\/strong> con base en las l\u00edneas de alto el fuego acordadas. Ham\u00e1s ha asegurado que la comunicaci\u00f3n con las unidades que le quedaban en Rafah lleva meses cortada y que \u00abno se hacen responsables de ning\u00fan incidente que se produzca en esas zonas\u00bb.<\/p>\n<p>Se espera que las pr\u00f3ximas fases del alto el fuego se centren en el desarme de los paramilitares gazat\u00edes, la retirada israel\u00ed de las zonas adicionales que controla en Gaza y la futura gobernanza del devastado territorio. El plan estadounidense propone el establecimiento de una autoridad provisional <strong>controlada por diplom\u00e1ticos internacionales<\/strong>.<\/p>\n<p>En una entrevista concedida a &#8217;60 Minutes&#8217; este fin de semana, Jared Kushner afirm\u00f3 que el \u00e9xito o el fracaso del acuerdo depender\u00e1 de si Israel y el mecanismo internacional son capaces de <strong>crear una alternativa viable a Ham\u00e1s<\/strong>. \u00abSi tienen \u00e9xito, Ham\u00e1s fracasar\u00e1 y Gaza no ser\u00e1 una amenaza para Israel en el futuro\u00bb, afirm\u00f3 el yerno de Trump.<\/p>\n<p>Mientras tanto, una delegaci\u00f3n de Ham\u00e1s <a href=\"https:\/\/es.euronews.com\/2025\/09\/09\/los-medios-arabes-vinculan-una-explosion-en-doha-con-un-ataque-aereo-israeli-a-hamas\" rel=\"nofollow noopener\" target=\"_blank\">encabezada por su negociador jefe, Khalil Al Hayya<\/a>, permanece en El Cairo para hacer un seguimiento de la aplicaci\u00f3n del acuerdo de alto el fuego con los mediadores y otros grupos palestinos.<\/p>\n<p>Tambi\u00e9n preocupa la cantidad de ayuda que Israel est\u00e1 dejando entrar en Gaza, que forma parte del acuerdo. Tras la firma del 10 de octubre, <strong>Israel solo dej\u00f3 pasar a la mitad de camiones humanitarios<\/strong> (300 de 600 diarios) <strong>acordados en el pacto de alto el fuego<\/strong>. La situaci\u00f3n al respecto permanece incierta en estos momentos.<\/p>\n<p>Fuentes adicionales<strong> \u2022 AP<\/strong><\/p>\n","protected":false},"excerpt":{"rendered":"Publicado 20\/10\/2025 &#8211; 17:01 CEST \u2022Ultima actualizaci\u00f3n 18:20 PUBLICIDAD El enviado especial Steve Witkoff y el yerno del&hellip;\n","protected":false},"author":2,"featured_media":189807,"comment_status":"","ping_status":"","sticky":false,"template":"","format":"standard","meta":{"footnotes":""},"categories":[42],"tags":[5341,17,18,13,14,1256,1258,75,11,61,62,63,64,74,19,20,9,10,15,16,76,12,21,22,65,66,67],"class_list":{"0":"post-189806","1":"post","2":"type-post","3":"status-publish","4":"format-standard","5":"has-post-thumbnail","7":"category-internacional","8":"tag-ayuda-humanitaria","9":"tag-breaking-news","10":"tag-breakingnews","11":"tag-featured-news","12":"tag-featurednews","13":"tag-franja-de-gaza","14":"tag-guerra-israel-hamas","15":"tag-hamas","16":"tag-headlines","17":"tag-internacional","18":"tag-international","19":"tag-international-news","20":"tag-internationalnews","21":"tag-israel","22":"tag-latest-news","23":"tag-latestnews","24":"tag-news","25":"tag-noticias","26":"tag-noticias-destacadas","27":"tag-noticiasdestacadas","28":"tag-palestina","29":"tag-titulares","30":"tag-ultimas-noticias","31":"tag-ultimasnoticias","32":"tag-world","33":"tag-world-news","34":"tag-worldnews"},"share_on_mastodon":{"url":"https:\/\/pubeurope.com\/@es\/115407720712820508","error":""},"_links":{"self":[{"href":"https:\/\/www.europesays.com\/es\/wp-json\/wp\/v2\/posts\/189806","targetHints":{"allow":["GET"]}}],"collection":[{"href":"https:\/\/www.europesays.com\/es\/wp-json\/wp\/v2\/posts"}],"about":[{"href":"https:\/\/www.europesays.com\/es\/wp-json\/wp\/v2\/types\/post"}],"author":[{"embeddable":true,"href":"https:\/\/www.europesays.com\/es\/wp-json\/wp\/v2\/users\/2"}],"replies":[{"embeddable":true,"href":"https:\/\/www.europesays.com\/es\/wp-json\/wp\/v2\/comments?post=189806"}],"version-history":[{"count":0,"href":"https:\/\/www.europesays.com\/es\/wp-json\/wp\/v2\/posts\/189806\/revisions"}],"wp:featuredmedia":[{"embeddable":true,"href":"https:\/\/www.europesays.com\/es\/wp-json\/wp\/v2\/media\/189807"}],"wp:attachment":[{"href":"https:\/\/www.europesays.com\/es\/wp-json\/wp\/v2\/media?parent=189806"}],"wp:term":[{"taxonomy":"category","embeddable":true,"href":"https:\/\/www.europesays.com\/es\/wp-json\/wp\/v2\/categories?post=189806"},{"taxonomy":"post_tag","embeddable":true,"href":"https:\/\/www.europesays.com\/es\/wp-json\/wp\/v2\/tags?post=189806"}],"curies":[{"name":"wp","href":"https:\/\/api.w.org\/{rel}","templated":true}]}}