{"id":189812,"date":"2025-10-20T17:42:07","date_gmt":"2025-10-20T17:42:07","guid":{"rendered":"https:\/\/www.europesays.com\/es\/189812\/"},"modified":"2025-10-20T17:42:07","modified_gmt":"2025-10-20T17:42:07","slug":"30-29-el-cbm-cantera-sur-el-ejido-pierde-la-imbatibilidad-pero-no-el-liderato-mas-deportes","status":"publish","type":"post","link":"https:\/\/www.europesays.com\/es\/189812\/","title":{"rendered":"(30-29): El CBM Cantera Sur El Ejido pierde la imbatibilidad, pero no el liderato | M\u00e1s deportes"},"content":{"rendered":"<p class=\"loc\">Almer\u00eda<\/p>\n<p>Alguna vez ten\u00eda que llegar y se produjo este pasado s\u00e1bado, el primer rev\u00e9s en forma de derrota para el Club Balonmano Cantera Sur El Ejido, que se mantiene como l\u00edder en solitario de la Primera Divisi\u00f3n Nacionala pesar de caer 30-29 en su visita a BM Los D\u00f3lmenes Antequera sobre el parqu\u00e9 del Pabell\u00f3n Fernando Arg\u00fcelles, dentro de la sexta jornada de liga.<\/p>\n<p>Durante todo el duelo, los azulinosse vieron por detr\u00e1s en el marcador a excepci\u00f3n del intercambio anotador del comienzo, aunque el fugaz 2-3 a los cinco minutos se convirti\u00f3 en el 8-5 del minuto 14 y, ese parcial de 5-2, inclin\u00f3 definitivamente la balanza a favor de los malague\u00f1os, quienes hicieron crecer la renta (12-8, 14-9 y 16-10, minutos 20, 24 y 27).<\/p>\n<p>Si bien la escuadra almeriense recort\u00f3 la diferencia al descanso (16-12), no la rebajaba a menos de tres goles conforme iba avanzando el tiempo (19-16, 21-16 y 21-18, minutos 35, 37 y 41), perjudicando la m\u00e1s que rigurosa descalificaci\u00f3n a Jabato (las im\u00e1genes revelan que en la falta cometida impact\u00f3 en el pecho del adversario y no en el cuello, seg\u00fan interpret\u00f3 la pareja arbitral, apreci\u00e1ndose la acci\u00f3n en el minuto 1:20:28 de la retrasmisi\u00f3n: <a href=\"https:\/\/www.youtube.com\/watch\/nm-e-iQ9JG8?si=du6cGYlgrIHtOO5z&amp;t=4828\" target=\"_blank\" rel=\"nofollow noopener\">youtube.com\/watch\/nm-e-iQ9JG8?si=du6cGYlgrIHtOO5z&amp;t=4828<\/a>).<\/p>\n<p>Pareciendo sentenciar el combinado que entrena Agust\u00edn Vidal a trav\u00e9s del 25-20 a los 48 minutos, los canterano-sure\u00f1osque dirige Carlos Peral echaron el resto en el intento de conservar el estatus de invictos, tirando del carro ofensivo Jos\u00e9 Bravo y Campanario (los m\u00e1ximos realizadores con nueve y siete dianas), junto a Torrao y \u00c1lex Navarro, mientras la defensa recuper\u00f3 solidez.<\/p>\n<p>Tras un par de t\u00edmidos acercamientos, el 27-23 del minuto 51 dio paso al parcial de 1-4 y al consiguiente 28-27 del minuto 56, volviendo la alternancia de goles ya en la recta final (29-28 y 30-29, minutos 57 y 59), parando el portero Miguel Bravo el \u00faltimo lanzamiento de los antequeranos pero el equipo ejidensetampoco aprovech\u00f3 el suyo, fallando en los \u00faltimos segundos ante la perfecta oposici\u00f3n de la zaga rival. El pr\u00f3ximo s\u00e1bado a las 19 horas, Cantera Surrecibir\u00e1 al CBM PAN Moguer en el Pabell\u00f3n Municipal de Las Norias.<\/p>\n","protected":false},"excerpt":{"rendered":"Almer\u00eda Alguna vez ten\u00eda que llegar y se produjo este pasado s\u00e1bado, el primer rev\u00e9s en forma de&hellip;\n","protected":false},"author":2,"featured_media":189813,"comment_status":"","ping_status":"","sticky":false,"template":"","format":"standard","meta":{"footnotes":""},"categories":[278],"tags":[376,168,25,24,375,23,167],"class_list":{"0":"post-189812","1":"post","2":"type-post","3":"status-publish","4":"format-standard","5":"has-post-thumbnail","7":"category-balonmano","8":"tag-balonmano","9":"tag-deportes","10":"tag-es","11":"tag-espana","12":"tag-handball","13":"tag-spain","14":"tag-sports"},"share_on_mastodon":{"url":"https:\/\/pubeurope.com\/@es\/115407732405943736","error":""},"_links":{"self":[{"href":"https:\/\/www.europesays.com\/es\/wp-json\/wp\/v2\/posts\/189812","targetHints":{"allow":["GET"]}}],"collection":[{"href":"https:\/\/www.europesays.com\/es\/wp-json\/wp\/v2\/posts"}],"about":[{"href":"https:\/\/www.europesays.com\/es\/wp-json\/wp\/v2\/types\/post"}],"author":[{"embeddable":true,"href":"https:\/\/www.europesays.com\/es\/wp-json\/wp\/v2\/users\/2"}],"replies":[{"embeddable":true,"href":"https:\/\/www.europesays.com\/es\/wp-json\/wp\/v2\/comments?post=189812"}],"version-history":[{"count":0,"href":"https:\/\/www.europesays.com\/es\/wp-json\/wp\/v2\/posts\/189812\/revisions"}],"wp:featuredmedia":[{"embeddable":true,"href":"https:\/\/www.europesays.com\/es\/wp-json\/wp\/v2\/media\/189813"}],"wp:attachment":[{"href":"https:\/\/www.europesays.com\/es\/wp-json\/wp\/v2\/media?parent=189812"}],"wp:term":[{"taxonomy":"category","embeddable":true,"href":"https:\/\/www.europesays.com\/es\/wp-json\/wp\/v2\/categories?post=189812"},{"taxonomy":"post_tag","embeddable":true,"href":"https:\/\/www.europesays.com\/es\/wp-json\/wp\/v2\/tags?post=189812"}],"curies":[{"name":"wp","href":"https:\/\/api.w.org\/{rel}","templated":true}]}}