{"id":189814,"date":"2025-10-20T17:43:07","date_gmt":"2025-10-20T17:43:07","guid":{"rendered":"https:\/\/www.europesays.com\/es\/189814\/"},"modified":"2025-10-20T17:43:07","modified_gmt":"2025-10-20T17:43:07","slug":"colombo-abrio-la-puerta-grande-recien-inaugurada","status":"publish","type":"post","link":"https:\/\/www.europesays.com\/es\/189814\/","title":{"rendered":"Colombo abri\u00f3 la puerta grande reci\u00e9n inaugurada"},"content":{"rendered":"<p>El viernes \u00faltimo se inaugur\u00f3 en la <a href=\"https:\/\/peru21.pe\/peru\/colombo-abrio-la-puerta-grande-recien-inaugurada-acho-2025\/v\" rel=\"nofollow noopener\" target=\"_blank\"><strong>Plaza de Acho<\/strong><\/a> la llamada Puerta Grande en homenaje al matador de toros peruano Rafael Puga Castro, y esta ha sido inaugurada ayer al t\u00e9rmino de la primera corrida de la Feria Taurina del Se\u00f1or de los Milagros 2025.<\/p>\n<p>El primer toro, los de San Pedro, \u201cRufi\u00e1n\u201d #549 y con 462 kg, para Morenito de Aranda. Toro mulato bien presentado, enmorrillado, que ha salido rematando en el burladero de los matadores, y unas ver\u00f3nicas algo sueltas. Inicia la faena con la muleta desde los medios tirando al toro de largo, llev\u00e1ndolo embebido, hay una serie de naturales que son jaleados por el p\u00fablico. Los naturales son de calidad, despu\u00e9s el pase de pecho por ambos pitones, no estuvo fino con la espada, y en el tercero ya dej\u00f3 una estocada entera. Demora un poco en doblar y escucha una ovaci\u00f3n con salida al tercio.<\/p>\n<p>El segundo, \u201cConsentido\u201d #796 y con 505 kg, de la ganader\u00eda de Salamanca, para el matador Alfonso de Lima. Nada con el percal y en el caballo recibi\u00f3 un puyacito que no hizo ni sangrar, con las banderillas eficiente Ronald S\u00e1nchez y Aldair L\u00f3pez. El matador brinda al respetable. Muletazos largos, pero no hay acople. Tras insistir, logra una buena serie con la derecha que es jaleada. No hab\u00eda nada que hacer; el matador cogi\u00f3 la espada y dej\u00f3 una parada que bast\u00f3. Tarda en doblar. Se silenci\u00f3 su labor.<\/p>\n<p>El tercero de la tarde, \u201cBrasero\u201d #501 y 488 kg, de la ganader\u00eda de San Pedro, para Jes\u00fas Enrique Colombo. Lances jaleados y variados con el capote. Coge los palitroques, hace el delirio de los asistentes en los tres pares. Brind\u00f3 al empresario muletazos de calidad. Suena la m\u00fasica tras series ligadas y ovacionadas. Los ol\u00e9s se juntan con las palmas. Hay delirio en los tendidos. Mete la espada hasta los gavilanes. Una oreja, merec\u00eda las dos. Juez cicatero. Un sector grita \u201c\u00a1otro juez!\u201d mientras salen los caballos peruanos de paso.<\/p>\n<p>POR LO ALTO. \u00a0Los ol\u00e9s se juntaron con las palmas. Jes\u00fas Enrique Colombo sali\u00f3 triunfador con el tercero de la tarde.<\/p>\n<p>\u00a0<\/p>\n<p>El cuarto toro de la tarde, de Salamanca, de nombre \u201cCocinero\u201d #792 y con 503 kg, para el Morenito de Aranda. Sus capotazos de recibo tienen olor a triunfo, pero se fue diluyendo con el tiempo. En banderillas nada para la historia. Morenito estuvo con la muleta muy poderosa, por encima del pupilo de Salamanca. Palmas de aliento. El jabonero no ten\u00eda raza y los muletazos los remataba con cara alta. Suena la m\u00fasica. Una estocada en hilv\u00e1n, una entera, se puso pesado y descabello. Su actuaci\u00f3n fue de silencio.<\/p>\n<p>El quinto toro de la tarde, \u201cFabuloso\u201d de Salamanca #800 y con 461 kg, para Alfonso de Lima. Con el percal poco se le puede destacar. Estuvo voluntarioso con la muleta, pero alarg\u00f3 innecesariamente oyendo pifias. El animal es un marmolillo, no embiste. Un mal toro de Salamanca, y tras dos avisos con pitos se fue su labor.<\/p>\n<p>Sexto y \u00faltimo toro de la tarde, \u201cGanador\u201d #461 de San Pedro y con 471 kg, para Jes\u00fas Enrique Colombo, aplaudido fuertemente con los palos y el delirio del respetable, pide marinera en vez de pasodoble con los garapullos, gran ovaci\u00f3n en los tres y el \u00e9xtasis taurino al usar un sombrero jipijapa para recortar al toro. Empieza con poncinas, redondos, baj\u00f3 un pel\u00edn con la muleta, pero una estocada en todo lo alto y de ejecuci\u00f3n r\u00e1pida hace rodar y los pa\u00f1uelos blancos son masivos. Una oreja y con ello abre la primera Puerta Grande de Acho de la feria morada.<\/p>\n<p>\u00a0<\/p>\n<p><strong>NOVILLADA DE DESILUSI\u00d3N<\/strong><\/p>\n<p>El s\u00e1bado 18 de octubre la Plaza de Acho abri\u00f3 sus puertas para dar pase a la primera novillada con el estreno de la ganader\u00eda \u201cSan Jos\u00e9 del Monte\u201d, que resultaron con peligro para los novilleros Felipe Negret, de Colombia; Joaqu\u00edn Caro, peruano con residencia en Espa\u00f1a, y Josuel Mallqui, de Huancayo. Destac\u00f3 el \u00faltimo por su voluntad aunque falto de t\u00e9cnica.<\/p>\n","protected":false},"excerpt":{"rendered":"El viernes \u00faltimo se inaugur\u00f3 en la Plaza de Acho la llamada Puerta Grande en homenaje al matador&hellip;\n","protected":false},"author":2,"featured_media":189815,"comment_status":"","ping_status":"","sticky":false,"template":"","format":"standard","meta":{"footnotes":""},"categories":[277],"tags":[373,168,25,24,49735,23,167,625,374,444,53105],"class_list":{"0":"post-189814","1":"post","2":"type-post","3":"status-publish","4":"format-standard","5":"has-post-thumbnail","7":"category-toreo","8":"tag-bullfighting","9":"tag-deportes","10":"tag-es","11":"tag-espana","12":"tag-plaza-de-acho","13":"tag-spain","14":"tag-sports","15":"tag-tauromaquia","16":"tag-toreo","17":"tag-toros","18":"tag-toros-21"},"share_on_mastodon":{"url":"https:\/\/pubeurope.com\/@es\/115407736170915054","error":""},"_links":{"self":[{"href":"https:\/\/www.europesays.com\/es\/wp-json\/wp\/v2\/posts\/189814","targetHints":{"allow":["GET"]}}],"collection":[{"href":"https:\/\/www.europesays.com\/es\/wp-json\/wp\/v2\/posts"}],"about":[{"href":"https:\/\/www.europesays.com\/es\/wp-json\/wp\/v2\/types\/post"}],"author":[{"embeddable":true,"href":"https:\/\/www.europesays.com\/es\/wp-json\/wp\/v2\/users\/2"}],"replies":[{"embeddable":true,"href":"https:\/\/www.europesays.com\/es\/wp-json\/wp\/v2\/comments?post=189814"}],"version-history":[{"count":0,"href":"https:\/\/www.europesays.com\/es\/wp-json\/wp\/v2\/posts\/189814\/revisions"}],"wp:featuredmedia":[{"embeddable":true,"href":"https:\/\/www.europesays.com\/es\/wp-json\/wp\/v2\/media\/189815"}],"wp:attachment":[{"href":"https:\/\/www.europesays.com\/es\/wp-json\/wp\/v2\/media?parent=189814"}],"wp:term":[{"taxonomy":"category","embeddable":true,"href":"https:\/\/www.europesays.com\/es\/wp-json\/wp\/v2\/categories?post=189814"},{"taxonomy":"post_tag","embeddable":true,"href":"https:\/\/www.europesays.com\/es\/wp-json\/wp\/v2\/tags?post=189814"}],"curies":[{"name":"wp","href":"https:\/\/api.w.org\/{rel}","templated":true}]}}