{"id":189819,"date":"2025-10-20T17:48:16","date_gmt":"2025-10-20T17:48:16","guid":{"rendered":"https:\/\/www.europesays.com\/es\/189819\/"},"modified":"2025-10-20T17:48:16","modified_gmt":"2025-10-20T17:48:16","slug":"guerra-sucia-entre-red-bull-y-mclaren","status":"publish","type":"post","link":"https:\/\/www.europesays.com\/es\/189819\/","title":{"rendered":"Guerra sucia entre Red Bull y McLaren"},"content":{"rendered":"<p class=\"\">El <b>Mundial de F\u00f3rmula 1<\/b> se aprieta y lo que hace poco parec\u00eda muy lejano, ahora es una realidad: Max Verstappen es la gran amenaza para los McLaren en la lucha por el t\u00edtulo. Est\u00e1 a 40 puntos de Oscar Piastri y a 26 de Norris. Y en un deporte en lo que se mide todo a la mil\u00e9sima y mil\u00edmetro, <b>cada detalle cuenta. Y mucho. Y es aqu\u00ed donde empieza la guerra, a veces, sucia.<\/b><\/p>\n<p class=\"\">En McLaren tienen la costumbre de se\u00f1alar<b> la posici\u00f3n de salida de sus pilotos con una pegatina en el muro m\u00e1s cercano<\/b> a su puesto de salida. Una correcta colocaci\u00f3n en el caj\u00f3n es fundamental para afrontar los primeros metros. Y en <b>Austin, la escuder\u00eda de Woking puso la cinta adhesiva para indicar a Lando Norris el posicionamiento correcto<\/b> del MCL39 antes de partir. Y en la vuelta de formaci\u00f3n, cuando ya todo el personal de los equipos debe abandonar la parrilla, se <b>vio a un integrante de Red Bull por el muro<\/b>\u2026 p<b>ara quitar la se\u00f1al de los papaya. <\/b><\/p>\n<p class=\"\"><b>Norris ya fue sancionado en Bahr\u00e9in<\/b> con cinco segundos por su mala posici\u00f3n de salida y en Red Bull, consciente de que era la mayor de las amenazas para la victoria de Verstappen, intentaron la treta de <b>arrancar la pegatina y confundir todo lo posible al brit\u00e1nico. <\/b><\/p>\n<p>Noticias relacionadas<a href=\"https:\/\/as.com\/motor\/carlos-sainz-sancionado-con-cinco-puestos-en-la-parrilla-de-mexico-f202510-n\/\" class=\"s_m_w _rt-16x9\" title=\"Los comisarios culpan al espa\u00f1ol del incidente con Antonelli y le sancionan con cinco puestos de penalizaci\u00f3n en la parrilla de M\u00e9xico. \" data-tb-link=\"\" rel=\"nofollow noopener\" target=\"_blank\"><img decoding=\"async\" src=\"https:\/\/www.europesays.com\/es\/wp-content\/uploads\/2025\/10\/1760982495_554_ZHRNCVQQFJKTPJRVNGUAE7G7ZA.jpg\" alt=\"Duro castigo para Sainz\" class=\"\" height=\"1\" width=\"1\"   loading=\"lazy\" data-tb-thumbnail=\"\"\/><\/a><a href=\"https:\/\/as.com\/motor\/formula_1\/la-peor-pesadilla-de-mclaren-f202510-n\/\" class=\"s_m_w _rt-16x9\" title=\"Verstappen gana en Austin y pega otro mordisco al liderato de Piastri. Norris (2\u00ba) sufri\u00f3 con Leclerc (3\u00ba). Accidente de Sainz y un punto para Alonso.\" data-tb-link=\"\" rel=\"nofollow noopener\" target=\"_blank\"><img decoding=\"async\" src=\"https:\/\/www.europesays.com\/es\/wp-content\/uploads\/2025\/10\/1760982496_836_USKSOXPWM5KCVFX2VICVRHWCB4.jpg\" alt=\"La peor pesadilla de McLaren\" class=\"\" height=\"1\" width=\"1\"   loading=\"lazy\" data-tb-thumbnail=\"\"\/><\/a><\/p>\n<p class=\"\"><b>La FIA ha sancionado a Red Bull por la maniobra con 50.000 <\/b>euros (la mitad de la multa fue suspendida por el resto de la temporada 2025 con la condici\u00f3n de que el incidente no vuelva a ocurrir), aunque la internacional no hace referencia a que el operario Milton Keynes quitara la pegatina. <b>Multa al equipo energ\u00e9tico porque un miembro de su equipo ignor\u00f3 las \u00f3rdenes de los comisarios<\/b> y permaneci\u00f3 en zona prohibida. \u201cLos Comisarios Deportivos determinan que cualquier persona afiliada a un equipo u otras partes interesadas debe saber que est\u00e1 absolutamente prohibido entrar en la pista u obstaculizar las medidas de seguridad para la carrera despu\u00e9s de que se haya despejado la parrilla\u201d, dice la sentencia de la artima\u00f1a y sobre la que la BBC informa <b>de que no es la primera vez que ocurre, lo que ha llevado a McLaren a usar tiras m\u00e1s resistentes.<\/b> En Red Bull dijeron que se trata de un <b>malentendido<\/b>\u2026<\/p>\n<p class=\"\"><b>\u00a1Tus opiniones importan!<\/b> Comenta en los art\u00edculos y suscr\u00edbete gratis a nuestra <a href=\"https:\/\/asfan.as.com\/newsletters\/\" target=\"_blank\" rel=\"nofollow noopener\" title=\"https:\/\/asfan.as.com\/newsletters\/\">newsletter<\/a> y a las alertas informativas en la <a href=\"https:\/\/as.com\/aplicacion-de-as-n\/\" target=\"_blank\" rel=\"nofollow noopener\" title=\"https:\/\/as.com\/aplicacion-de-as-n\/\">App<\/a> o el canal de <a href=\"https:\/\/www.whatsapp.com\/channel\/0029VaAasdA7j6g745nz9M10\" target=\"_blank\" rel=\"nofollow noopener\" title=\"https:\/\/www.whatsapp.com\/channel\/0029VaAasdA7j6g745nz9M10\">WhatsApp<\/a>. \u00bfBuscas licenciar contenido? Haz clic <a href=\"https:\/\/profesional.elpais.com\/soluciones-sindicacion?utm_medium=interno&amp;utm_source=crosslinking&amp;utm_campaign=sindicacion_as_pie_articulos\" target=\"_blank\" rel=\"nofollow noopener\" title=\"https:\/\/profesional.elpais.com\/soluciones-sindicacion?utm_medium=interno&amp;utm_source=crosslinking&amp;utm_campaign=sindicacion_as_pie_articulos\">aqu\u00ed<\/a><\/p>\n","protected":false},"excerpt":{"rendered":"El Mundial de F\u00f3rmula 1 se aprieta y lo que hace poco parec\u00eda muy lejano, ahora es una&hellip;\n","protected":false},"author":2,"featured_media":189820,"comment_status":"","ping_status":"","sticky":false,"template":"","format":"standard","meta":{"footnotes":""},"categories":[270],"tags":[168,25,24,306,271,272,23,167],"class_list":{"0":"post-189819","1":"post","2":"type-post","3":"status-publish","4":"format-standard","5":"has-post-thumbnail","7":"category-formula-1","8":"tag-deportes","9":"tag-es","10":"tag-espana","11":"tag-f1","12":"tag-formula-1","13":"tag-formula1","14":"tag-spain","15":"tag-sports"},"share_on_mastodon":{"url":"https:\/\/pubeurope.com\/@es\/115407756672380761","error":""},"_links":{"self":[{"href":"https:\/\/www.europesays.com\/es\/wp-json\/wp\/v2\/posts\/189819","targetHints":{"allow":["GET"]}}],"collection":[{"href":"https:\/\/www.europesays.com\/es\/wp-json\/wp\/v2\/posts"}],"about":[{"href":"https:\/\/www.europesays.com\/es\/wp-json\/wp\/v2\/types\/post"}],"author":[{"embeddable":true,"href":"https:\/\/www.europesays.com\/es\/wp-json\/wp\/v2\/users\/2"}],"replies":[{"embeddable":true,"href":"https:\/\/www.europesays.com\/es\/wp-json\/wp\/v2\/comments?post=189819"}],"version-history":[{"count":0,"href":"https:\/\/www.europesays.com\/es\/wp-json\/wp\/v2\/posts\/189819\/revisions"}],"wp:featuredmedia":[{"embeddable":true,"href":"https:\/\/www.europesays.com\/es\/wp-json\/wp\/v2\/media\/189820"}],"wp:attachment":[{"href":"https:\/\/www.europesays.com\/es\/wp-json\/wp\/v2\/media?parent=189819"}],"wp:term":[{"taxonomy":"category","embeddable":true,"href":"https:\/\/www.europesays.com\/es\/wp-json\/wp\/v2\/categories?post=189819"},{"taxonomy":"post_tag","embeddable":true,"href":"https:\/\/www.europesays.com\/es\/wp-json\/wp\/v2\/tags?post=189819"}],"curies":[{"name":"wp","href":"https:\/\/api.w.org\/{rel}","templated":true}]}}