{"id":189821,"date":"2025-10-20T17:49:12","date_gmt":"2025-10-20T17:49:12","guid":{"rendered":"https:\/\/www.europesays.com\/es\/189821\/"},"modified":"2025-10-20T17:49:12","modified_gmt":"2025-10-20T17:49:12","slug":"el-coviran-asume-los-problemas-en-ataque-y-acude-al-mercado-buscando-un-refuerzo","status":"publish","type":"post","link":"https:\/\/www.europesays.com\/es\/189821\/","title":{"rendered":"El Covir\u00e1n asume los problemas en ataque y acude al mercado buscando un refuerzo"},"content":{"rendered":"<p class=\"v-mdl-ath__p v-mdl-ath__p--6\">\nLunes, 20 de octubre 2025, 15:46<\/p>\n<p class=\"v-p\">Tres jornadas ligueras le han bastado al Covir\u00e1n Granada para asumir la que se ha desvelado como la gran carencia en la plantilla rojinegra: la  &#8230; falta de generaci\u00f3n exterior en ataque. El rendimiento de Micah Speight est\u00e1 siendo a todas luces insuficiente para un equipo que solo tienen un creador puro m\u00e1s en el per\u00edmetro, en la figura de Jonathan Rousselle. La apuesta por un tirador de primer nivel como Matt Thomas, y no por un &#8216;combo&#8217; con capacidad de uno contra uno, como era el plan inicial de Ram\u00f3n D\u00edaz, dej\u00f3 a Rousselle y Speight como los \u00fanicos generadores exteriores puros del equipo, con la ayuda que pudieran aportar el citado Thomas o Jovan Kljajic, ninguno un gran especialista en dicho aspecto del juego, crucial hoy en d\u00eda dado lo importante que es encontrar espacios en las defensas rivales, con las zonas habitualmente colapsadas por f\u00edsicos dominantes de gran tama\u00f1o.<\/p>\n<p class=\"v-p\">Pero lo cierto y verdad es que, por el momento, a Speight le est\u00e1 viniendo muy grande el salto a la Liga Endesa, pareci\u00e9ndose en poco o nada al el\u00e9ctrico base dominante que ha demostrado ser en sus pasos por diferentes equipos de la Primera FEB. Ello est\u00e1 &#8216;sobreexplotando&#8217; a Rousselle,quien lleg\u00f3 con la lengua fuera al ep\u00edlogo del duelo ante el Baskonia y con cuatro faltas desde el minuto 35, pese a que D\u00edaz prefiri\u00f3 no sentarlo, en una evidente muestra de poca confianza en las posibilidades de Speight.<\/p>\n<p class=\"v-p\">En el seno interno del Covir\u00e1n no se es ajeno a un problema que est\u00e1 hipotecando el juego del equipo rojinegro, y es por ello que el club est\u00e1 oteando activamente el mercado a la caza y captura de un refuerzo que aumente de forma considerable su generaci\u00f3n exterior. Eso s\u00ed, la entidad granadina se topa con un problema ya conocido en cursos previos: el presupuesto es limitado y la capacidad para aumentar la masa salarial de la plantilla, muy escasa. Por ello, lo m\u00e1s probable es que, antes de que llegue un nuevo integrante al plantel, tenga que producirse alguna salida que genere algo de margen presupuestario. As\u00ed, no parece sencillo que ninguna operaci\u00f3n se cierre inminentemente.<\/p>\n<p class=\"v-crt__t\"> L\u00edmite de sesiones alcanzadas<\/p>\n<p class=\"v-crt__p\">El acceso al contenido Premium est\u00e1 abierto por cortes\u00eda del establecimiento donde te encuentras, pero ahora mismo hay demasiados usuarios conectados a las vez.<\/p>\n<p class=\"v-crt__p\">Por favor, int\u00e9ntalo pasados unos minutos.<\/p>\n<p>\nVolver a intentar\n<\/p>\n<p class=\"v-crt__t\">Sesi\u00f3n cerrada<\/p>\n<p class=\"v-crt__p\">Al iniciar sesi\u00f3n desde un dispositivo distinto, por seguridad, se cerr\u00f3 la \u00faltima sesi\u00f3n en este.<\/p>\n<p class=\"v-crt__p\">Para continuar disfrutando de su suscripci\u00f3n digital, inicie sesi\u00f3n en este dispositivo.<\/p>\n<p>\nEste contenido es exclusivo para suscriptores\n<\/p>\n<p class=\"text\">\u00bfTienes una suscripci\u00f3n? <a href=\"https:\/\/secure.ideal.es\/identidad\/inicio#vca=suscribete&amp;vso=ideal&amp;vmc=on&amp;vli=cdn-ce-link-login\" class=\"login\" data-voc-vtm-id=\"comienzoSuscripcionON\" data-voc-vtm-info=\"cdn-ce-link-login\" rel=\"nofollow noopener\" target=\"_blank\">Inicia sesi\u00f3n<\/a><\/p>\n<p>Reporta un error<\/p>\n","protected":false},"excerpt":{"rendered":"Lunes, 20 de octubre 2025, 15:46 Tres jornadas ligueras le han bastado al Covir\u00e1n Granada para asumir la&hellip;\n","protected":false},"author":2,"featured_media":189822,"comment_status":"","ping_status":"","sticky":false,"template":"","format":"standard","meta":{"footnotes":""},"categories":[269],"tags":[11645,21746,1422,299,298,51715,3446,168,25,24,1239,11781,2871,23,167],"class_list":{"0":"post-189821","1":"post","2":"type-post","3":"status-publish","4":"format-standard","5":"has-post-thumbnail","7":"category-baloncesto","8":"tag-acude","9":"tag-asume","10":"tag-ataque","11":"tag-baloncesto","12":"tag-basketball","13":"tag-buscando","14":"tag-coviran","15":"tag-deportes","16":"tag-es","17":"tag-espana","18":"tag-mercado","19":"tag-problemas","20":"tag-refuerzo","21":"tag-spain","22":"tag-sports"},"share_on_mastodon":{"url":"https:\/\/pubeurope.com\/@es\/115407759930611557","error":""},"_links":{"self":[{"href":"https:\/\/www.europesays.com\/es\/wp-json\/wp\/v2\/posts\/189821","targetHints":{"allow":["GET"]}}],"collection":[{"href":"https:\/\/www.europesays.com\/es\/wp-json\/wp\/v2\/posts"}],"about":[{"href":"https:\/\/www.europesays.com\/es\/wp-json\/wp\/v2\/types\/post"}],"author":[{"embeddable":true,"href":"https:\/\/www.europesays.com\/es\/wp-json\/wp\/v2\/users\/2"}],"replies":[{"embeddable":true,"href":"https:\/\/www.europesays.com\/es\/wp-json\/wp\/v2\/comments?post=189821"}],"version-history":[{"count":0,"href":"https:\/\/www.europesays.com\/es\/wp-json\/wp\/v2\/posts\/189821\/revisions"}],"wp:featuredmedia":[{"embeddable":true,"href":"https:\/\/www.europesays.com\/es\/wp-json\/wp\/v2\/media\/189822"}],"wp:attachment":[{"href":"https:\/\/www.europesays.com\/es\/wp-json\/wp\/v2\/media?parent=189821"}],"wp:term":[{"taxonomy":"category","embeddable":true,"href":"https:\/\/www.europesays.com\/es\/wp-json\/wp\/v2\/categories?post=189821"},{"taxonomy":"post_tag","embeddable":true,"href":"https:\/\/www.europesays.com\/es\/wp-json\/wp\/v2\/tags?post=189821"}],"curies":[{"name":"wp","href":"https:\/\/api.w.org\/{rel}","templated":true}]}}