{"id":189823,"date":"2025-10-20T17:50:12","date_gmt":"2025-10-20T17:50:12","guid":{"rendered":"https:\/\/www.europesays.com\/es\/189823\/"},"modified":"2025-10-20T17:50:12","modified_gmt":"2025-10-20T17:50:12","slug":"la-tercera-via-de-lappi-y-quintero-presenta-su-oferta-formal-para-comprar-el-sevilla-fc","status":"publish","type":"post","link":"https:\/\/www.europesays.com\/es\/189823\/","title":{"rendered":"La &#8216;Tercera v\u00eda&#8217; de Lapp\u00ed y Quintero presenta su oferta formal para comprar el Sevilla FC"},"content":{"rendered":"<p style=\"\">La <strong>venta del Sevilla FC<\/strong> prosigue su curso y con el paso de los d\u00edas se van definiendo los detalles de una transacci\u00f3n cada vez m\u00e1s cercana, con propuestas concretas para hacerse con los grandes paquetes de acciones de la entidad, en manos de  &#8230; las familias Del Nido, Carri\u00f3n, Guijarro, Castro y Al\u00e9s, adem\u00e1s del 14-15% controlado por los conocidos &#8216;Americanos&#8217;, ahora la aseguradora A-CAP.<\/p>\n<p class=\"voc-p\" style=\"\">Todos escuchan a los postores y se mueven para vender sus participaciones dentro de una operaci\u00f3n que busca la m\u00e1xima satisfacci\u00f3n de las partes, a ser posible tambi\u00e9n dejando el club <strong>en manos de una nueva gesti\u00f3n<\/strong> responsable, que se identifique lo m\u00e1s posible con la idiosincrasia de la instituci\u00f3n y con la solvencia suficiente para afrontar un <strong>proyecto complejo<\/strong>.<\/p>\n<p class=\"voc-p\" style=\"\">Este lunes llegan novedades al respecto. Tal y como anunciaron el pasado verano, los integrantes de la denominada<strong> &#8216;Tercera v\u00eda&#8217;<\/strong> encabezada por los empresarios <strong>Antonio Lapp\u00ed y Fede Quintero<\/strong> han presentado ya la oferta correspondiente para la compra de las acciones del Sevilla FC. <strong>Pagar\u00edan unos 2.400 euros por t\u00edtulo<\/strong>, seg\u00fan informa Radio Sevilla.<\/p>\n<p class=\"voc-p\" style=\"\">Fue a <strong>finales de junio<\/strong> cuando <strong>Lapp\u00ed<\/strong> confirm\u00f3 p\u00fablicamente su decisi\u00f3n de hacerse con el Sevilla FC: \u00abNosotros lo que queremos en nuestro caso es intentar tener la posibilidad de <strong>adquirir un paquete mayoritario<\/strong> en donde puedas tener la gesti\u00f3n y que pueda darle estabilidad a la entidad. Con un plan, l\u00f3gicamente, trazado, una ruta de crecimiento, con un equipo con mucho talento, de profesionales y, bueno, no me cabe la menor duda de que podemos tener ese resultado a medio-largo plazo. Estamos hablando de una transacci\u00f3n l\u00f3gicamente compleja, ya no es s\u00f3lo el tema econ\u00f3mico, lo importante es alinear los intereses, poder salvar eso ya es importante, tambi\u00e9n en los propios despachos de profesionales que puedan llegar a un acuerdo entre todos, esperemos, al final de este trayecto que estamos recorriendo\u00bb, explic\u00f3 el ya ofertante.<\/p>\n<p class=\"voc-p\" style=\"\">Con esta propuesta que ya tienen en su poder y valoran los accionistas de referencia, ser\u00edan ya <strong>hasta seis<\/strong> las que han llegado al club de Nervi\u00f3n por parte de los diferentes grupos o inversores interesados. Todos ellos han analizado minuciosamente y desmenuzado la documentaci\u00f3n antes de realizar su oferta final por el paquete completo.<\/p>\n<p class=\"voc-p\" style=\"\">Entre los otros posibles compradores, ABC de Sevilla ya inform\u00f3 de la propuesta que lleg\u00f3 hace alrededor de un a\u00f1o del <strong>empresario estadounidense Gabriel de Alba<\/strong>, con fama de reflotar empresas en problemas. Su primer acercamiento fue tambi\u00e9n de unos <strong>2.400 euros por acci\u00f3n<\/strong>.<\/p>\n<p class=\"voc-p\" style=\"\">Los accionistas vendedores buscan la <strong>transacci\u00f3n m\u00e1s favorable<\/strong>  para sus intereses econ\u00f3micos aunque <strong>no eluden la responsabilidad de garantizar la mejor v\u00eda posible<\/strong> de futuro para el club. Entienden en este sentido que el Sevilla FC no puede caer en manos de cualquiera. Ah\u00ed se reivindican <strong>Antonio Lapp\u00ed y Fede Quintero<\/strong>, sevillistas y hombres de \u00e9xito en sus negocios, cercanos tambi\u00e9n a la afici\u00f3n, a la ciudad, y con el plus de peso de contar con el as en la manga del posible regreso de <strong>Monchi<\/strong>.<\/p>\n<p class=\"voc-p\" style=\"\">\u00abCreo que tenemos la oportunidad de que <strong>gente como nosotros, gente sevillista y sevillanos,<\/strong> pues podamos llegar l\u00f3gicamente a ese objetivo. Yo creo que s\u00ed, yo creo que entre todos con generosidad podremos llegar\u00bb, sentenci\u00f3 Antonio <strong>Lapp\u00ed<\/strong> sobre su decidido plan para desembarcar en el Sevilla FC. Al hablar de \u00abgenerosidad\u00bb asum\u00eda claramente que la oferta a presentar deb\u00eda ser convincente, valorando debidamente las participaciones.<\/p>\n<p class=\"voc-p\" style=\"\">Las acciones del Sevilla FC llegaron a alcanzar en su mejor momento los 3.000-4.000 euros por t\u00edtulo. Pero ese valor ha ca\u00eddo en los \u00faltimos a\u00f1os por la deuda galopante de la entidad y los compromisos de pago adquiridos para devolver los pr\u00e9stamos suscritos.<\/p>\n<p class=\"voc-p\" style=\"\">Este medio ya explic\u00f3 que el precio que se discute en las actuales conversaciones fluct\u00faa <strong>entre los 2.400 y 2.800 euros por acci\u00f3n<\/strong>, es decir, el potencial comprador ha de desembolsar en torno a 250 millones de euros s\u00f3lo en la compra de acciones, asumiendo a su vez la deuda y cr\u00e9ditos firmados, por lo que la operaci\u00f3n se marchar\u00eda, como poco, a unos <strong>320-350 millones<\/strong> de euros.<\/p>\n","protected":false},"excerpt":{"rendered":"La venta del Sevilla FC prosigue su curso y con el paso de los d\u00edas se van definiendo&hellip;\n","protected":false},"author":2,"featured_media":189824,"comment_status":"","ping_status":"","sticky":false,"template":"","format":"standard","meta":{"footnotes":""},"categories":[268],"tags":[1410,168,25,24,280,44729,282,53106,6046,2782,37862,1171,281,23,167,2393,3252],"class_list":{"0":"post-189823","1":"post","2":"type-post","3":"status-publish","4":"format-standard","5":"has-post-thumbnail","7":"category-futbol","8":"tag-comprar","9":"tag-deportes","10":"tag-es","11":"tag-espana","12":"tag-football","13":"tag-formal","14":"tag-futbol","15":"tag-lappi","16":"tag-oferta","17":"tag-presenta","18":"tag-quintero","19":"tag-sevilla","20":"tag-soccer","21":"tag-spain","22":"tag-sports","23":"tag-tercera","24":"tag-via"},"share_on_mastodon":{"url":"https:\/\/pubeurope.com\/@es\/115407763828586789","error":""},"_links":{"self":[{"href":"https:\/\/www.europesays.com\/es\/wp-json\/wp\/v2\/posts\/189823","targetHints":{"allow":["GET"]}}],"collection":[{"href":"https:\/\/www.europesays.com\/es\/wp-json\/wp\/v2\/posts"}],"about":[{"href":"https:\/\/www.europesays.com\/es\/wp-json\/wp\/v2\/types\/post"}],"author":[{"embeddable":true,"href":"https:\/\/www.europesays.com\/es\/wp-json\/wp\/v2\/users\/2"}],"replies":[{"embeddable":true,"href":"https:\/\/www.europesays.com\/es\/wp-json\/wp\/v2\/comments?post=189823"}],"version-history":[{"count":0,"href":"https:\/\/www.europesays.com\/es\/wp-json\/wp\/v2\/posts\/189823\/revisions"}],"wp:featuredmedia":[{"embeddable":true,"href":"https:\/\/www.europesays.com\/es\/wp-json\/wp\/v2\/media\/189824"}],"wp:attachment":[{"href":"https:\/\/www.europesays.com\/es\/wp-json\/wp\/v2\/media?parent=189823"}],"wp:term":[{"taxonomy":"category","embeddable":true,"href":"https:\/\/www.europesays.com\/es\/wp-json\/wp\/v2\/categories?post=189823"},{"taxonomy":"post_tag","embeddable":true,"href":"https:\/\/www.europesays.com\/es\/wp-json\/wp\/v2\/tags?post=189823"}],"curies":[{"name":"wp","href":"https:\/\/api.w.org\/{rel}","templated":true}]}}