{"id":189827,"date":"2025-10-20T17:53:08","date_gmt":"2025-10-20T17:53:08","guid":{"rendered":"https:\/\/www.europesays.com\/es\/189827\/"},"modified":"2025-10-20T17:53:08","modified_gmt":"2025-10-20T17:53:08","slug":"fundacion-unicaja-presenta-en-la-feria-del-libro-de-sevilla-una-reedicion-ampliada-de-sociologia-del-cante-flamenco","status":"publish","type":"post","link":"https:\/\/www.europesays.com\/es\/189827\/","title":{"rendered":"Fundaci\u00f3n Unicaja presenta en la Feria del Libro de Sevilla una reedici\u00f3n ampliada de &#8216;Sociolog\u00eda del cante flamenco&#8217;"},"content":{"rendered":"<p>La obra se dar\u00e1 a conocer el jueves en un acto con el autor en la Feria del Libro<\/p>\n<p>   SEVILLA, 20 Oct. (EUROPA PRESS) &#8211; <\/p>\n<p>   Fundaci\u00f3n Unicaja presenta este jueves una reedici\u00f3n ampliada del libro &#8216;Sociolog\u00eda del cante flamenco&#8217;, de Gerhard Steingress, en el marco de la Feria del Libro de Sevilla, en el espacio con el cuenta la entidad en los Jardines de Murillo, escenario de nuevo de este evento cultural.<\/p>\n<p>   En este sentido, el responsable de literatura de la Fundaci\u00f3n Unicaja, Francisco Ca\u00f1adas; el autor y doctor en Sociolog\u00eda y Ciencias Pol\u00edticas Gerhard Steingress; la flamenc\u00f3loga y profesora de la Universidad de Granada Elena Galad\u00ed y el guitarrista y Catedr\u00e1tico de Flamencolog\u00eda en el Conservatorio Superior de M\u00fasica de C\u00f3rdoba Guillermo Castro Buend\u00eda participar\u00e1n en la presentaci\u00f3n de esta obra, pionera en la investigaci\u00f3n en torno al flamenco, informa la Fundaci\u00f3n en un comunicado.<\/p>\n<p>    La obra, reeditada por el Servicio de Publicaciones de Fundaci\u00f3n Unicaja y comentada por Elena Galad\u00ed, ha supuesto una revoluci\u00f3n en los estudios flamenc\u00f3logos, abriendo la puerta a la nueva promoci\u00f3n de investigadores e historiadores que han fijado con mayor rigor cient\u00edfico el origen y la evoluci\u00f3n del arte flamenco.<\/p>\n<p>    Esta reedici\u00f3n del libro, publicado originalmente en el a\u00f1o 2005, aborda c\u00f3mo la investigaci\u00f3n alrededor del flamenco cambi\u00f3 de manera radical a finales de la d\u00e9cada de 1980. Los estudios sociol\u00f3gicos y est\u00e9ticos de Gerhard Steingress contribuyeron a esta transformaci\u00f3n de manera radical. En la actualidad, el flamenco ya se encuentra aceptado como objeto de estudio acad\u00e9mico, ya que a la paulatina profesionalizaci\u00f3n de sus artistas le ha seguido igualmente la de sus estudiosos, ya lejos de la mera afici\u00f3n y de la anterior flamencolog\u00eda, anclada en mistificaciones m\u00e1s o menos interesadas.<\/p>\n<p>    Al respecto, la obra de Steingress fue uno de los primeros trabajos en estudiar el flamenco desde el rigor acad\u00e9mico y el primero en lo que a la s\u00edntesis de datos sociohist\u00f3ricos y socioculturales se refiere.<\/p>\n<p>GERHARD STEINGRESS<\/p>\n<p>   Gerhard Steingress es doctor de Sociolog\u00eda y Ciencias Pol\u00edticas. Hasta 1989 fue profesor en la Universidad de Klagenfurt (Austria). Tras su traslado a Espa\u00f1a investig\u00f3 como profesor titular de Sociolog\u00eda en la Universidad de Sevilla (1996-2013). Es experto en temas flamencos y relacionados con la hibridaci\u00f3n transcultural en la m\u00fasica.<\/p>\n<p>    Steingress es autor de numerosas publicaciones y conferencias dedicadas a la sociolog\u00eda de la cultura y del arte, la etnomusicolog\u00eda, la m\u00fasica popular, especialmente al flamenco como fen\u00f3meno sociocultural e ideol\u00f3gico, la etnomusicolog\u00eda, as\u00ed como a temas relacionados con la globalizaci\u00f3n y la postmodernidad.<\/p>\n<p>    En 1987, la austriaca Fundaci\u00f3n para el Patrocinio de la Investigaci\u00f3n Cient\u00edfica (Fonds zur F\u00f6rderung der Wissenschaftlichen Forschung) patrocin\u00f3 su proyecto &#8216;Flamenco y cambio social&#8217; que llev\u00f3 a cabo en Jerez y recibi\u00f3 el apoyo de la C\u00e1tedra de Flamencolog\u00eda y Estudios Folcl\u00f3ricos Andaluces de Jerez de la Frontera (C\u00e1diz) y de la Fundaci\u00f3n Andaluza de Flamenco.<\/p>\n<p>    Adem\u00e1s, obtuvo el III Premio de Investigaci\u00f3n de la Fundaci\u00f3n Andaluza de Flamenco en 1991 por su trabajo &#8216;El cante flamenco: un arte postrom\u00e1ntico&#8217;.<\/p>\n","protected":false},"excerpt":{"rendered":"La obra se dar\u00e1 a conocer el jueves en un acto con el autor en la Feria del&hellip;\n","protected":false},"author":2,"featured_media":189828,"comment_status":"","ping_status":"","sticky":false,"template":"","format":"standard","meta":{"footnotes":""},"categories":[172],"tags":[224,146,147,25,24,225,23],"class_list":{"0":"post-189827","1":"post","2":"type-post","3":"status-publish","4":"format-standard","5":"has-post-thumbnail","7":"category-libros","8":"tag-books","9":"tag-entertainment","10":"tag-entretenimiento","11":"tag-es","12":"tag-espana","13":"tag-libros","14":"tag-spain"},"share_on_mastodon":{"url":"https:\/\/pubeurope.com\/@es\/115407775634234283","error":""},"_links":{"self":[{"href":"https:\/\/www.europesays.com\/es\/wp-json\/wp\/v2\/posts\/189827","targetHints":{"allow":["GET"]}}],"collection":[{"href":"https:\/\/www.europesays.com\/es\/wp-json\/wp\/v2\/posts"}],"about":[{"href":"https:\/\/www.europesays.com\/es\/wp-json\/wp\/v2\/types\/post"}],"author":[{"embeddable":true,"href":"https:\/\/www.europesays.com\/es\/wp-json\/wp\/v2\/users\/2"}],"replies":[{"embeddable":true,"href":"https:\/\/www.europesays.com\/es\/wp-json\/wp\/v2\/comments?post=189827"}],"version-history":[{"count":0,"href":"https:\/\/www.europesays.com\/es\/wp-json\/wp\/v2\/posts\/189827\/revisions"}],"wp:featuredmedia":[{"embeddable":true,"href":"https:\/\/www.europesays.com\/es\/wp-json\/wp\/v2\/media\/189828"}],"wp:attachment":[{"href":"https:\/\/www.europesays.com\/es\/wp-json\/wp\/v2\/media?parent=189827"}],"wp:term":[{"taxonomy":"category","embeddable":true,"href":"https:\/\/www.europesays.com\/es\/wp-json\/wp\/v2\/categories?post=189827"},{"taxonomy":"post_tag","embeddable":true,"href":"https:\/\/www.europesays.com\/es\/wp-json\/wp\/v2\/tags?post=189827"}],"curies":[{"name":"wp","href":"https:\/\/api.w.org\/{rel}","templated":true}]}}