{"id":189831,"date":"2025-10-20T17:55:09","date_gmt":"2025-10-20T17:55:09","guid":{"rendered":"https:\/\/www.europesays.com\/es\/189831\/"},"modified":"2025-10-20T17:55:09","modified_gmt":"2025-10-20T17:55:09","slug":"reedicion-de-manowar-de-louder-than-hell-rush-anuncian-mas-fechas-fallece-el-guitarrista-de-sagrat-serafin-mendoza","status":"publish","type":"post","link":"https:\/\/www.europesays.com\/es\/189831\/","title":{"rendered":"Reedici\u00f3n de MANOWAR de \u201cLouder Than Hell\u201d. RUSH anuncian m\u00e1s fechas. Fallece el guitarrista de SAGRAT Seraf\u00edn Mendoza."},"content":{"rendered":"<p>\u00a0<\/p>\n<p style=\"text-align: center;\"><a href=\"#MANOWAR\"><strong>Reedici\u00f3n de MANOWAR de \u201cLouder Than Hell<\/strong><\/a><strong>\u201d \u2013 <a href=\"#RUSH\">RUSH anuncian m\u00e1s fechas<\/a> \u2013 <a href=\"#SAGRAT\">Fallece el guitarrista de SAGRAT Seraf\u00edn Mendoza.<\/a><\/strong><\/p>\n<p>Con motivo de su trig\u00e9simo aniversario, el disco de <a href=\"https:\/\/manowar.com\/\" target=\"_blank\" rel=\"noopener nofollow\"><strong>MANOWAR<\/strong><\/a> \u201cLouder Than Hell\u201d ha sido reeditado en doble vinilo tipo m\u00e1rmol color granate.<\/p>\n<p>La banda sigue preparando un <a href=\"https:\/\/www.rafabasa.com\/2025\/07\/16\/manowar-in-this-moment-benefactor-decease\/#MANOWAR\" rel=\"nofollow noopener\" target=\"_blank\">nuevo disco<\/a> y en principio est\u00e1 <a href=\"https:\/\/www.rafabasa.com\/2025\/05\/25\/manowar-foreigner-doro\/#MANOWAR\" rel=\"nofollow noopener\" target=\"_blank\">regrabando su disco<\/a> \u201cSign Of The Hammer\u201d.<\/p>\n<p><img fetchpriority=\"high\" decoding=\"async\" src=\"https:\/\/www.europesays.com\/es\/wp-content\/uploads\/2025\/10\/ManowarLouder.jpg\" alt=\"manowar\" width=\"500\" height=\"500\"\/><\/p>\n<p>Ten\u00e9is fotos de su paso por Pamplona en este <a href=\"https:\/\/www.rafabasa.com\/2025\/03\/14\/fotos-de-manowar-en-el-kingdom-of-rock-festival-2025\/\" rel=\"nofollow noopener\" target=\"_blank\">enlace<\/a> y la cr\u00f3nica de su actuaci\u00f3n en <a href=\"https:\/\/www.rafabasa.com\/2025\/03\/12\/cronica-y-fotos-del-kingdom-of-rock-festival-con-manowar-doro-freedom-call-electrikeel\/\" rel=\"nofollow noopener\" target=\"_blank\">este<\/a>.<\/p>\n<p>\u00a0<\/p>\n<p>\u00a0<\/p>\n<p><a href=\"https:\/\/www.rush.com\/\" target=\"_blank\" rel=\"noopener nofollow\"><strong>RUSH<\/strong><\/a> han ampliado su gira de reuni\u00f3n debido a la tremenda demanda.<\/p>\n<p>Este es el itinerario completo:<\/p>\n<p>Junio<\/p>\n<ul type=\"disc\">\n<li>07 Kia Forum, Los \u00c1ngeles, CA, EE UU (agotado)<\/li>\n<li>09 Kia Forum, Los \u00c1ngeles, CA, EE UU (agotado)<\/li>\n<li>11 Kia Forum, Los \u00c1ngeles, CA, EE UU (agotado)<\/li>\n<li>13 Kia Forum, Los \u00c1ngeles, CA, EE UU (agotado)<\/li>\n<li>18 Palacio de los Deportes, Ciudad de M\u00e9xico, M\u00e9xico<\/li>\n<li>24 Dickies Arena, Fort Worth, TX, EE UU (agotado)<\/li>\n<li>26 Dickies Arena, Fort Worth, TX, EE UU (agotado)<\/li>\n<li>28 Dickies Arena, Fort Worth, TX, EE UU (agotado)<\/li>\n<li>30 Dickies Arena, Fort Worth, TX, EE UU (agotado)<\/li>\n<\/ul>\n<p>Julio<\/p>\n<ul type=\"disc\">\n<li>16 United Center, Chicago, IL, EE UU (agotado)<\/li>\n<li>18 United Center, Chicago, IL, EE UU (agotado)<\/li>\n<li>20 United Center, Chicago, IL, EE UU (agotado)<\/li>\n<li>22 United Center, Chicago, IL, EE UU (agotado)<\/li>\n<li>28 Madison Square Garden, New York, NY, EE UU (agotado)<\/li>\n<li>30 Madison Square Garden, New York, NY, EE UU (agotado)<\/li>\n<\/ul>\n<p>Agosto<\/p>\n<ul type=\"disc\">\n<li>01 Madison Square Garden, New York, NY, EE UU (agotado)<\/li>\n<li>03 Madison Square Garden, New York, NY, EE UU (agotado)<\/li>\n<li>07 Scotiabank Arena, Toronto, ON, Canad\u00e1 (agotado)<\/li>\n<li>09 Scotiabank Arena, Toronto, ON, Canad\u00e1 (agotado)<\/li>\n<li>11 Scotiabank Arena, Toronto, ON, Canad\u00e1 (agotado)<\/li>\n<li>13 Scotiabank Arena, Toronto, ON, Canad\u00e1 (agotado)<\/li>\n<li>21 Xfinity Mobile Arena, Filadelfia, PA (nueva fecha)<\/li>\n<li>26 Little Caesars Arena, Detroit, MI (nueva fecha)<\/li>\n<\/ul>\n<p>Septiembre<\/p>\n<ul type=\"disc\">\n<li>02 Bell Centre, Montreal, QC (nueva fecha)<\/li>\n<li>12 TD Garden, Boston, MA (nueva fecha)<\/li>\n<li>17 Rocket Arena, Cleveland, OH, EE UU (agotado)<\/li>\n<li>19 Rocket Arena, Cleveland, OH, EE UU (agotado)<\/li>\n<li>23 Frost Bank Center, San Antonio, TX (nueva fecha)<\/li>\n<\/ul>\n<p>Octubre<\/p>\n<ul>\n<li>05 Ball Arena, Denver, CO (nueva fecha)<\/li>\n<li>10 Climate Pledge, Seattle, WA Arena (nueva fecha)<\/li>\n<li>15 SAP Center, San Jos\u00e9, CA (nueva fecha)<\/li>\n<li>25 Capital One Arena, Washington D.C. (nueva fecha)<\/li>\n<li>30 Mohegan Sun Arena, Uncasville, CT (nueva fecha)<\/li>\n<\/ul>\n<p>Noviembre<\/p>\n<ul>\n<li>05 Hard Rock Live, Hollywood, FL (nueva fecha)<\/li>\n<li>09 Benchmark International Arena, Tampa, FL (nueva fecha)<\/li>\n<li>20 Spectrum Center, Charlotte, NC (nueva fecha)<\/li>\n<li>25 State Farm Arena, Atlanta, GA (nueva fecha)<\/li>\n<\/ul>\n<p>Diciembre<\/p>\n<ul>\n<li>01 Desert Diamond Arena, Glendale, AZ (nueva fecha)<\/li>\n<li>10 Rogers Place, Edmonton, AB (nueva fecha)<\/li>\n<li>15 Rogers Arena, Vancouver, BC (nueva fecha)<\/li>\n<\/ul>\n<p>En la bater\u00eda estar\u00e1 la alemana <a href=\"https:\/\/www.facebook.com\/AnikaNilles\" target=\"_blank\" rel=\"noopener nofollow\"><strong>Anika Nilles<\/strong><\/a>, bater\u00eda de Jeff Beck y que ha sacado cuatro discos en solitario, y tambi\u00e9n habr\u00e1 uno o dos m\u00fasicos m\u00e1s para ampliar el sonido del grupo. La banda tambi\u00e9n est\u00e1 preparando un nuevo espect\u00e1culo para el periplo.<\/p>\n<p>M\u00e1s sobre la reuni\u00f3n en este <a href=\"https:\/\/www.rafabasa.com\/2025\/10\/06\/rush-avulsed-manigance\/#RUSH\" rel=\"nofollow noopener\" target=\"_blank\">bloque<\/a>.<\/p>\n<p>Las \u00faltimas noticias y lanzamientos de <a href=\"https:\/\/www.rush.com\/\" target=\"_blank\" rel=\"noopener nofollow\"><strong>RUSH<\/strong><\/a> en este <a href=\"https:\/\/www.rafabasa.com\/2025\/06\/06\/kreator-rush-yngwie-malmsteen\/#RUSH\" target=\"_blank\" rel=\"noopener nofollow\">bloque<\/a>.<\/p>\n<p>\u00a0<\/p>\n<p>\u00a0<\/p>\n<p>El guitarrista <strong>Seraf\u00edn Mendoza<\/strong> falleci\u00f3 hace unos d\u00edas a los 56 a\u00f1os.<\/p>\n<p>Lo hemos confirmado tras hablar con Juan Kass. \u00a0el manager de <strong>SAGRAT<\/strong>.<\/p>\n<p>Parece que se lo ha llevado un c\u00e1ncer fulminante.<\/p>\n<p>El m\u00fasico valenciano militaba actualmente en <strong>SAGRAT<\/strong>, donde llevaba desde 2021, pero tambi\u00e9n pas\u00f3 por bandas como EYREM o ZARPA. Adem\u00e1s de sacar dos discos en solitario.<\/p>\n<p>Desde RafaBasa.Com enviar nuestras condolencias a amigos y familiares.<\/p>\n<p><img loading=\"lazy\" decoding=\"async\" src=\"https:\/\/www.europesays.com\/es\/wp-content\/uploads\/2025\/10\/sagrat7.jpg\" alt=\"SAGRAT\" width=\"375\" height=\"500\"\/><\/p>\n<p>\u00a0<\/p>\n<p align=\"center\"><strong>Sigue el\u00a0<a href=\"https:\/\/whatsapp.com\/channel\/0029VaCprxVBA1f555USvT2O\" target=\"_blank\" rel=\"nofollow noopener\">Canal de RAFABASA.COM en WhatsApp<\/a>, donde encontrar\u00e1s todas nuestras novedades al instante<\/strong><\/p>\n<p>\u00a0<\/p>\n<p>\u00a0<\/p>\n<p>\u00a0<\/p>\n","protected":false},"excerpt":{"rendered":"\u00a0 Reedici\u00f3n de MANOWAR de \u201cLouder Than Hell\u201d \u2013 RUSH anuncian m\u00e1s fechas \u2013 Fallece el guitarrista de&hellip;\n","protected":false},"author":2,"featured_media":189832,"comment_status":"","ping_status":"","sticky":false,"template":"","format":"standard","meta":{"footnotes":""},"categories":[170],"tags":[146,147,25,24,53107,184,185,53108,53109,23],"class_list":{"0":"post-189831","1":"post","2":"type-post","3":"status-publish","4":"format-standard","5":"has-post-thumbnail","7":"category-musica","8":"tag-entertainment","9":"tag-entretenimiento","10":"tag-es","11":"tag-espana","12":"tag-manowar","13":"tag-music","14":"tag-musica","15":"tag-rush","16":"tag-sagrat","17":"tag-spain"},"share_on_mastodon":{"url":"https:\/\/pubeurope.com\/@es\/115407783820427748","error":""},"_links":{"self":[{"href":"https:\/\/www.europesays.com\/es\/wp-json\/wp\/v2\/posts\/189831","targetHints":{"allow":["GET"]}}],"collection":[{"href":"https:\/\/www.europesays.com\/es\/wp-json\/wp\/v2\/posts"}],"about":[{"href":"https:\/\/www.europesays.com\/es\/wp-json\/wp\/v2\/types\/post"}],"author":[{"embeddable":true,"href":"https:\/\/www.europesays.com\/es\/wp-json\/wp\/v2\/users\/2"}],"replies":[{"embeddable":true,"href":"https:\/\/www.europesays.com\/es\/wp-json\/wp\/v2\/comments?post=189831"}],"version-history":[{"count":0,"href":"https:\/\/www.europesays.com\/es\/wp-json\/wp\/v2\/posts\/189831\/revisions"}],"wp:featuredmedia":[{"embeddable":true,"href":"https:\/\/www.europesays.com\/es\/wp-json\/wp\/v2\/media\/189832"}],"wp:attachment":[{"href":"https:\/\/www.europesays.com\/es\/wp-json\/wp\/v2\/media?parent=189831"}],"wp:term":[{"taxonomy":"category","embeddable":true,"href":"https:\/\/www.europesays.com\/es\/wp-json\/wp\/v2\/categories?post=189831"},{"taxonomy":"post_tag","embeddable":true,"href":"https:\/\/www.europesays.com\/es\/wp-json\/wp\/v2\/tags?post=189831"}],"curies":[{"name":"wp","href":"https:\/\/api.w.org\/{rel}","templated":true}]}}