{"id":189841,"date":"2025-10-20T18:00:11","date_gmt":"2025-10-20T18:00:11","guid":{"rendered":"https:\/\/www.europesays.com\/es\/189841\/"},"modified":"2025-10-20T18:00:11","modified_gmt":"2025-10-20T18:00:11","slug":"transforma-tus-fotos-en-el-galaxy-s25-fe-en-solo-tres-pasos-samsung-newsroom-latinoamerica","status":"publish","type":"post","link":"https:\/\/www.europesays.com\/es\/189841\/","title":{"rendered":"Transforma tus fotos en el Galaxy S25 FE en solo tres pasos \u2013 Samsung Newsroom Latinoam\u00e9rica"},"content":{"rendered":"<p>                            La Edici\u00f3n Generativa de Galaxy AI simplifica el ajuste, redimensionamiento, reposicionamiento o eliminaci\u00f3n de objetos de cualquier imagen de forma intuitiva y con resultados naturales, potenciando la creatividad del usuario<\/p>\n<p><img loading=\"lazy\" decoding=\"async\" class=\"aligncenter wp-image-28533\" src=\"https:\/\/www.europesays.com\/es\/wp-content\/uploads\/2025\/10\/005-galaxy-s25-fe-lifestyle.jpg\" alt=\"\" width=\"1000\" height=\"563\"  \/><\/p>\n<p>\u00a0<\/p>\n<p>La fotograf\u00eda perfecta es m\u00e1s accesible que nunca con el m\u00e1s reciente lanzamiento de Samsung, el <a href=\"https:\/\/www.samsung.com\/latin\/smartphones\/galaxy-s\/galaxy-s25-fe-jetblack-512gb-sm-s731bzkpgto\/\" target=\"_blank\" rel=\"noopener nofollow\">Galaxy S25 FE<\/a>. Equipado con funciones avanzadas de Galaxy AI, uno de los aspectos m\u00e1s destacados es la herramienta de Edici\u00f3n Generativa, que utiliza inteligencia artificial para analizar y recrear im\u00e1genes, permitiendo a los usuarios ajustar sus fotos de manera sencilla y obtener resultados impresionantes.<\/p>\n<p>\u00a0<\/p>\n<p>La Edici\u00f3n Generativa no solo permite eliminar o mover objetos, sino tambi\u00e9n ampliar el escenario de una foto, con la IA rellenando el fondo a la perfecci\u00f3n. A continuaci\u00f3n, una gu\u00eda detallada paso a paso para que domines esta funcionalidad y eleves el nivel de tus fotograf\u00edas.<\/p>\n<p>\u00a0<\/p>\n<p><img loading=\"lazy\" decoding=\"async\" class=\"aligncenter wp-image-28534\" src=\"https:\/\/www.europesays.com\/es\/wp-content\/uploads\/2025\/10\/002-galaxy-s25-fe-generative-edit.jpg\" alt=\"\" width=\"1000\" height=\"563\"  \/><\/p>\n<p>\u00a0<\/p>\n<p><strong>C\u00f3mo usar la Edici\u00f3n Generativa del Galaxy S25 FE:<\/strong><\/p>\n<p>\u00a0<\/p>\n<ol>\n<li><strong>Selecciona la foto y activa la edici\u00f3n:<\/strong> Abre la Galer\u00eda en tu Galaxy S25 FE y elige la imagen que deseas editar. A continuaci\u00f3n, toca el \u00edcono de Asistente de fotograf\u00eda (generalmente representado por un conjunto de estrellas) para acceder a las herramientas de edici\u00f3n generativa.<\/li>\n<li><strong>Accede a la Edici\u00f3n Generativa y selecciona el objeto:<\/strong> En el modo de edici\u00f3n, toca el \u00edcono de Edici\u00f3n Generativa para activar la funci\u00f3n. Con el dedo, dibuja una l\u00ednea alrededor del objeto que deseas modificar o simplemente t\u00f3calo para seleccionarlo.<\/li>\n<li><strong>Ajusta, genera la nueva imagen y gu\u00e1rdala:<\/strong> Despu\u00e9s de seleccionar el objeto, puedes redimensionarlo, moverlo (manteni\u00e9ndolo presionado) o incluso eliminarlo. Si quieres enderezar la imagen, utiliza el indicador de inclinaci\u00f3n. Cuando est\u00e9s satisfecho, toca en \u201cGenerar\u201d para que Galaxy AI procese y recree la imagen de la forma m\u00e1s natural posible. Finalmente, haz clic en \u201cGuardar copia\u201d para guardar la nueva versi\u00f3n como una copia, conservando la original<a href=\"#_ftn1\" name=\"_ftnref1\">[1]<\/a>.<\/li>\n<\/ol>\n<p>\u00a0<\/p>\n<p><img loading=\"lazy\" decoding=\"async\" class=\"aligncenter wp-image-28535\" src=\"https:\/\/www.europesays.com\/es\/wp-content\/uploads\/2025\/10\/003-galaxy-s25-fe-lifestyle-2.jpg\" alt=\"\" width=\"1000\" height=\"573\"  \/><\/p>\n<p>\u00a0<\/p>\n<p><strong>Creado para potenciar la creatividad en todos los niveles<\/strong><\/p>\n<p>\u00a0<\/p>\n<p>El <a href=\"https:\/\/www.samsung.com\/latin\/smartphones\/galaxy-s\/galaxy-s25-fe-jetblack-512gb-sm-s731bzkpgto\/\" target=\"_blank\" rel=\"noopener nofollow\">Galaxy S25 FE<\/a> ha sido dise\u00f1ado para ser la puerta de entrada a las tecnolog\u00edas de IA de Samsung, ofreciendo una experiencia de c\u00e1mara premium. Equipado con el Asistente de Fotograf\u00eda, el smartphone facilita la edici\u00f3n directamente en el dispositivo con precisi\u00f3n y sencillez.<\/p>\n<p>\u00a0<\/p>\n<p>Su c\u00e1mara frontal ha sido actualizada a 12 MP, capturando selfies con mayor claridad, mientras que el AI Pro Visual Engine, presente en toda la l\u00ednea Galaxy S25, garantiza fotos y videos de alta calidad. Funciones como el Nightography mejorado y el Super HDR en video aseguran colores y contrastes realistas, incluso en condiciones de poca luz.<\/p>\n<p>\u00a0<\/p>\n<p>Adem\u00e1s, la Edici\u00f3n Generativa detecta autom\u00e1ticamente a las personas en el fondo de las fotos y sugiere proactivamente qu\u00e9 se puede eliminar, eliminando la necesidad de selecciones manuales. El smartphone tambi\u00e9n cuenta con la C\u00e1mara Lenta Instant\u00e1nea, que convierte cualquier clip en c\u00e1mara lenta con un solo toque, y el Eliminador de Ruido, que ofrece un control preciso sobre los sonidos en los videos.<\/p>\n<p>\u00a0<\/p>\n<p>El <a href=\"https:\/\/www.samsung.com\/latin\/smartphones\/galaxy-s\/galaxy-s25-fe-jetblack-512gb-sm-s731bzkpgto\/\" target=\"_blank\" rel=\"noopener nofollow\">Galaxy S25 FE<\/a> ya est\u00e1 disponible en la regi\u00f3n con 256 GB de almacenamiento, en los colores Azul, Azul Marino y Jetblack.<\/p>\n<p>\u00a0<\/p>\n<p>Para obtener m\u00e1s informaci\u00f3n, visita <a href=\"https:\/\/news.samsung.com\/latin\/\" rel=\"nofollow noopener\" target=\"_blank\">Samsung Newsroom Latinoam\u00e9rica<\/a>.<\/p>\n<p>\u00a0<\/p>\n<p><a href=\"#_ftnref1\" name=\"_ftn1\">[1]<\/a> Es importante se\u00f1alar que el contenido generado por IA tendr\u00e1 una marca de agua para indicar la edici\u00f3n. Para utilizar la Edici\u00f3n Generativa, es necesario tener conexi\u00f3n a internet y haber iniciado sesi\u00f3n en una cuenta de Samsung.<\/p>\n","protected":false},"excerpt":{"rendered":"La Edici\u00f3n Generativa de Galaxy AI simplifica el ajuste, redimensionamiento, reposicionamiento o eliminaci\u00f3n de objetos de cualquier imagen&hellip;\n","protected":false},"author":2,"featured_media":189842,"comment_status":"","ping_status":"","sticky":false,"template":"","format":"standard","meta":{"footnotes":""},"categories":[81],"tags":[53110,119,123,124,42431,25,24,244,2895,33761,30624,117,121,122,23,118,120],"class_list":{"0":"post-189841","1":"post","2":"type-post","3":"status-publish","4":"format-standard","5":"has-post-thumbnail","7":"category-ciencia-y-tecnologia","8":"tag-ai-pro-visual-engine","9":"tag-ciencia","10":"tag-ciencia-y-tecnologia","11":"tag-cienciaytecnologia","12":"tag-edicion-generativa","13":"tag-es","14":"tag-espana","15":"tag-fotografia","16":"tag-galaxy-ai","17":"tag-galaxy-s25-fe","18":"tag-galaxy-s25-series","19":"tag-science","20":"tag-science-and-technology","21":"tag-scienceandtechnology","22":"tag-spain","23":"tag-technology","24":"tag-tecnologia"},"share_on_mastodon":{"url":"https:\/\/pubeurope.com\/@es\/115407803433630166","error":""},"_links":{"self":[{"href":"https:\/\/www.europesays.com\/es\/wp-json\/wp\/v2\/posts\/189841","targetHints":{"allow":["GET"]}}],"collection":[{"href":"https:\/\/www.europesays.com\/es\/wp-json\/wp\/v2\/posts"}],"about":[{"href":"https:\/\/www.europesays.com\/es\/wp-json\/wp\/v2\/types\/post"}],"author":[{"embeddable":true,"href":"https:\/\/www.europesays.com\/es\/wp-json\/wp\/v2\/users\/2"}],"replies":[{"embeddable":true,"href":"https:\/\/www.europesays.com\/es\/wp-json\/wp\/v2\/comments?post=189841"}],"version-history":[{"count":0,"href":"https:\/\/www.europesays.com\/es\/wp-json\/wp\/v2\/posts\/189841\/revisions"}],"wp:featuredmedia":[{"embeddable":true,"href":"https:\/\/www.europesays.com\/es\/wp-json\/wp\/v2\/media\/189842"}],"wp:attachment":[{"href":"https:\/\/www.europesays.com\/es\/wp-json\/wp\/v2\/media?parent=189841"}],"wp:term":[{"taxonomy":"category","embeddable":true,"href":"https:\/\/www.europesays.com\/es\/wp-json\/wp\/v2\/categories?post=189841"},{"taxonomy":"post_tag","embeddable":true,"href":"https:\/\/www.europesays.com\/es\/wp-json\/wp\/v2\/tags?post=189841"}],"curies":[{"name":"wp","href":"https:\/\/api.w.org\/{rel}","templated":true}]}}