{"id":189845,"date":"2025-10-20T18:02:08","date_gmt":"2025-10-20T18:02:08","guid":{"rendered":"https:\/\/www.europesays.com\/es\/189845\/"},"modified":"2025-10-20T18:02:08","modified_gmt":"2025-10-20T18:02:08","slug":"una-humillacion-nacional-tras-decadas-de-desidia-y-decadencia","status":"publish","type":"post","link":"https:\/\/www.europesays.com\/es\/189845\/","title":{"rendered":"una \u00abhumillaci\u00f3n nacional\u00bb tras d\u00e9cadas de desidia y decadencia"},"content":{"rendered":"<p style=\"\">El Tribunal de Cuentas de Francia y los presupuestos del Estado confirman con mucho color esperp\u00e9ntico que la <a href=\"https:\/\/www.abc.es\/cultura\/arte\/louvre-gran-museo-nacional-estado-critico-convertido-20251020184600-nt.html\" data-voc-vtm-id=\"in-text-traffic\" title=\"tragedia del robo del Museo del Louvre\" rel=\"nofollow noopener\" target=\"_blank\">tragedia del robo del Museo del Louvre<\/a> es la consecuencia \u00faltima de la irresponsabilidad cultural de los gobiernos de Francia, desde hace d\u00e9cadas, favoreciendo el abandono  &#8230; del patrimonio para apoyar miserias pol\u00edticas de todo tipo.<\/p>\n<p class=\"voc-p\" style=\"\">En un informe oficial del Tribunal de Cuentas, filtrado por los sindicatos, se hacen revelaciones catastr\u00f3ficas: \u00abLa puesta en pr\u00e1ctica de los proyectos \u2013comenta el informe\u2013 suele ser una variante de ajuste de otras prioridades presupuestarias. El Louvre y otros museos pagan las insuficiencias presupuestarias lamentables\u00bb.<a href=\"https:\/\/www.abc.es\/cultura\/arte\/museos-nacionales-espana-reforzaran-medidas-seguridad-20251020191455-nt.html\" data-voc-vtm-id=\"in-text-traffic\" title=\" Salas sin c\u00e1maras de vigilancia\" rel=\"nofollow noopener\" target=\"_blank\"> Salas sin c\u00e1maras de vigilancia<\/a>, equipos vetustos parcialmente in\u00fatiles, <a href=\"https:\/\/www.abc.es\/opinion\/pedro-garcia-cuartango-seguro-20251021192309-nt.html\" data-voc-vtm-id=\"in-text-traffic\" title=\"servicios antiincendios defectuosos\" rel=\"nofollow noopener\" target=\"_blank\">servicios antiincendios defectuosos<\/a>\u2026Los problemas se suceden ante los o\u00eddos sordos de los gobiernos de los \u00faltimos treinta. Tres d\u00e9cadas donde los trabajadores del museo han protestado ante los pol\u00edticos por crear un clima de incertidumbre que ha podido facilitar \u00abcomplicidades\u00bb dram\u00e1ticas para la seguridad del museo nacional, el m\u00e1s visitado del mundo.<\/p>\n<p class=\"voc-p\" style=\"\">Thibault de Montbrial, presidente del CRSI (Centre de R\u00e9flexion sur la S\u00e9curit\u00e9 Int\u00e9rieure), analiza de este modo las denuncias oficiales del Tribunal de Cuentas: \u00abSiento, como tantos franceses, una humillaci\u00f3n personal y nacional. Hacerse robar, a la luz del d\u00eda, un domingo, con un cami\u00f3n instalado a dos pasos de los servicios de seguridad, incapaces de sospechar el robo, es algo tan penoso que nos debe hacer reflexionar\u2026 En tanto que abogado he tratado muchos robos de delincuentes de baja categor\u00eda. Esto es otra cosa. Los ladrones conoc\u00edan muy bien el museo, conoc\u00edan muy bien la sala que asaltaron\u2026 a mi modo de ver, parece razonable pensar que los ladrones pudieron contar con alguna forma de complicidad. Una cosa son las penosas insuficiencias y fallos. Y otra cosa es la eficacia y precisi\u00f3n, que puede comprenderse si se recuerda el profesionalismo apoyado desde dentro del museo, desde hace mucho tiempo, quiz\u00e1\u2026\u00bb, remata.<\/p>\n<p>\nFuego a Versalles\n<\/p>\n<p class=\"voc-p\" style=\"\">Jean-Michel Aphatie, analista de referencia, comenta el estudio del Tribunal de Cuentas con cierta iron\u00eda: \u00abHace a\u00f1os llegu\u00e9 a escribir que ser\u00eda necesario pegar<strong> fuego al palacio de Versalles <\/strong>para que los franceses y sus gobiernos se interesaran por su patrimonio cultural\u00bb.<\/p>\n<p class=\"voc-p\" style=\"\">Ante la inmensidad de los problemas nacionales, se agrava la p\u00e9sima opini\u00f3n de los franceses sobre sus pol\u00edticos y gobiernos. Seg\u00fan un sondeo de Ipsos, publicado por el vespertino &#8216;Le Monde&#8217;<strong>, un 90% de los franceses piensan que su naci\u00f3n est\u00e1 en \u00abdeclive\u00bb<\/strong>\u2026 calificativo amable muy pr\u00f3ximo a decadencia, m\u00e1s elocuente. Otro 75% piensa que la Francia \u00abde antes\u00bb era mejor. Otro 87% piensa que los pol\u00edticos \u00absolo piensan en sus intereses personales\u00bb. Otro 81% estima que el sistema pol\u00edtico\/democr\u00e1tico \u00abfunciona mal\u00bb.<\/p>\n<p class=\"voc-p\" style=\"\">Esa opini\u00f3n muy pesimista del hombre de la calle, sobre el Estado de la Francia que ha sufrido el robo de su gran museo nacional, confirma lo que \u00abdicen\u00bb, a su manera, los presupuestos del Estado, consagrando cifras astron\u00f3micas a la \u00abcomunicaci\u00f3n pol\u00edtica\u00bb (controlada por el gobierno y los partidos), en detrimento de la defensa y preservaci\u00f3n del patrimonio cultural.<\/p>\n<p class=\"voc-p\" style=\"\">El ministerio de Cultura tiene este a\u00f1o un presupuesto anual de <strong>8.691 millones de euros<\/strong>, y consagra a la defensa del patrimonio cultural 1.138 millones. Las cadenas de radio y tv del servicio p\u00fablico, controladas f\u00e9rreamente por el gobierno, tienen unos presupuestos de 4.029 millones de euros. Muy groseramente\u2026 la radio y la tv p\u00fablicas reciben 2.891 millones m\u00e1s que el patrimonio hist\u00f3rico, que tiene muchos \u00abfrentes\u00bb en un estado lamentable.<\/p>\n<p class=\"voc-p\" style=\"\">Marc Baudriller, especialista reputado, comenta esas cifras b\u00e1sicas de este modo: \u00abLa tragedia del robo del Louvre dice mucho del estado de nuestros gobiernos, desde hace a\u00f1os. Tenemos una administraci\u00f3n plet\u00f3rica de funcionarios. Gobiernos de izquierda y derecha son culpables de las mismas faltas y el mismo abandono. Consagrando m\u00e1s dinero a la radio y la televisi\u00f3n p\u00fablicas que a la defensa del patrimonio, los gobiernos sucesivos han contribuido a \u00abborrar\u00bb nuestra cultura tradicional, v\u00edctima del abandono acelerado por sucesivos gobiernos\u00bb.<\/p>\n<p>\nFrancia abandona sus grandes iglesias y catedrales\n<\/p>\n<p class=\"voc-p\" style=\"\">El robo del Louvre ha sido el gran aldabonazo de una tragedia que tiene ra\u00edces muy profundas. Mas de 5.000 iglesias francesas son v\u00edctimas del abandono y la falta de recursos para evitar su decadencia.<\/p>\n<p class=\"voc-p\" style=\"\">En Par\u00eds, grandes iglesias y monumentos religiosos, como Saint-Germain-des-Pr\u00e9s o Saint-Eustache, se han visto forzadas a recurrir a la beneficencia y la filantrop\u00eda privada, a la vista de la \u00abincapacidad\u00bb del Estado para cuidar la renovaci\u00f3n de esas <strong>grandes iglesias<\/strong>, celeb\u00e9rrimas, piezas capitales del patrimonio religioso, hist\u00f3rico y cultural de Francia. Otras iglesias, como la de Saint Leu y Saint Gilles, en la calle Saint-Denis, est\u00e1n \u00abacosadas\u00bb por el comercio multicultural del vecindario, cuando la renovaci\u00f3n y cuidado es v\u00edctima de la falta de recursos econ\u00f3micos.<\/p>\n<p class=\"voc-p\" style=\"\">Seg\u00fan el Observatorio del patrimonio religioso, 15 de las 87 catedrales propiedad del Estado franc\u00e9s se encuentran en \u00abmal o muy mal estado de conservaci\u00f3n\u00bb.<\/p>\n<p class=\"voc-p\" style=\"\">Se trata de una realidad bien conocida y documentada. Pero voluntariamente ignorada por partidos y gobiernos. El robo del Louvre ha sido un aldabonazo excepcional. Pero las reacciones del gobierno y la jefatura del Estado dejan muy poco margen para la esperanza. Rachida Dati, la ministra de Cultura, fue la primera en denunciar el car\u00e1cter hist\u00f3rico de la cat\u00e1strofe. Macron anuncio el mes de enero pasado un gran \u00abplan\u00bb de reforma y modernizaci\u00f3n del Louvre, precisamente. \u00abPlan\u00bb que tiene muy mucho retraso. Francia lleva a\u00f1o y medio con unos hist\u00f3ricos problemas presupuestarios agravados por la crisis pol\u00edtica m\u00e1s graves desde la fundaci\u00f3n de la V Rep\u00fablica, entre 1958 y 1962.<\/p>\n","protected":false},"excerpt":{"rendered":"El Tribunal de Cuentas de Francia y los presupuestos del Estado confirman con mucho color esperp\u00e9ntico que la&hellip;\n","protected":false},"author":2,"featured_media":189846,"comment_status":"","ping_status":"","sticky":false,"template":"","format":"standard","meta":{"footnotes":""},"categories":[42],"tags":[17,18,16112,53112,53111,13,14,11,17685,61,62,63,64,19,20,9212,470,813,9,10,15,16,7561,9218,12,575,21,22,65,66,67],"class_list":{"0":"post-189845","1":"post","2":"type-post","3":"status-publish","4":"format-standard","5":"has-post-thumbnail","7":"category-internacional","8":"tag-breaking-news","9":"tag-breakingnews","10":"tag-decadas","11":"tag-decadencia","12":"tag-desidia","13":"tag-featured-news","14":"tag-featurednews","15":"tag-headlines","16":"tag-humillacion","17":"tag-internacional","18":"tag-international","19":"tag-international-news","20":"tag-internationalnews","21":"tag-latest-news","22":"tag-latestnews","23":"tag-louvre","24":"tag-museo","25":"tag-nacional","26":"tag-news","27":"tag-noticias","28":"tag-noticias-destacadas","29":"tag-noticiasdestacadas","30":"tag-robo","31":"tag-siglo","32":"tag-titulares","33":"tag-tras","34":"tag-ultimas-noticias","35":"tag-ultimasnoticias","36":"tag-world","37":"tag-world-news","38":"tag-worldnews"},"share_on_mastodon":{"url":"https:\/\/pubeurope.com\/@es\/115407811005169952","error":""},"_links":{"self":[{"href":"https:\/\/www.europesays.com\/es\/wp-json\/wp\/v2\/posts\/189845","targetHints":{"allow":["GET"]}}],"collection":[{"href":"https:\/\/www.europesays.com\/es\/wp-json\/wp\/v2\/posts"}],"about":[{"href":"https:\/\/www.europesays.com\/es\/wp-json\/wp\/v2\/types\/post"}],"author":[{"embeddable":true,"href":"https:\/\/www.europesays.com\/es\/wp-json\/wp\/v2\/users\/2"}],"replies":[{"embeddable":true,"href":"https:\/\/www.europesays.com\/es\/wp-json\/wp\/v2\/comments?post=189845"}],"version-history":[{"count":0,"href":"https:\/\/www.europesays.com\/es\/wp-json\/wp\/v2\/posts\/189845\/revisions"}],"wp:featuredmedia":[{"embeddable":true,"href":"https:\/\/www.europesays.com\/es\/wp-json\/wp\/v2\/media\/189846"}],"wp:attachment":[{"href":"https:\/\/www.europesays.com\/es\/wp-json\/wp\/v2\/media?parent=189845"}],"wp:term":[{"taxonomy":"category","embeddable":true,"href":"https:\/\/www.europesays.com\/es\/wp-json\/wp\/v2\/categories?post=189845"},{"taxonomy":"post_tag","embeddable":true,"href":"https:\/\/www.europesays.com\/es\/wp-json\/wp\/v2\/tags?post=189845"}],"curies":[{"name":"wp","href":"https:\/\/api.w.org\/{rel}","templated":true}]}}