{"id":189860,"date":"2025-10-20T18:13:09","date_gmt":"2025-10-20T18:13:09","guid":{"rendered":"https:\/\/www.europesays.com\/es\/189860\/"},"modified":"2025-10-20T18:13:09","modified_gmt":"2025-10-20T18:13:09","slug":"nate-sestina-ya-tiene-equipo-y-debutara-en-la-euroliga-ante-el-valencia-basket","status":"publish","type":"post","link":"https:\/\/www.europesays.com\/es\/189860\/","title":{"rendered":"Nate Sestina ya tiene equipo y debutar\u00e1 en la Euroliga \u00a1ante el Valencia Basket!"},"content":{"rendered":"<p class=\"ft-text\"><a class=\"ft-link ft-link--decoration\" href=\"https:\/\/www.superdeporte.es\/valencia-basket\/2025\/10\/15\/pedro-martinez-poner-excusa-partido-122664905.html\" rel=\"nofollow noopener\" target=\"_blank\">La semana pasada el Valencia Basket anunciaba la salida del club del estadounidense Nate Sestina<\/a> y este lunes 20 de octubre se ha hecho oficial d\u00f3nde jugar\u00e1 a partir de ahora: <strong>ser\u00e1 en el EA7 Emporio Armani de Mil\u00e1n<\/strong>. El club italiano ha hecho oficial la incorporaci\u00f3n del extaronja en un comunicado oficial en el que el jugador se muestra ilusionado con iniciar una nueva etapa: \u201cEstoy realmente emocionado por unirme a un club con tanta historia y tradici\u00f3n ganadora. Es un honor representar esta camiseta. Espero crear grandes v\u00ednculos con mis compa\u00f1eros, los entrenadores y los aficionados. Quiero mejorar cada d\u00eda y ayudar a que el equipo y la ciudad consigan muchas victorias y \u00e9xitos. Ojal\u00e1 podamos seguir la tradici\u00f3n de colgar m\u00e1s banderines en el pabell\u00f3n y disfrutar de una temporada plenamente saludable\u201d.<\/p>\n<p>Debut frente al Valencia Basket<\/p>\n<p class=\"ft-text\">Se da la circunstancia de que p<a class=\"ft-link ft-link--decoration\" href=\"https:\/\/www.superdeporte.es\/valencia-basket\/2025\/10\/20\/roig-arena-valencia-basket-calendario-7-partidos-8-dias-122812015.html\" rel=\"nofollow noopener\" target=\"_blank\">recisamente el Valencia Basket visitar\u00e1 la cancha del Emporio Armani este mismo jueves, 23 de octubre.<\/a> Por tanto, Sestina se reencontrar\u00e1 con sus excompa\u00f1eros y podr\u00eda debutar ante su exequipo. El jugador, de 28 a\u00f1os de edad, inici\u00f3 la temporada con el equipo taronja pero el poco protagonismo al que estaba destinado esta campa\u00f1a en el <a class=\"ft-link ft-link--decoration\" href=\"https:\/\/www.valenciabasket.com\/\" rel=\"nofollow noopener\" target=\"_blank\">Valencia Basket <\/a>motiv\u00f3 que club y jugador llegasen a un acuerdo.<strong> As\u00ed lo explicaba hace unos d\u00edas el propio <\/strong><a class=\"ft-link ft-link--decoration\" href=\"https:\/\/www.superdeporte.es\/tags\/pedro-martinez\/\" rel=\"nofollow noopener\" target=\"_blank\"><strong>Pedro Mart\u00ednez<\/strong><\/a><strong> en rueda de prensa<\/strong>: \u00abEst\u00e1bamos abiertos a una situaci\u00f3n como la que se ha dado, con el inter\u00e9s de un equipo muy potente de Euroliga. Ha encajado todo a nivel econ\u00f3mico para el club y la posibilidad del jugador para sentirse con m\u00e1s confianza y m\u00e1s importante. \u00a0<strong>No estaba a gusto ni con la confianza necesaria, sus expectativas eran mayores<\/strong>. Le doy las gracias por su actitud fant\u00e1stica, pero hay que desdramatizar un poco este tipo de situaciones, <strong>esto se parece cada vez m\u00e1s a la NBA<\/strong> y all\u00ed los jugadores cambian de equipo si se considera que es bueno para todo el mundo. Seguro que jugar\u00e1 mejor en Mil\u00e1n porque va a tener un rol diferente\u00bb, analizaba el t\u00e9cnico del Valencia Basket tras el anuncio del club de disolver su contrato con Nate Sestina.<\/p>\n<p class=\"ft-text\"><strong> El interior estadounidense ya ha conquistado esta temporada un t\u00edtulo,<\/strong><a class=\"ft-link ft-link--decoration\" href=\"https:\/\/www.superdeporte.es\/valencia-basket\/2025\/09\/28\/campeones-supercopa-mvp-de-larrea-valencia-basket-122054641.html\" rel=\"nofollow noopener\" target=\"_blank\"> la Supercopa de Espa\u00f1a con el Valencia Basket.<\/a> Ahora, afronta una nueva etapa en Mil\u00e1n.<\/p>\n","protected":false},"excerpt":{"rendered":"La semana pasada el Valencia Basket anunciaba la salida del club del estadounidense Nate Sestina y este lunes&hellip;\n","protected":false},"author":2,"featured_media":189861,"comment_status":"","ping_status":"","sticky":false,"template":"","format":"standard","meta":{"footnotes":""},"categories":[269],"tags":[299,298,12692,168,34379,25,24,833,8688,13932,50931,13933,23,167,2916],"class_list":{"0":"post-189860","1":"post","2":"type-post","3":"status-publish","4":"format-standard","5":"has-post-thumbnail","7":"category-baloncesto","8":"tag-baloncesto","9":"tag-basketball","10":"tag-debutara","11":"tag-deportes","12":"tag-emporio-armani","13":"tag-es","14":"tag-espana","15":"tag-euroliga","16":"tag-milan","17":"tag-nate","18":"tag-nate-sestina","19":"tag-sestina","20":"tag-spain","21":"tag-sports","22":"tag-valencia-basket"},"share_on_mastodon":{"url":"https:\/\/pubeurope.com\/@es\/115407854549548587","error":""},"_links":{"self":[{"href":"https:\/\/www.europesays.com\/es\/wp-json\/wp\/v2\/posts\/189860","targetHints":{"allow":["GET"]}}],"collection":[{"href":"https:\/\/www.europesays.com\/es\/wp-json\/wp\/v2\/posts"}],"about":[{"href":"https:\/\/www.europesays.com\/es\/wp-json\/wp\/v2\/types\/post"}],"author":[{"embeddable":true,"href":"https:\/\/www.europesays.com\/es\/wp-json\/wp\/v2\/users\/2"}],"replies":[{"embeddable":true,"href":"https:\/\/www.europesays.com\/es\/wp-json\/wp\/v2\/comments?post=189860"}],"version-history":[{"count":0,"href":"https:\/\/www.europesays.com\/es\/wp-json\/wp\/v2\/posts\/189860\/revisions"}],"wp:featuredmedia":[{"embeddable":true,"href":"https:\/\/www.europesays.com\/es\/wp-json\/wp\/v2\/media\/189861"}],"wp:attachment":[{"href":"https:\/\/www.europesays.com\/es\/wp-json\/wp\/v2\/media?parent=189860"}],"wp:term":[{"taxonomy":"category","embeddable":true,"href":"https:\/\/www.europesays.com\/es\/wp-json\/wp\/v2\/categories?post=189860"},{"taxonomy":"post_tag","embeddable":true,"href":"https:\/\/www.europesays.com\/es\/wp-json\/wp\/v2\/tags?post=189860"}],"curies":[{"name":"wp","href":"https:\/\/api.w.org\/{rel}","templated":true}]}}