{"id":189888,"date":"2025-10-20T18:29:12","date_gmt":"2025-10-20T18:29:12","guid":{"rendered":"https:\/\/www.europesays.com\/es\/189888\/"},"modified":"2025-10-20T18:29:12","modified_gmt":"2025-10-20T18:29:12","slug":"javi-garcia-tendra-que-pasar-por-el-quirofano-y-es-baja-indefinida","status":"publish","type":"post","link":"https:\/\/www.europesays.com\/es\/189888\/","title":{"rendered":"Javi Garc\u00eda tendr\u00e1 que pasar por el quir\u00f3fano y es baja indefinida"},"content":{"rendered":"<p class=\"ft-text\">El <a class=\"ft-link ft-link--decoration\" href=\"https:\/\/www.farodevigo.es\/deportes\/morrazo\/2025\/08\/14\/javi-garcia-cangas-buenos-mimbres-120601867.html\" rel=\"nofollow noopener\" target=\"_blank\">pivote del Frigor\u00edficos de Morrazo Javi Garc\u00eda<\/a> tendr\u00e1 que pasar por el quir\u00f3fano para <strong>operarse de una lesi\u00f3n en el hombro derecho<\/strong>. El club acaba de comunicar la<strong> baja indefinida del jugador<\/strong> leon\u00e9s, cuyo tiempo de recuperaci\u00f3n depender\u00e1 de la evoluci\u00f3n tras la intervenci\u00f3n quir\u00fargica. La noticia es un <strong>mazazo para el Cangas<\/strong>, que llega justo despu\u00e9s de la <a class=\"ft-link ft-link--decoration\" href=\"https:\/\/www.farodevigo.es\/deportes\/morrazo\/2025\/10\/19\/cangas-fiel-tumba-torrelavega-122769106.html\" rel=\"nofollow noopener\" target=\"_blank\">inyecci\u00f3n de moral tras la importante victoria del s\u00e1bado ante el Torrelavega<\/a>.<\/p>\n<p class=\"ft-text\">El club ya asum\u00eda desde hace unos d\u00edas que la lesi\u00f3n Javi Garc\u00eda es <strong>m\u00e1s grave de lo que se esperaba<\/strong>. Las pruebas m\u00e9dicas realizadas en el<a class=\"ft-link ft-link--decoration\" href=\"https:\/\/www.farodevigo.es\/deportes\/morrazo\/2025\/09\/11\/povisa-proveedor-oficial-medico-club-121444209.html\" rel=\"nofollow noopener\" target=\"_blank\"> Hospital Ribera Povisa, con el que el Cangas tiene un convenio de colaboraci\u00f3n m\u00e9dica<\/a>, confirman que el pivote deber\u00e1 operarse. De momento <strong>no hay fecha para esa cirug\u00eda ni una previsi\u00f3n de cu\u00e1ndo podr\u00eda regresar a las pistas<\/strong> el jugador, unos plazos que depender\u00e1n de su evoluci\u00f3n.<\/p>\n<p class=\"ft-text\">El pivote leon\u00e9s se lastim\u00f3 en el <a class=\"ft-link ft-link--decoration\" href=\"https:\/\/www.farodevigo.es\/deportes\/morrazo\/2025\/09\/20\/patotsky-amarga-dia-frigorificos-121767053.html\" rel=\"nofollow noopener\" target=\"_blank\">hombro derecho tras una ca\u00edda durante el partido ante el Nava<\/a>, en la segunda jornada de la Liga Asobal. Garc\u00eda lleg\u00f3 a estar presente en el siguiente encuentro, en la primera victoria de la temporada ante el Huesca. Desde entonces <strong>permanece en el dique seco y no pudo estar ante el F.C.Barcelona<\/strong>, Guadalajara ni en el desplazamiento de este fin de semana ante el Torrelavega.<\/p>\n<p class=\"ft-text\">Javi Garc\u00eda es<a class=\"ft-link ft-link--decoration\" href=\"https:\/\/www.farodevigo.es\/deportes\/morrazo\/2025\/08\/14\/javi-garcia-cangas-buenos-mimbres-120601867.html\" rel=\"nofollow noopener\" target=\"_blank\"> uno de los fichajes m\u00e1s importantes realizados por el Frigor\u00edficos del Morrazo para la temporada 2025\/26<\/a>, sobre todo porque es un<strong> aut\u00e9ntico especialista en la faceta ofensiva<\/strong>. Hasta ahora el t\u00e9cnico de los cangueses, Quique Dom\u00ednguez, ha podido suplir su ausencia con los otros <a class=\"ft-link ft-link--decoration\" href=\"https:\/\/www.farodevigo.es\/deportes\/morrazo\/2025\/10\/17\/salir-200-100-sea-rival-122694130.html\" rel=\"nofollow noopener\" target=\"_blank\">dos pivotes de la primera plantilla: el capit\u00e1n Juan Quintas y el canterano Pablo Castro<\/a>, que regres\u00f3 esta temporada al Cangas. Y a ellos se une otro canterano con <strong>ficha del Automan\u00eda Luceros, Juan Rodr\u00edguez<\/strong>, que ya debut\u00f3 en Asobal en la temporada 2022\/23 y que esta campa\u00f1a ya disput\u00f3 tres encuentros, aportando buenos minutos de juego.<\/p>\n<p class=\"ft-text\">La alternativa de <strong>acudir al mercado a reforzarse va a depender de la operaci\u00f3n y de los posibles plazos <\/strong>de recuperaci\u00f3n. El pivote lleg\u00f3 esta campa\u00f1a al Frigor\u00edficos del Morrazo procedente del Logro\u00f1o. Los riojanos son precisamente el pr\u00f3ximo rival de los cangueses y<strong> Javi Garc\u00eda no podr\u00e1 estar presente en el partido contra su exequipo<\/strong>.<\/p>\n","protected":false},"excerpt":{"rendered":"El pivote del Frigor\u00edficos de Morrazo Javi Garc\u00eda tendr\u00e1 que pasar por el quir\u00f3fano para operarse de una&hellip;\n","protected":false},"author":2,"featured_media":189889,"comment_status":"","ping_status":"","sticky":false,"template":"","format":"standard","meta":{"footnotes":""},"categories":[278],"tags":[6814,4062,376,2903,168,25,24,4063,3142,375,53119,11870,11191,8252,6173,4064,2885,20966,23,167],"class_list":{"0":"post-189888","1":"post","2":"type-post","3":"status-publish","4":"format-standard","5":"has-post-thumbnail","7":"category-balonmano","8":"tag-baja","9":"tag-balonman","10":"tag-balonmano","11":"tag-cangas","12":"tag-deportes","13":"tag-es","14":"tag-espana","15":"tag-frigorificos","16":"tag-garcia","17":"tag-handball","18":"tag-hombro","19":"tag-indefinida","20":"tag-javi","21":"tag-lesion","22":"tag-logrono","23":"tag-morrazo","24":"tag-operacion","25":"tag-pivote","26":"tag-spain","27":"tag-sports"},"share_on_mastodon":{"url":"https:\/\/pubeurope.com\/@es\/115407917074247118","error":""},"_links":{"self":[{"href":"https:\/\/www.europesays.com\/es\/wp-json\/wp\/v2\/posts\/189888","targetHints":{"allow":["GET"]}}],"collection":[{"href":"https:\/\/www.europesays.com\/es\/wp-json\/wp\/v2\/posts"}],"about":[{"href":"https:\/\/www.europesays.com\/es\/wp-json\/wp\/v2\/types\/post"}],"author":[{"embeddable":true,"href":"https:\/\/www.europesays.com\/es\/wp-json\/wp\/v2\/users\/2"}],"replies":[{"embeddable":true,"href":"https:\/\/www.europesays.com\/es\/wp-json\/wp\/v2\/comments?post=189888"}],"version-history":[{"count":0,"href":"https:\/\/www.europesays.com\/es\/wp-json\/wp\/v2\/posts\/189888\/revisions"}],"wp:featuredmedia":[{"embeddable":true,"href":"https:\/\/www.europesays.com\/es\/wp-json\/wp\/v2\/media\/189889"}],"wp:attachment":[{"href":"https:\/\/www.europesays.com\/es\/wp-json\/wp\/v2\/media?parent=189888"}],"wp:term":[{"taxonomy":"category","embeddable":true,"href":"https:\/\/www.europesays.com\/es\/wp-json\/wp\/v2\/categories?post=189888"},{"taxonomy":"post_tag","embeddable":true,"href":"https:\/\/www.europesays.com\/es\/wp-json\/wp\/v2\/tags?post=189888"}],"curies":[{"name":"wp","href":"https:\/\/api.w.org\/{rel}","templated":true}]}}