{"id":189911,"date":"2025-10-20T18:45:14","date_gmt":"2025-10-20T18:45:14","guid":{"rendered":"https:\/\/www.europesays.com\/es\/189911\/"},"modified":"2025-10-20T18:45:14","modified_gmt":"2025-10-20T18:45:14","slug":"ciudad-e-ingesa-inician-la-campana-de-vacunacion-frente-a-la-gripe-y-el-covid-en-ceuta","status":"publish","type":"post","link":"https:\/\/www.europesays.com\/es\/189911\/","title":{"rendered":"Ciudad e INGESA inician la campa\u00f1a de vacunaci\u00f3n frente a la gripe y el COVID en Ceuta"},"content":{"rendered":"<p data-start=\"94\" data-end=\"489\" style=\"text-align: justify;\">La Consejer\u00eda de Sanidad y Servicios Sociales y la Direcci\u00f3n Territorial del INGESA han iniciado este lunes la campa\u00f1a de vacunaci\u00f3n frente a la gripe, que este a\u00f1o se desarrollar\u00e1 de manera diferenciada respecto a la del COVID-19, aunque ambas mantienen como objetivo com\u00fan proteger la salud de la poblaci\u00f3n ceut\u00ed y reducir los casos graves y las hospitalizaciones durante los pr\u00f3ximos meses.<\/p>\n<p>&#13;<\/p>\n<p data-start=\"94\" data-end=\"489\" style=\"text-align: justify;\">La Consejer\u00eda de Sanidad y Servicios Sociales y la Direcci\u00f3n Territorial del INGESA han iniciado este lunes la campa\u00f1a de vacunaci\u00f3n frente a la gripe, que este a\u00f1o se desarrollar\u00e1 de manera diferenciada respecto a la del COVID-19, aunque ambas mantienen como objetivo com\u00fan proteger la salud de la poblaci\u00f3n ceut\u00ed y reducir los casos graves y las hospitalizaciones durante los pr\u00f3ximos meses.<\/p>\n<p>&#13;<br \/>\n &#13;<\/p>\n<p data-start=\"491\" data-end=\"779\" style=\"text-align: justify;\">La consejera Nabila Benzina subray\u00f3 durante la presentaci\u00f3n que \u201cla vacuna es una herramienta segura, eficaz y esencial\u201d, y record\u00f3 que cada a\u00f1o \u201cpermite evitar casos graves, hospitalizaciones y complicaciones, especialmente entre las personas mayores y los colectivos m\u00e1s vulnerables\u201d.<\/p>\n<p>&#13;<\/p>\n<p data-start=\"781\" data-end=\"1100\" style=\"text-align: justify;\">En esta campa\u00f1a, la Ciudad ha adquirido 10.000 dosis de vacuna antigripal tetravalente inactivada, 2.700 dosis de alta carga antig\u00e9nica y 1.000 de vacuna antigripal atenuada intranasal. Por su parte, el Ministerio de Sanidad ha suministrado 8.640 dosis frente al COVID-19, dise\u00f1adas contra la variante \u00d3micron LP8130.<\/p>\n<p>&#13;<\/p>\n<p data-start=\"1102\" data-end=\"1393\" style=\"text-align: justify;\">Benzina explic\u00f3 que, siguiendo las recomendaciones del Consejo Interterritorial del Sistema Nacional de Salud, la vacunaci\u00f3n contra la gripe y la del COVID se llevar\u00e1n a cabo por separado. La campa\u00f1a de la gripe comienza hoy, mientras que la del COVID puede realizarse durante todo el a\u00f1o.<\/p>\n<p>&#13;<\/p>\n<p><img loading=\"lazy\" decoding=\"async\" src=\"https:\/\/www.europesays.com\/es\/wp-content\/uploads\/2025\/10\/Campa\u00f1a-gripe-covid-2025-01.JPG\" width=\"1365\" height=\"768\" alt=\"Campa\u00f1a gripe covid 2025 01\"\/><\/p>\n<p>&#13;<\/p>\n<p data-start=\"1395\" data-end=\"1815\" style=\"text-align: justify;\">Los grupos de poblaci\u00f3n llamados a vacunarse son las personas mayores de 60 a\u00f1os, quienes padezcan enfermedades cr\u00f3nicas, las embarazadas, el personal sanitario y sociosanitario y los cuidadores o convivientes de personas vulnerables. La consejera record\u00f3 adem\u00e1s la importancia de la vacunaci\u00f3n frente al neumococo en mayores de 65 a\u00f1os y del virus respiratorio sincitial (VRS), cuya campa\u00f1a se inici\u00f3 el 1 de octubre.<\/p>\n<p>&#13;<\/p>\n<p data-start=\"1817\" data-end=\"2161\" style=\"text-align: justify;\">En cuanto a los puntos de vacunaci\u00f3n, Benzina detall\u00f3 que, adem\u00e1s del Hospital Militar, se administrar\u00e1n dosis en los centros de salud del Recinto, Otero y Tarajal, as\u00ed como en el servicio de Medicina Preventiva del INGESA y en centros sociosanitarios, penitenciarios y privados, como la cl\u00ednica Septem o la consulta del doctor L\u00f3pez Garrido.<\/p>\n<p>&#13;<\/p>\n<p data-start=\"2163\" data-end=\"2533\" style=\"text-align: justify;\">El director territorial del INGESA, Jes\u00fas Lopera, incidi\u00f3 en que \u201chay vacunas, hay recursos y hay puntos suficientes\u201d, y que este a\u00f1o se vacunar\u00e1 sin cita previa en todos los centros de salud, de ma\u00f1ana y tarde. Tambi\u00e9n se acudir\u00e1 a los domicilios de las personas inmovilizadas y se ofrecer\u00e1 la posibilidad de vacunar en empresas o centros de trabajo que lo soliciten.<\/p>\n<p>&#13;<\/p>\n<p data-start=\"2535\" data-end=\"2959\" style=\"text-align: justify;\">Lopera record\u00f3 que la cobertura vacunal en Ceuta sigue siendo baja. En la temporada 2023-2024, la tasa de vacunaci\u00f3n fue del 30,71%, mientras que en 2024-2025 apenas alcanza el 26,03%, lejos del 75% recomendado por las autoridades sanitarias para lograr la inmunidad de grupo. \u201cEn los centros de mayores la cobertura llega pr\u00e1cticamente al 100%, pero la poblaci\u00f3n general sigue mostrando reticencia a vacunarse\u201d, advirti\u00f3.<\/p>\n<p>&#13;<\/p>\n<p><img loading=\"lazy\" decoding=\"async\" src=\"https:\/\/www.europesays.com\/es\/wp-content\/uploads\/2025\/10\/Campa\u00f1a-gripe-covid-2025-05.JPG\" width=\"1366\" height=\"767\" alt=\"Campa\u00f1a gripe covid 2025 05\"\/><\/p>\n<p>&#13;<\/p>\n<p data-start=\"2961\" data-end=\"3346\" style=\"text-align: justify;\">El responsable sanitario explic\u00f3 adem\u00e1s que este a\u00f1o se dispone de tres tipos de vacunas antigripales trivalentes \u2014de alta carga, est\u00e1ndar e intranasal\u2014 y una vacuna contra la COVID-19 adaptada a la variante en circulaci\u00f3n. Subray\u00f3 que la inmunizaci\u00f3n es especialmente recomendable para mayores, enfermos cr\u00f3nicos, embarazadas, personal esencial y convivientes de personas de riesgo.<\/p>\n<p>&#13;<\/p>\n<p data-start=\"3348\" data-end=\"3678\" data-is-last-node=\"\" data-is-only-node=\"\" style=\"text-align: justify;\">Tanto Benzina como Lopera hicieron un llamamiento a la responsabilidad ciudadana para aumentar las coberturas. \u201cHoy mismo comenzamos a vacunar en el Palacio Auton\u00f3mico y, a partir del mi\u00e9rcoles, en todos los centros de salud. Queremos llegar al mayor n\u00famero posible de personas, porque vacunar es proteger\u201d, concluy\u00f3 la consejera.<\/p>\n<p>&#13;<\/p>\n<p><img loading=\"lazy\" decoding=\"async\" src=\"https:\/\/www.europesays.com\/es\/wp-content\/uploads\/2025\/10\/Campa\u00f1a-gripe-covid-2025-03.JPG\" width=\"1366\" height=\"767\" alt=\"Campa\u00f1a gripe covid 2025 03\"\/><img loading=\"lazy\" decoding=\"async\" src=\"https:\/\/www.europesays.com\/es\/wp-content\/uploads\/2025\/10\/Campa\u00f1a-gripe-covid-2025-06.JPG\" width=\"1366\" height=\"767\" alt=\"Campa\u00f1a gripe covid 2025 06\"\/><img loading=\"lazy\" decoding=\"async\" src=\"https:\/\/www.europesays.com\/es\/wp-content\/uploads\/2025\/10\/Campa\u00f1a-gripe-covid-2025-07.JPG\" width=\"1366\" height=\"767\" alt=\"Campa\u00f1a gripe covid 2025 07\"\/><img loading=\"lazy\" decoding=\"async\" src=\"https:\/\/www.europesays.com\/es\/wp-content\/uploads\/2025\/10\/Campa\u00f1a-gripe-covid-2025-08.JPG\" width=\"1366\" height=\"767\" alt=\"Campa\u00f1a gripe covid 2025 08\"\/><img loading=\"lazy\" decoding=\"async\" src=\"https:\/\/www.europesays.com\/es\/wp-content\/uploads\/2025\/10\/Campa\u00f1a-gripe-covid-2025-09.JPG\" width=\"1366\" height=\"767\" alt=\"Campa\u00f1a gripe covid 2025 09\"\/><\/p>\n","protected":false},"excerpt":{"rendered":"La Consejer\u00eda de Sanidad y Servicios Sociales y la Direcci\u00f3n Territorial del INGESA han iniciado este lunes la&hellip;\n","protected":false},"author":2,"featured_media":189912,"comment_status":"","ping_status":"","sticky":false,"template":"","format":"standard","meta":{"footnotes":""},"categories":[92],"tags":[4114,19912,23231,25,24,165,4207,4417,446,3477,166,23,8177],"class_list":{"0":"post-189911","1":"post","2":"type-post","3":"status-publish","4":"format-standard","5":"has-post-thumbnail","7":"category-salud","8":"tag-centros","9":"tag-del","10":"tag-dosis","11":"tag-es","12":"tag-espana","13":"tag-health","14":"tag-las","15":"tag-los","16":"tag-mayores","17":"tag-personas","18":"tag-salud","19":"tag-spain","20":"tag-vacuna"},"share_on_mastodon":{"url":"https:\/\/pubeurope.com\/@es\/115407980494395889","error":""},"_links":{"self":[{"href":"https:\/\/www.europesays.com\/es\/wp-json\/wp\/v2\/posts\/189911","targetHints":{"allow":["GET"]}}],"collection":[{"href":"https:\/\/www.europesays.com\/es\/wp-json\/wp\/v2\/posts"}],"about":[{"href":"https:\/\/www.europesays.com\/es\/wp-json\/wp\/v2\/types\/post"}],"author":[{"embeddable":true,"href":"https:\/\/www.europesays.com\/es\/wp-json\/wp\/v2\/users\/2"}],"replies":[{"embeddable":true,"href":"https:\/\/www.europesays.com\/es\/wp-json\/wp\/v2\/comments?post=189911"}],"version-history":[{"count":0,"href":"https:\/\/www.europesays.com\/es\/wp-json\/wp\/v2\/posts\/189911\/revisions"}],"wp:featuredmedia":[{"embeddable":true,"href":"https:\/\/www.europesays.com\/es\/wp-json\/wp\/v2\/media\/189912"}],"wp:attachment":[{"href":"https:\/\/www.europesays.com\/es\/wp-json\/wp\/v2\/media?parent=189911"}],"wp:term":[{"taxonomy":"category","embeddable":true,"href":"https:\/\/www.europesays.com\/es\/wp-json\/wp\/v2\/categories?post=189911"},{"taxonomy":"post_tag","embeddable":true,"href":"https:\/\/www.europesays.com\/es\/wp-json\/wp\/v2\/tags?post=189911"}],"curies":[{"name":"wp","href":"https:\/\/api.w.org\/{rel}","templated":true}]}}