{"id":189921,"date":"2025-10-20T18:53:20","date_gmt":"2025-10-20T18:53:20","guid":{"rendered":"https:\/\/www.europesays.com\/es\/189921\/"},"modified":"2025-10-20T18:53:20","modified_gmt":"2025-10-20T18:53:20","slug":"exigencia-para-el-aula-en-elche","status":"publish","type":"post","link":"https:\/\/www.europesays.com\/es\/189921\/","title":{"rendered":"Exigencia para el Aula en Elche"},"content":{"rendered":"<p class=\"paragraph\">Con la alianza (o no) del par\u00f3n provocado por los compromisos de la selecci\u00f3n nacional que ha servido para frenar, apaciguar y olvidar la sangr\u00eda de resultados y crisis de juego que vive el renovado y todav\u00eda imberbe Caja Rural Aula, el conjunto de Salva Puig regresa a la arena este mi\u00e9rcoles en un duelo de urgencias y necesitados. Porque contra natura por lo vivido en las \u00faltimas campa\u00f1as, tanto BM Elche como Caja Rural Aula viajan en el furg\u00f3n de cola con solo cuatro puntos en su haber en la novena y und\u00e9cima posici\u00f3n, respectivamente.<\/p>\n<p>            <a href=\"#\" title=\"\"><\/p>\n<p>                    <img loading=\"lazy\" decoding=\"async\" data-index=\"\" width=\"140\" height=\"140\" alt=\"Laura Mu\u00f1iz, nueva portera del Aula Cultural.\" data-full=\"[object Object]\" data-original=\"[object Object]\" src=\"https:\/\/imagenes.diariodevalladolid.es\/files\/related_image\/uploads\/2025\/10\/16\/68f0c88019a9f.png\" data-full-src=\"https:\/\/www.europesays.com\/es\/wp-content\/uploads\/2025\/10\/68f0c88019a9f.png\"\/><\/p>\n<p>            <\/a><\/p>\n<p class=\"c-detail__sumario__signature\">\n                <strong><\/p>\n<p>                <strong class=\"c-detail__sumario__author \">Diario de Valladolid | El Mundo<\/strong><\/strong>\n            <\/p>\n<p class=\"paragraph\">El Aula rinde visita al Elche en un duelo de exigencia m\u00e1xima para las vallisoletanas, que para colmo de los colmos ha perdido a su portera Carmen Sanz, sustituida de urgencia por Laura Mu\u00f1iz.<\/p>\n<p class=\"paragraph\">El t\u00e9cnico de Aula reconoce la dificultad del envite. \u00abSabemos que vamos a una pista dif\u00edcil, a jugar ante un equipo que siempre va de menos a m\u00e1s en la temporada. Ellas van a intentar que nos sintamos inc\u00f3modas con su defensa est\u00e1tica y nosotras trataremos de acelerar el ritmo para evitar que puedan llegar a defender en est\u00e1tico con esas ayudas que hacen que al otro equipo le cueste atacar\u00bb.<\/p>\n<p class=\"paragraph\">Salva Puig avisa de un calendario que se empina de forma peligrosa. \u00abVamos a jugar cuatro partidos en dos semanas, adem\u00e1s, contra equipos importantes. As\u00ed que vamos a tener que estar muy centradas\u00bb.<\/p>\n","protected":false},"excerpt":{"rendered":"Con la alianza (o no) del par\u00f3n provocado por los compromisos de la selecci\u00f3n nacional que ha servido&hellip;\n","protected":false},"author":2,"featured_media":61992,"comment_status":"","ping_status":"","sticky":false,"template":"","format":"standard","meta":{"footnotes":""},"categories":[278],"tags":[376,7130,168,25,24,375,23,167],"class_list":{"0":"post-189921","1":"post","2":"type-post","3":"status-publish","4":"format-standard","5":"has-post-thumbnail","7":"category-balonmano","8":"tag-balonmano","9":"tag-cd-balonmano-aula","10":"tag-deportes","11":"tag-es","12":"tag-espana","13":"tag-handball","14":"tag-spain","15":"tag-sports"},"share_on_mastodon":{"url":"https:\/\/pubeurope.com\/@es\/115408012273419705","error":""},"_links":{"self":[{"href":"https:\/\/www.europesays.com\/es\/wp-json\/wp\/v2\/posts\/189921","targetHints":{"allow":["GET"]}}],"collection":[{"href":"https:\/\/www.europesays.com\/es\/wp-json\/wp\/v2\/posts"}],"about":[{"href":"https:\/\/www.europesays.com\/es\/wp-json\/wp\/v2\/types\/post"}],"author":[{"embeddable":true,"href":"https:\/\/www.europesays.com\/es\/wp-json\/wp\/v2\/users\/2"}],"replies":[{"embeddable":true,"href":"https:\/\/www.europesays.com\/es\/wp-json\/wp\/v2\/comments?post=189921"}],"version-history":[{"count":0,"href":"https:\/\/www.europesays.com\/es\/wp-json\/wp\/v2\/posts\/189921\/revisions"}],"wp:featuredmedia":[{"embeddable":true,"href":"https:\/\/www.europesays.com\/es\/wp-json\/wp\/v2\/media\/61992"}],"wp:attachment":[{"href":"https:\/\/www.europesays.com\/es\/wp-json\/wp\/v2\/media?parent=189921"}],"wp:term":[{"taxonomy":"category","embeddable":true,"href":"https:\/\/www.europesays.com\/es\/wp-json\/wp\/v2\/categories?post=189921"},{"taxonomy":"post_tag","embeddable":true,"href":"https:\/\/www.europesays.com\/es\/wp-json\/wp\/v2\/tags?post=189921"}],"curies":[{"name":"wp","href":"https:\/\/api.w.org\/{rel}","templated":true}]}}