{"id":189929,"date":"2025-10-20T19:01:17","date_gmt":"2025-10-20T19:01:17","guid":{"rendered":"https:\/\/www.europesays.com\/es\/189929\/"},"modified":"2025-10-20T19:01:17","modified_gmt":"2025-10-20T19:01:17","slug":"ojeadores-del-barca-en-la-ligue-1","status":"publish","type":"post","link":"https:\/\/www.europesays.com\/es\/189929\/","title":{"rendered":"Ojeadores del Bar\u00e7a en la Ligue 1"},"content":{"rendered":"<p class=\"ft-text\">En una situaci\u00f3n econ\u00f3mica todav\u00eda lejana a ser ideal y con problemas constantes a nivel de Fair Play, desde las oficinas de Can Bar\u00e7a parecen tener clara una cosa:<strong> hay que adelantarse a los competidores para fichar hoy a los cracks del ma\u00f1ana<\/strong>.<\/p>\n<p class=\"ft-text\">En este sentido, una de las ligas que m\u00e1s talento exporta en los \u00faltimos a\u00f1os es la francesa y, consciente de ello,<strong> el FC Barcelona envi\u00f3 ojeadores a ver el Marsella &#8211; Le Havre.<\/strong><\/p>\n<p>La Ligue 1, una mina de talento<\/p>\n<p class=\"ft-text\">Lo cierto es que, si bien la Masia es la mejor cantera del mundo y no deja de nutrir al primer equipo, <strong>tener controladas a las jovenes promesas de otras ligas es &#8216;cubrirse las espaldas&#8217; <\/strong>y una formula que ya ha funcionado en el pasado. Sin ir m\u00e1s lejos, este pasado verano el Bar\u00e7a volvi\u00f3 a ingresar dinero por <strong>Jean-Clair Todibo, a quien fich\u00f3 por 1 M\u20ac y por el cual ha terminado sacando<\/strong><a class=\"ft-link ft-link--decoration\" href=\"https:\/\/www.sport.es\/es\/noticias\/barca\/todibo-mina-oro-barca-118201811\" rel=\"nofollow noopener\" target=\"_blank\"><strong> un r\u00e9dito econ\u00f3mico cercano a los 20 M\u20ac.<\/strong><\/a><\/p>\n<p class=\"ft-text\">Otros ejemplos pueden ser el fichaje de <strong>Samuel Umtiti procedente del Olympique de Lyon a cambio de 25 M\u20ac<\/strong>, pues pese a no ser una cara tan conocida en el verano de 2016, lo cierto es que su rendimiento antes de que aparecieran las lesiones fue espectacular. Por su parte, el eterno rival fich\u00f3 de la liga francesa a dos piezas importantes de su centro del campo,<strong> Eduardo Camavinga y Aureli\u00e9n Tchouam\u00e9ni.<\/strong><\/p>\n<p><img decoding=\"async\" src=\"https:\/\/www.europesays.com\/es\/wp-content\/uploads\/2025\/10\/20b4a810-22fa-4a85-918f-e5836a899c6e_alta-libre-aspect-ratio_default_0.jpg\" width=\"1200\" height=\"675\" alt=\"Umtiti, en un entrenamiento con el Bar\u00e7a\" class=\"ft-helper-img-rd\" loading=\"lazy\" hasdataaida=\"true\"\/><\/p>\n<p class=\"ft-helper-fontColor-quaternary ft-helper-fontSize-body-S ft-helper-spacer-t-xxs\">Umtiti, en un entrenamiento con el Bar\u00e7a  \/ Agencias<\/p>\n<p class=\"ft-text\">M\u00e1s fichajes que pueden cumplir la definici\u00f3n de &#8216;adelantarse hoy a los competidores para fichar las promesas del ma\u00f1ana&#8217; sin necesariamente provenir de Francia son el caso de <strong>Pedri, fichado a Las Palmas por unos 5 M\u20ac m\u00e1s variables, o la incorporaci\u00f3n de Roony Bardghji este pasado verano.<\/strong><\/p>\n<p>Caras conocidas para el Bar\u00e7a y para LaLiga<\/p>\n<p class=\"ft-text\">En la victoria del Marsella por 6-2 ante Le Havre, los trabajadores del club pudieron ver en primera persona, m\u00e1s all\u00e1 de jugadores prometedores como Paixao, a <strong>Mason Greenwood, ex del Getafe y del United, que anot\u00f3 un espectacular p\u00f3ker<\/strong>. Pese a haber sido vinculado en el pasado con el Bar\u00e7a, lo cierto es que<strong> parece complicado que el club se lance en alg\u00fan momento a por su fichaje<\/strong>, teniendo en cuenta las otras opciones en su posici\u00f3n y sus <strong>pol\u00e9micas extradeportivas.<\/strong><\/p>\n<p><img decoding=\"async\" src=\"https:\/\/www.europesays.com\/es\/wp-content\/uploads\/2025\/10\/d0fa07a0-82c9-4951-821e-495d527b9591_alta-libre-aspect-ratio_default_0.jpg\" width=\"1200\" height=\"675\" alt=\"Pierre-Emerick Aubameyang brilla en el Marsella y en la selecci\u00f3n a sus 36 a\u00f1os\" class=\"ft-helper-img-rd\" loading=\"lazy\" hasdataaida=\"true\"\/><\/p>\n<p class=\"ft-helper-fontColor-quaternary ft-helper-fontSize-body-S ft-helper-spacer-t-xxs\">Pierre-Emerick Aubameyang brilla en el Marsella y en la selecci\u00f3n a sus 36 a\u00f1os  \/ EFE<\/p>\n<p class=\"ft-text\">Otra cara conocida en clave blaugrana era la del exjugador culer <strong>Pierre-Emerick Aubameyang<\/strong>, muy querido por la afici\u00f3n gracias a<strong> su gran rendimiento en los \u00faltimos seis meses de la temporada 21-22<\/strong>. Incluso, el gabon\u00e9s dio<a class=\"ft-link ft-link--decoration\" href=\"https:\/\/www.sport.es\/es\/noticias\/futbol-internacional\/aubameyang-9-122517066\" rel=\"nofollow noopener\" target=\"_blank\"> una asistencia <\/a>en el reciente triunfo marsell\u00e9s.<\/p>\n","protected":false},"excerpt":{"rendered":"En una situaci\u00f3n econ\u00f3mica todav\u00eda lejana a ser ideal y con problemas constantes a nivel de Fair Play,&hellip;\n","protected":false},"author":2,"featured_media":189930,"comment_status":"","ping_status":"","sticky":false,"template":"","format":"standard","meta":{"footnotes":""},"categories":[268],"tags":[53122,2296,168,25,24,280,317,282,53123,53124,4525,6521,33311,281,23,167],"class_list":{"0":"post-189929","1":"post","2":"type-post","3":"status-publish","4":"format-standard","5":"has-post-thumbnail","7":"category-futbol","8":"tag-aubameyang","9":"tag-barca","10":"tag-deportes","11":"tag-es","12":"tag-espana","13":"tag-football","14":"tag-francia","15":"tag-futbol","16":"tag-greenwood","17":"tag-le-havre","18":"tag-ligue-1","19":"tag-marsella","20":"tag-ojeadores","21":"tag-soccer","22":"tag-spain","23":"tag-sports"},"share_on_mastodon":{"url":"https:\/\/pubeurope.com\/@es\/115408044018036026","error":""},"_links":{"self":[{"href":"https:\/\/www.europesays.com\/es\/wp-json\/wp\/v2\/posts\/189929","targetHints":{"allow":["GET"]}}],"collection":[{"href":"https:\/\/www.europesays.com\/es\/wp-json\/wp\/v2\/posts"}],"about":[{"href":"https:\/\/www.europesays.com\/es\/wp-json\/wp\/v2\/types\/post"}],"author":[{"embeddable":true,"href":"https:\/\/www.europesays.com\/es\/wp-json\/wp\/v2\/users\/2"}],"replies":[{"embeddable":true,"href":"https:\/\/www.europesays.com\/es\/wp-json\/wp\/v2\/comments?post=189929"}],"version-history":[{"count":0,"href":"https:\/\/www.europesays.com\/es\/wp-json\/wp\/v2\/posts\/189929\/revisions"}],"wp:featuredmedia":[{"embeddable":true,"href":"https:\/\/www.europesays.com\/es\/wp-json\/wp\/v2\/media\/189930"}],"wp:attachment":[{"href":"https:\/\/www.europesays.com\/es\/wp-json\/wp\/v2\/media?parent=189929"}],"wp:term":[{"taxonomy":"category","embeddable":true,"href":"https:\/\/www.europesays.com\/es\/wp-json\/wp\/v2\/categories?post=189929"},{"taxonomy":"post_tag","embeddable":true,"href":"https:\/\/www.europesays.com\/es\/wp-json\/wp\/v2\/tags?post=189929"}],"curies":[{"name":"wp","href":"https:\/\/api.w.org\/{rel}","templated":true}]}}