{"id":189973,"date":"2025-10-20T19:29:11","date_gmt":"2025-10-20T19:29:11","guid":{"rendered":"https:\/\/www.europesays.com\/es\/189973\/"},"modified":"2025-10-20T19:29:11","modified_gmt":"2025-10-20T19:29:11","slug":"xuan-xose-sanchez-vicente-presenta-su-nuevo-libro-estudios-iii-en-gijon","status":"publish","type":"post","link":"https:\/\/www.europesays.com\/es\/189973\/","title":{"rendered":"Xuan Xos\u00e9 S\u00e1nchez Vicente presenta su nuevo libro, \u00abEstudios (III)\u00bb en Gij\u00f3n"},"content":{"rendered":"<p class=\"ft-text ft-helper-closenews\"><strong>Estudios en profundidad sobre cuestiones de identidad asturiana, otros filos\u00f3ficos y sociol\u00f3gicos, sobre escritores en asturiano, relativos a la historia de la literatura asturiana, gramaticales, y cinco lecciones de fin de curso conforman el nuevo libro de Xuan Xos\u00e9 S\u00e1nchez Vicente, \u00abEstudios (III)\u00bb <\/strong>publicado por Trabe con ayuda del PAS y que este lunes present\u00f3 el autor en el Centro de Cultura Antiguo Instituto de Gij\u00f3n tras la glosa que hizo de su figura y reflexiones sobre el libro el profesor del Instituto de Educaci\u00f3n Secundaria Piles, Jos\u00e9 Luis Fern\u00e1ndez.<\/p>\n<p class=\"ft-text\">Dentro de los m\u00faltiples adjetivos que le dedic\u00f3, el glosador defini\u00f3 al autor del libro y <a class=\"ft-link ft-link--decoration\" href=\"https:\/\/www.lne.es\/autores\/xuan-xose-sanchez.html\" rel=\"nofollow noopener\" target=\"_blank\">articulista de LA NUEVA ESPA\u00d1A<\/a> como \u00abIronista\u00bb empleando una palabra de nueva creaci\u00f3n en referencia a que es una personal muy ir\u00f3nica, en honor a que Xuan Xox\u00e9 S\u00e1nchez Vicente es \u00abun facedor incansable de neologismos\u00bb.<\/p>\n<p class=\"ft-text\">El autor elogi\u00f3 a varios de los escritores sobre los que habla en su libro, en especial a <strong>\u00abTeresa Gonz\u00e1lez, poetisa muy importante y de las primeras que entamaron en escribir en el surdimientu\u00bb.<\/strong><\/p>\n<p class=\"ft-text\">Estudios sociol\u00f3gicos de Jovellanos, <strong>por qu\u00e9 el queso de Afuega\u2019l Pitu se llama as\u00ed o c\u00f3mo pudo ser que la palabra gallega chapapote se impusiera en Asturias al galipote de toda la vida cuando la cat\u00e1strofe del \u00abPrestige\u00bb,<\/strong> son algunos de los cap\u00edtulos de este nuevo libro de S\u00e1nchez Vicente, \u00abcatedr\u00e1tico de lengua y literatura espa\u00f1ola, que es una de las personas de Asturias que m\u00e1s literatura espa\u00f1ola y universal conocen\u00bb destac\u00f3 su glosador para enfatizar su \u00aberudici\u00f3n\u00bb.<\/p>\n<p>Televisi\u00f3n asturiana<\/p>\n<p class=\"ft-text\">En su libro, quien fuera diputado auton\u00f3mico del PAS y figura central de este partido pol\u00edtico, tambi\u00e9n hay un \u00abrepas\u00edn a algunas circunstancias pol\u00edticas\u00bb,explic\u00f3 en el acto Xuan Xox\u00e9 S\u00e1nchez Vicente, antes de enumerar<strong> varios reproches al PSOE, al que achac\u00f3 que en dos legislaturas no apoyaran ninguna de las proposiciones que hizo su formaci\u00f3n y que tambi\u00e9n rechazaran la propuesta del PAS de crear una televisi\u00f3n asturiana, <\/strong>que a la postre acabar\u00edan haciendo argumentando lo contrario de lo que hab\u00edan planteado para rechazarla antes: \u00abentra el se\u00f1or Areces y Fernando Lastra dice que hay que tener una televisi\u00f3n asturiana, que va a crear mucho empleo, que el coste ye peque\u00f1o y adem\u00e1s oponerse es reaccionario\u00bb, record\u00f3 antes de se\u00f1alar que en el libro se recoge \u00abtestimonio hist\u00f3rico abundante, alguno escandaloso\u00bb.<\/p>\n<p class=\"ft-text\">Entre las<strong> cinco lecciones de fin de curso que imparti\u00f3 a alumnos de segundo de bachillerato entre 2009 y 2014, <\/strong>una sobre \u00abla literatura como arma, unida a la idea revolucionaria\u00bb. Respecto a estas lecciones de fin de curso, Jos\u00e9 Luis Fern\u00e1ndez las calific\u00f3 como \u00ablecciones magistrales, joyas literarias que tem\u00edamos que se perdieran como l\u00e1grimas en la arena\u00bb quienes en su d\u00eda las escucharon en directo, como fue su caso.<\/p>\n<p><img decoding=\"async\" src=\"https:\/\/www.europesays.com\/es\/wp-content\/uploads\/2025\/10\/d334ea12-4048-461c-82d5-602e2012f059_alta-libre-aspect-ratio_default_0.jpg\" width=\"1200\" height=\"800\" alt=\"Asistentes a la presentaci\u00f3n del libro.\" class=\"ft-helper-img-rd\" loading=\"lazy\" hasdataaida=\"true\"\/><\/p>\n<p class=\"ft-helper-fontColor-quaternary ft-helper-fontSize-body-S ft-helper-spacer-t-xxs\">Asistentes a la presentaci\u00f3n del libro.  \/ \u00c1ngel Gonz\u00e1lez<\/p>\n<p class=\"ft-text\"><strong>A todas las personas que acudieron a la presentaci\u00f3n del libro se les entreg\u00f3 un ejemplar de forma gratuita, procediendo tambi\u00e9n el autor a firm\u00e1rselos a quienes as\u00ed se lo solicitaron.<\/strong> El autor, tirando de humor para romper el hielo al inicio de su intervenci\u00f3n, se\u00f1al\u00f3 que \u00abcomo est\u00e1 que el Huerna sea gratis, pues el libro, gratis; como dice el refr\u00e1n, el que pierde una vaca y encuentra un cuerno, no lo pierde todo\u00bb.<\/p>\n<p data-close=\"closedContent\" class=\"subscribeHideForDisplay\">Suscr\u00edbete para seguir leyendo<\/p>\n","protected":false},"excerpt":{"rendered":"Estudios en profundidad sobre cuestiones de identidad asturiana, otros filos\u00f3ficos y sociol\u00f3gicos, sobre escritores en asturiano, relativos a&hellip;\n","protected":false},"author":2,"featured_media":189974,"comment_status":"","ping_status":"","sticky":false,"template":"","format":"standard","meta":{"footnotes":""},"categories":[172],"tags":[12232,1770,224,146,147,25,24,225,2782,199,23,13291,53131,8939],"class_list":{"0":"post-189973","1":"post","2":"type-post","3":"status-publish","4":"format-standard","5":"has-post-thumbnail","7":"category-libros","8":"tag-asturiano","9":"tag-asturias","10":"tag-books","11":"tag-entertainment","12":"tag-entretenimiento","13":"tag-es","14":"tag-espana","15":"tag-libros","16":"tag-presenta","17":"tag-sanchez","18":"tag-spain","19":"tag-vicente","20":"tag-xose","21":"tag-xuan"},"share_on_mastodon":{"url":"https:\/\/pubeurope.com\/@es\/115408153448491980","error":""},"_links":{"self":[{"href":"https:\/\/www.europesays.com\/es\/wp-json\/wp\/v2\/posts\/189973","targetHints":{"allow":["GET"]}}],"collection":[{"href":"https:\/\/www.europesays.com\/es\/wp-json\/wp\/v2\/posts"}],"about":[{"href":"https:\/\/www.europesays.com\/es\/wp-json\/wp\/v2\/types\/post"}],"author":[{"embeddable":true,"href":"https:\/\/www.europesays.com\/es\/wp-json\/wp\/v2\/users\/2"}],"replies":[{"embeddable":true,"href":"https:\/\/www.europesays.com\/es\/wp-json\/wp\/v2\/comments?post=189973"}],"version-history":[{"count":0,"href":"https:\/\/www.europesays.com\/es\/wp-json\/wp\/v2\/posts\/189973\/revisions"}],"wp:featuredmedia":[{"embeddable":true,"href":"https:\/\/www.europesays.com\/es\/wp-json\/wp\/v2\/media\/189974"}],"wp:attachment":[{"href":"https:\/\/www.europesays.com\/es\/wp-json\/wp\/v2\/media?parent=189973"}],"wp:term":[{"taxonomy":"category","embeddable":true,"href":"https:\/\/www.europesays.com\/es\/wp-json\/wp\/v2\/categories?post=189973"},{"taxonomy":"post_tag","embeddable":true,"href":"https:\/\/www.europesays.com\/es\/wp-json\/wp\/v2\/tags?post=189973"}],"curies":[{"name":"wp","href":"https:\/\/api.w.org\/{rel}","templated":true}]}}