{"id":18999,"date":"2025-08-01T17:34:08","date_gmt":"2025-08-01T17:34:08","guid":{"rendered":"https:\/\/www.europesays.com\/es\/18999\/"},"modified":"2025-08-01T17:34:08","modified_gmt":"2025-08-01T17:34:08","slug":"vox-desata-una-nueva-polemica-en-el-ejido-con-dos-vallas-xenofobas-que-almeria-quieres-espana","status":"publish","type":"post","link":"https:\/\/www.europesays.com\/es\/18999\/","title":{"rendered":"Vox desata una nueva pol\u00e9mica en El Ejido con dos vallas xen\u00f3fobas: \u201c\u00bfQu\u00e9 Almer\u00eda quieres?\u201d | Espa\u00f1a"},"content":{"rendered":"<p class=\"\">A un lado, una mujer con la cara y el cuerpo tapado con una tela negra. Al otro, una joven de ojos claros, pelo largo y hombros descubiertos. La primera tiene delante los logos del PSOE y PP. La segunda, el de Vox. \u201c\u00bfQu\u00e9 <a href=\"https:\/\/elpais.com\/noticias\/almeria\/\" rel=\"nofollow noopener\" target=\"_blank\">Almer\u00eda<\/a> quieres?\u201d remata la imagen, elaborada con inteligencia artificial y que <a href=\"https:\/\/elpais.com\/espana\/2025-07-10\/vox-agita-el-rechazo-a-los-extranjeros-en-el-ejido-25-anos-despues-de-los-disturbios-racistas.html\" rel=\"nofollow noopener\" target=\"_blank\">se puede ver en dos vallas publicitarias de la ciudad almeriense de El Ejido<\/a>. Fueron colocadas este mi\u00e9rcoles y en apenas unas horas desataron la pol\u00e9mica. Los populares, que ostentan la alcald\u00eda ejidense, han asegurado que su gabinete jur\u00eddico ya estudia presentar acciones legales para la retirada de los carteles y el PSOE ha puesto una denuncia ante la Polic\u00eda Nacional por considerarlos mensajes de odio. Izquierda Unida, adem\u00e1s, ha trasladado la situaci\u00f3n a la Fiscal\u00eda por considerar que el mensaje es \u201c<a href=\"https:\/\/elpais.com\/videos\/2025-07-16\/radiografia-del-odio-a-los-inmigrantes-en-torre-pacheco-y-el-ejido-que-ha-cambiado-en-estos-25-anos.html\" rel=\"nofollow noopener\" target=\"_blank\">racista, machista y xen\u00f3fobo<\/a>\u201d y podr\u00eda constituir un delito.<\/p>\n<p class=\"\">Las vallas fueron colocadas al mediod\u00eda del mi\u00e9rcoles en dos ubicaciones de <a href=\"https:\/\/elpais.com\/noticias\/el-ejido\/\" rel=\"nofollow noopener\" target=\"_blank\">El Ejido<\/a>. Una en la avenida Oasis \u2014que cruza toda la localidad\u2014 y otra en la avenida El Treinta, junto a la zona comercial conocida como DUE. \u201cCon esta campa\u00f1a <a href=\"https:\/\/elpais.com\/noticias\/vox-espana\/\" rel=\"nofollow noopener\" target=\"_blank\">Vox<\/a> denuncia y lucha contra todas las pr\u00e1cticas culturales que da\u00f1an y denigran a la mujer, como el matrimonio forzoso o la ablaci\u00f3n genital femenina\u201d, dec\u00eda la formaci\u00f3n en un comunicado, donde subrayaba su preocupaci\u00f3n por la falta de medidas \u201cpara frenar la islamizaci\u00f3n\u201d, como ya denunci\u00f3 la formaci\u00f3n liderada por Santiago Abascal hace dos semanas en una rueda de prensa celebrada este municipio. Entonces, <a href=\"https:\/\/elpais.com\/espana\/2025-07-11\/vox-pincha-en-el-ejido-mientras-insiste-en-las-deportaciones-masivas-de-migrantes.html\" rel=\"nofollow noopener\" target=\"_blank\"> la diputada Roc\u00edo de Meer, cabeza visible del acto, hab\u00eda llamado a la movilizaci\u00f3n de sus simpatizantes, que se sald\u00f3 con una reuni\u00f3n de apenas una treintena de personas<\/a>. <\/p>\n<p class=\"\">Las im\u00e1genes de las vallas no tardaron en llamar la atenci\u00f3n en las redes sociales y, tambi\u00e9n en los partidos directamente mencionados. El jueves ambas fueron tapadas con lonas negras. Vox asevera que fue por censura y por presiones del <a href=\"https:\/\/elpais.com\/noticias\/pp-partido-popular\/\" rel=\"nofollow noopener\" target=\"_blank\">Partido Popular<\/a> a la empresa encargada de colocar el anuncio, algo que niegan los populares. \u201cEl Ayuntamiento no ha tapado nada\u201d, responden desde el PP. Fuentes cercanas la empresa relatan que la compa\u00f1\u00eda temi\u00f3 que la pol\u00e9mica le salpicara y por eso lo hizo, pero m\u00e1s tarde las destap\u00f3 y as\u00ed lucen ya este viernes. <\/p>\n<p><img alt=\"Una de las dos vallas publicitarias instaladas en El Ejido (Almer\u00eda), cubierta con una lona negra, que luego fue retirada.\" decoding=\"auto\" class=\"_re lazyload a_m-h\" height=\"312\"  width=\"414\"  src=\"https:\/\/www.europesays.com\/es\/wp-content\/uploads\/2025\/08\/PZ4OLZW53VIYTACNDLTEEVWHVQ.jpg\" loading=\"lazy\"\/>Una de las dos vallas publicitarias instaladas en El Ejido (Almer\u00eda), cubierta con una lona negra, que luego fue retirada.IU EL EJIDO (IU EL EJIDO)<\/p>\n<p class=\"\">El consistorio, donde el alcalde Francisco G\u00f3ngora, del Partido Popular, gobierna con mayor\u00eda absoluta, emiti\u00f3 un comunicado para mostrar su rechazo a la \u201c<a href=\"https:\/\/elpais.com\/espana\/2025-07-10\/vox-agita-el-rechazo-a-los-extranjeros-en-el-ejido-25-anos-despues-de-los-disturbios-racistas.html\" rel=\"nofollow noopener\" target=\"_blank\">ruin y deplorable pol\u00edtica de provocaci\u00f3n de Vox que da\u00f1a la imagen de El Ejido<\/a>\u201d. \u201cSolo le interesa la provocaci\u00f3n y la crispaci\u00f3n\u201d, subrayaba el documento, donde se destacaba que los populares estudiaban acciones legales para la \u201cretirada urgente\u201d de la valla porque, entre otras cuestiones, \u201cperjudica la proyecci\u00f3n e intereses del municipio y de sectores estrat\u00e9gicos para la econom\u00eda como la agricultura y el turismo\u201d. El partido ha explicado a EL PA\u00cdS que todav\u00eda no han dado ning\u00fan paso y que sus servicios jur\u00eddicos est\u00e1n estudiando el caso. <\/p>\n<p class=\"\">El PSOE, en la oposici\u00f3n municipal con cinco concejales, uno menos que Vox, s\u00ed ha denunciado ya las dos vallas ante la <a href=\"https:\/\/elpais.com\/noticias\/policia-nacional\/\" rel=\"nofollow noopener\" target=\"_blank\">Polic\u00eda Nacional<\/a> al entender que son mensajes que incitan al odio contra las personas migrantes. Para los socialistas supone \u201cuna incitaci\u00f3n a la confrontaci\u00f3n social\u201d, asegura el secretario general del partido en la ciudad almeriense, Manuel P\u00e9rez Galindo, quien define la actuaci\u00f3n de Vox como \u201cexecrable\u201d y conf\u00eda en que la justicia \u201cact\u00fae para depurar responsabilidades\u201d. Seg\u00fan P\u00e9rez Galindo, este tipo de mensajes \u201cintentan crear las condiciones para que se repitan hechos tan lamentables como los ocurridos en Torre Pacheco\u201d. La diputada socialista In\u00e9s Plaza <a href=\"https:\/\/x.com\/inesplazapsoe\/status\/1950986405074600103\" rel=\"nofollow\">resum\u00eda el caso en redes sociales<\/a>: \u201cEs puro odio\u201d.<\/p>\n<p class=\"\">Este viernes Izquierda Unida ha presentado tambi\u00e9n los hechos a la Fiscal\u00eda, al <a href=\"https:\/\/elpais.com\/espana\/2025-07-30\/duro-informe-del-gobierno-contra-las-plataformas-solo-el-2-de-los-mensajes-de-odio-se-retira-en-las-24-horas-siguientes-a-ser-denunciados.html\" rel=\"nofollow noopener\" target=\"_blank\">Observatorio Espa\u00f1ol del Racismo y la Xenofobia<\/a>, la Subdelegaci\u00f3n del Gobierno, el Servicio de Atenci\u00f3n a las V\u00edctimas de Delito de Andaluc\u00eda (SAVA), el Ayuntamiento de El Ejido y la plataforma Acci\u00f3n Contra el Odio (ACO). Y lo hace porque considera que el contenido es \u201cracista, machista y xen\u00f3fobo\u201d y podr\u00eda constituir un delito de incitaci\u00f3n al odio. \u201c<a href=\"https:\/\/elpais.com\/videos\/2025-07-16\/radiografia-del-odio-a-los-inmigrantes-en-torre-pacheco-y-el-ejido-que-ha-cambiado-en-estos-25-anos.html\" rel=\"nofollow noopener\" target=\"_blank\">El Ejido no puede retroceder 25 a\u00f1os<\/a>\u201d, han se\u00f1alado desde la formaci\u00f3n. \u201cEsto no solo evidencia una falta de respeto a los compromisos sociales, sino que reabre heridas que cre\u00edamos cicatrizadas\u201d, ha insistido Enrique Usoz, coordinador local de la Asamblea de IU en El Ejido.<\/p>\n","protected":false},"excerpt":{"rendered":"A un lado, una mujer con la cara y el cuerpo tapado con una tela negra. Al otro,&hellip;\n","protected":false},"author":2,"featured_media":19000,"comment_status":"","ping_status":"","sticky":false,"template":"","format":"standard","meta":{"footnotes":""},"categories":[8],"tags":[5644,17,18,11737,25,24,13,14,11,19,20,4043,9,10,15,16,957,952,956,1699,6371,3941,23,12,21,22,624,10024],"class_list":{"0":"post-18999","1":"post","2":"type-post","3":"status-publish","4":"format-standard","5":"has-post-thumbnail","7":"category-espana","8":"tag-almeria","9":"tag-breaking-news","10":"tag-breakingnews","11":"tag-el-ejido","12":"tag-es","13":"tag-espana","14":"tag-featured-news","15":"tag-featurednews","16":"tag-headlines","17":"tag-latest-news","18":"tag-latestnews","19":"tag-machismo","20":"tag-news","21":"tag-noticias","22":"tag-noticias-destacadas","23":"tag-noticiasdestacadas","24":"tag-partidos-politicos","25":"tag-politica","26":"tag-pp","27":"tag-psoe","28":"tag-publicidad","29":"tag-racismo","30":"tag-spain","31":"tag-titulares","32":"tag-ultimas-noticias","33":"tag-ultimasnoticias","34":"tag-vox","35":"tag-xenofobia"},"share_on_mastodon":{"url":"","error":""},"_links":{"self":[{"href":"https:\/\/www.europesays.com\/es\/wp-json\/wp\/v2\/posts\/18999","targetHints":{"allow":["GET"]}}],"collection":[{"href":"https:\/\/www.europesays.com\/es\/wp-json\/wp\/v2\/posts"}],"about":[{"href":"https:\/\/www.europesays.com\/es\/wp-json\/wp\/v2\/types\/post"}],"author":[{"embeddable":true,"href":"https:\/\/www.europesays.com\/es\/wp-json\/wp\/v2\/users\/2"}],"replies":[{"embeddable":true,"href":"https:\/\/www.europesays.com\/es\/wp-json\/wp\/v2\/comments?post=18999"}],"version-history":[{"count":0,"href":"https:\/\/www.europesays.com\/es\/wp-json\/wp\/v2\/posts\/18999\/revisions"}],"wp:featuredmedia":[{"embeddable":true,"href":"https:\/\/www.europesays.com\/es\/wp-json\/wp\/v2\/media\/19000"}],"wp:attachment":[{"href":"https:\/\/www.europesays.com\/es\/wp-json\/wp\/v2\/media?parent=18999"}],"wp:term":[{"taxonomy":"category","embeddable":true,"href":"https:\/\/www.europesays.com\/es\/wp-json\/wp\/v2\/categories?post=18999"},{"taxonomy":"post_tag","embeddable":true,"href":"https:\/\/www.europesays.com\/es\/wp-json\/wp\/v2\/tags?post=18999"}],"curies":[{"name":"wp","href":"https:\/\/api.w.org\/{rel}","templated":true}]}}