{"id":189992,"date":"2025-10-20T19:39:09","date_gmt":"2025-10-20T19:39:09","guid":{"rendered":"https:\/\/www.europesays.com\/es\/189992\/"},"modified":"2025-10-20T19:39:09","modified_gmt":"2025-10-20T19:39:09","slug":"elma-saiz-acusa-a-feijoo-de-hacer-demagogia-con-la-proteccion-de-los-autonomos","status":"publish","type":"post","link":"https:\/\/www.europesays.com\/es\/189992\/","title":{"rendered":"Elma Saiz acusa a Feij\u00f3o de hacer \u00abdemagogia con la protecci\u00f3n de los aut\u00f3nomos\u00bb"},"content":{"rendered":"<p>El Gobierno ha rectificado y ha propuesto<strong> congelar las cuotas de los aut\u00f3nomos que ganen menos para 2026. La ministra de Inclusi\u00f3n, Seguridad Social y Migraciones, Elma Saiz, <\/strong>ha defendido que \u00abno son propuestas que no nacen de la nada ni se improvisan\u00bb, sino que nacen \u00abde la evidencia de c\u00f3mo ha funcionado esa primera regularizaci\u00f3n que est\u00e1 en marcha desde 2023\u00bb y ha reivindicado que <strong>se trata de \u00abjusticia social\u00bb<\/strong>. Saiz ha acusado a Feij\u00f3o \u00abde hacer una tremenda demagogia con los aut\u00f3nomos\u00bb y ha anunciado mejoras para la protecci\u00f3n del colectivo: <strong>\u00abCon esta propuesta pueden cobrar el doble.\u00bb<\/strong><\/p>\n","protected":false},"excerpt":{"rendered":"El Gobierno ha rectificado y ha propuesto congelar las cuotas de los aut\u00f3nomos que ganen menos para 2026.&hellip;\n","protected":false},"author":2,"featured_media":189993,"comment_status":"","ping_status":"","sticky":false,"template":"","format":"standard","meta":{"footnotes":""},"categories":[8],"tags":[11980,17,18,53137,25,24,13,14,11,19,20,9,10,15,16,133,1448,1986,1987,23,12,21,22],"class_list":{"0":"post-189992","1":"post","2":"type-post","3":"status-publish","4":"format-standard","5":"has-post-thumbnail","7":"category-espana","8":"tag-24-horas","9":"tag-breaking-news","10":"tag-breakingnews","11":"tag-elma-saiz-acusa-a-feijoo-de-hacer-demagogia-con-la-proteccion-de-los-autonomos","12":"tag-es","13":"tag-espana","14":"tag-featured-news","15":"tag-featurednews","16":"tag-headlines","17":"tag-latest-news","18":"tag-latestnews","19":"tag-news","20":"tag-noticias","21":"tag-noticias-destacadas","22":"tag-noticiasdestacadas","23":"tag-online","24":"tag-radio","25":"tag-rne","26":"tag-rtve-play","27":"tag-spain","28":"tag-titulares","29":"tag-ultimas-noticias","30":"tag-ultimasnoticias"},"share_on_mastodon":{"url":"https:\/\/pubeurope.com\/@es\/115408192407180664","error":""},"_links":{"self":[{"href":"https:\/\/www.europesays.com\/es\/wp-json\/wp\/v2\/posts\/189992","targetHints":{"allow":["GET"]}}],"collection":[{"href":"https:\/\/www.europesays.com\/es\/wp-json\/wp\/v2\/posts"}],"about":[{"href":"https:\/\/www.europesays.com\/es\/wp-json\/wp\/v2\/types\/post"}],"author":[{"embeddable":true,"href":"https:\/\/www.europesays.com\/es\/wp-json\/wp\/v2\/users\/2"}],"replies":[{"embeddable":true,"href":"https:\/\/www.europesays.com\/es\/wp-json\/wp\/v2\/comments?post=189992"}],"version-history":[{"count":0,"href":"https:\/\/www.europesays.com\/es\/wp-json\/wp\/v2\/posts\/189992\/revisions"}],"wp:featuredmedia":[{"embeddable":true,"href":"https:\/\/www.europesays.com\/es\/wp-json\/wp\/v2\/media\/189993"}],"wp:attachment":[{"href":"https:\/\/www.europesays.com\/es\/wp-json\/wp\/v2\/media?parent=189992"}],"wp:term":[{"taxonomy":"category","embeddable":true,"href":"https:\/\/www.europesays.com\/es\/wp-json\/wp\/v2\/categories?post=189992"},{"taxonomy":"post_tag","embeddable":true,"href":"https:\/\/www.europesays.com\/es\/wp-json\/wp\/v2\/tags?post=189992"}],"curies":[{"name":"wp","href":"https:\/\/api.w.org\/{rel}","templated":true}]}}