{"id":190006,"date":"2025-10-20T19:48:12","date_gmt":"2025-10-20T19:48:12","guid":{"rendered":"https:\/\/www.europesays.com\/es\/190006\/"},"modified":"2025-10-20T19:48:12","modified_gmt":"2025-10-20T19:48:12","slug":"eurobasket-alex-mumbru-vuelve-a-casa-tras-32-dias-en-el-hospital","status":"publish","type":"post","link":"https:\/\/www.europesays.com\/es\/190006\/","title":{"rendered":"Eurobasket: \u00c1lex Mumbr\u00fa vuelve a casa tras 32 d\u00edas en el hospital"},"content":{"rendered":"<p class=\"ft-text\">\u00c1lex Mumbr\u00fa est\u00e1 por fin en casa. <a class=\"ft-link ft-link--decoration\" href=\"https:\/\/www.superdeporte.es\/baloncesto\/2025\/09\/14\/alemania-gana-eurobasket-completa-reinado-dorado-121572401.html\" rel=\"nofollow noopener\" target=\"_blank\">El seleccionador de Alemania<\/a> recibi\u00f3 el alta el pasado viernes despu\u00e9s de estar m\u00e1s de un mes ingresado por pancreatitis. <strong>\u00abMe siento mejor. Hoy por fin me voy a casa, \u00a1no m\u00e1s hospitalizaci\u00f3n!\u00bb<\/strong>, escribi\u00f3 el espa\u00f1ol al diario &#8216;BILD&#8217; alem\u00e1n. Ahora, el t\u00e9cnico seguir\u00e1 su proceso de recuperaci\u00f3n en su domicilio.<\/p>\n<p class=\"ft-text\">Mumbr\u00fa <strong>ha estado durante m\u00e1s de cuatro semanas hospitalizado en Barcelona.<\/strong> Despu\u00e9s del triunfo de la selecci\u00f3n alemana en el <a class=\"ft-link ft-link--decoration\" href=\"https:\/\/www.superdeporte.es\/tags\/eurobasket\/\" rel=\"nofollow noopener\" target=\"_blank\">Eurobasket<\/a>, <strong>regres\u00f3 a su pa\u00eds natal para recibir tratamiento y recuperarse. <\/strong>Cabe recordar que en m\u00e1s de un partido estuvo dirigiendo al equipo, pero finalmente dio un paso al lado, ya que no se encontraba con fuerzas para estar al frente del banquillo.<\/p>\n<p><img decoding=\"async\" src=\"https:\/\/www.europesays.com\/es\/wp-content\/uploads\/2025\/10\/bbf2a7db-3a76-44f2-9602-45d617450b9f_alta-libre-aspect-ratio_default_0.jpg\" width=\"1200\" height=\"800\" alt=\"Mumbr\u00fa anunci\u00f3 su plena confianza en su ayudante para llevar Alemania a lo m\u00e1s alto del Eurobasket\" class=\"ft-helper-img-rd\" loading=\"lazy\" hasdataaida=\"true\"\/><\/p>\n<p class=\"ft-helper-fontColor-quaternary ft-helper-fontSize-body-S ft-helper-spacer-t-xxs\">Mumbr\u00fa, durante el Eurobasket  \/ FIBA<\/p>\n<p class=\"ft-text\">Hasta hace poco m\u00e1s de una semana, <strong>todav\u00eda no inger\u00eda alimentos s\u00f3lidos y hab\u00eda perdido ya 16 kilos<\/strong>. Durante el Eurobasket, el seleccionador alem\u00e1n fue trasladado en ambulancia al hospital de Tampere, en Finlandia,<strong> antes del partido inaugural<\/strong>. Fue all\u00ed donde se le diagnostic\u00f3 el problema que le ha acompa\u00f1ado durante estas \u00faltimas semanas: una pancreatitis.<\/p>\n<p>Un Eurobasket at\u00edpico<\/p>\n<p class=\"ft-text\">Ante esta situaci\u00f3n, fue<strong> Alan Ibrahimagic el que tom\u00f3 las riendas de la selecci\u00f3n de Alemania y lo llev\u00f3 de victoria en victoria.<\/strong> Mumbr\u00fa, mientras tanto, regres\u00f3 al hotel tras cinco noches en la cl\u00ednica y opt\u00f3 por regresar en los octavos de final contra Portugal en Riga. Una decisi\u00f3n demasiado precipitada, ya que era evidente que el espa\u00f1ol no estaba nada bien.<\/p>\n<p class=\"ft-text\">Finalmente, opt\u00f3 por cederle sus funciones a <strong>Ibrahimagic<\/strong>, aunque estuvo presente en el banquillo durante los partidos. Una vez que Alemania se alz\u00f3 con el t\u00edtulo, <strong>el espa\u00f1ol se salt\u00f3 las celebraciones in situ y en Alemania el d\u00eda siguiente para dedicarse tiempo a \u00e9l mismo.<\/strong> Su objetivo ahora es el de llegar al partido de clasificaci\u00f3n para el Mundial contra Israel el pr\u00f3ximo 28 de noviembre.<\/p>\n","protected":false},"excerpt":{"rendered":"\u00c1lex Mumbr\u00fa est\u00e1 por fin en casa. El seleccionador de Alemania recibi\u00f3 el alta el pasado viernes despu\u00e9s&hellip;\n","protected":false},"author":2,"featured_media":117754,"comment_status":"","ping_status":"","sticky":false,"template":"","format":"standard","meta":{"footnotes":""},"categories":[269],"tags":[12721,299,298,385,168,960,25,24,301,25164,23,167,739],"class_list":{"0":"post-190006","1":"post","2":"type-post","3":"status-publish","4":"format-standard","5":"has-post-thumbnail","7":"category-baloncesto","8":"tag-12721","9":"tag-baloncesto","10":"tag-basketball","11":"tag-casa","12":"tag-deportes","13":"tag-dias","14":"tag-es","15":"tag-espana","16":"tag-eurobasket","17":"tag-mumbru","18":"tag-spain","19":"tag-sports","20":"tag-vuelve"},"share_on_mastodon":{"url":"https:\/\/pubeurope.com\/@es\/115408228020055743","error":""},"_links":{"self":[{"href":"https:\/\/www.europesays.com\/es\/wp-json\/wp\/v2\/posts\/190006","targetHints":{"allow":["GET"]}}],"collection":[{"href":"https:\/\/www.europesays.com\/es\/wp-json\/wp\/v2\/posts"}],"about":[{"href":"https:\/\/www.europesays.com\/es\/wp-json\/wp\/v2\/types\/post"}],"author":[{"embeddable":true,"href":"https:\/\/www.europesays.com\/es\/wp-json\/wp\/v2\/users\/2"}],"replies":[{"embeddable":true,"href":"https:\/\/www.europesays.com\/es\/wp-json\/wp\/v2\/comments?post=190006"}],"version-history":[{"count":0,"href":"https:\/\/www.europesays.com\/es\/wp-json\/wp\/v2\/posts\/190006\/revisions"}],"wp:featuredmedia":[{"embeddable":true,"href":"https:\/\/www.europesays.com\/es\/wp-json\/wp\/v2\/media\/117754"}],"wp:attachment":[{"href":"https:\/\/www.europesays.com\/es\/wp-json\/wp\/v2\/media?parent=190006"}],"wp:term":[{"taxonomy":"category","embeddable":true,"href":"https:\/\/www.europesays.com\/es\/wp-json\/wp\/v2\/categories?post=190006"},{"taxonomy":"post_tag","embeddable":true,"href":"https:\/\/www.europesays.com\/es\/wp-json\/wp\/v2\/tags?post=190006"}],"curies":[{"name":"wp","href":"https:\/\/api.w.org\/{rel}","templated":true}]}}