{"id":190007,"date":"2025-10-20T19:49:08","date_gmt":"2025-10-20T19:49:08","guid":{"rendered":"https:\/\/www.europesays.com\/es\/190007\/"},"modified":"2025-10-20T19:49:08","modified_gmt":"2025-10-20T19:49:08","slug":"la-letra-pequena-del-contrato-de-ruben-selles-para-firmar-por-el-real-zaragoza","status":"publish","type":"post","link":"https:\/\/www.europesays.com\/es\/190007\/","title":{"rendered":"La letra peque\u00f1a del contrato de Rub\u00e9n Sell\u00e9s para firmar por el Real Zaragoza"},"content":{"rendered":"<p data-start=\"100\" data-end=\"543\">El casting para elegir al nuevo entrenador del <strong><a href=\"https:\/\/www.hoyaragon.es\/seccion\/noticias-real-zaragoza\/\" rel=\"nofollow noopener\" target=\"_blank\">Real Zaragoza<\/a><\/strong> ha ido menguando hasta dejar un nombre propio en primera l\u00ednea: <a href=\"https:\/\/www.hoyaragon.es\/articulo\/noticias-real-zaragoza\/real-zaragoza-descarta-emilio-larraz-plantea-miguel-alvarez-dirigir-equipo\/20251019135609113400.html\" rel=\"nofollow noopener\" target=\"_blank\"><strong data-start=\"225\" data-end=\"241\">Rub\u00e9n Sell\u00e9s<\/strong><\/a>. Antes, en la terna manejada por la direcci\u00f3n deportiva aparecieron <strong data-start=\"310\" data-end=\"325\">Rub\u00e9n Alb\u00e9s<\/strong>, <strong data-start=\"327\" data-end=\"345\">Miguel \u00c1lvarez<\/strong> o <strong data-start=\"348\" data-end=\"370\">Abelardo Fern\u00e1ndez<\/strong> \u2014este \u00faltimo, m\u00e1s por ofrecimientos que por una voluntad real del club\u2014. En el imaginario popular siempre asom\u00f3 <strong data-start=\"483\" data-end=\"490\">JIM<\/strong>, pero la <strong data-start=\"500\" data-end=\"542\">propiedad no ha contemplado su regreso, <a href=\"https:\/\/www.sportaragon.com\/\" rel=\"nofollow noopener\" target=\"_blank\">seg\u00fan public\u00f3 SPORTARAG\u00d3N.<\/a><\/strong><\/p>\n<p data-start=\"545\" data-end=\"930\"><strong data-start=\"545\" data-end=\"571\">El Peri\u00f3dico de Arag\u00f3n<\/strong> fue el primero en apuntar la pista de una elecci\u00f3n inminente por parte del Real Zaragoza y dando nombre y apellido. El nombre de Sell\u00e9s <strong data-start=\"659\" data-end=\"697\">parece ya pr\u00e1cticamente definitivo<\/strong>, a la espera del anuncio oficial. En La Ciudad Deportiva se not\u00f3 desde primera hora: a las <strong data-start=\"789\" data-end=\"797\">7:30<\/strong> las luces estaban encendidas y el aparcamiento, con mucho movimiento. <strong data-start=\"868\" data-end=\"930\">El Zaragoza ya ha escrito el nombre de su pr\u00f3ximo t\u00e9cnico.<\/strong><\/p>\n<p>Un perfil con sello internacional\u2026 y sin pedigr\u00ed en Espa\u00f1a<\/p>\n<p data-start=\"995\" data-end=\"1673\">Para buena parte del zaragocismo, <strong data-start=\"1029\" data-end=\"1057\">Sell\u00e9s es un desconocido<\/strong>. Y ah\u00ed nace el debate: <strong data-start=\"1081\" data-end=\"1103\">apuesta arriesgada<\/strong>, sin trayectoria en el f\u00fatbol profesional espa\u00f1ol ni huellas en Segunda. Su prestigio se ha forjado fuera: <strong data-start=\"1211\" data-end=\"1261\">Dinamarca, Grecia, Rusia, Azerbaiy\u00e1n y Noruega<\/strong> como estaciones de formaci\u00f3n y asistencias t\u00e9cnicas; y, sobre todo, <strong data-start=\"1330\" data-end=\"1344\">Inglaterra<\/strong>, donde pas\u00f3 de ayudante de <strong data-start=\"1372\" data-end=\"1388\">Nathan Jones<\/strong> a tomar el mando del <strong data-start=\"1410\" data-end=\"1425\">Southampton<\/strong> en la recta final de la 22\/23. Despu\u00e9s <strong data-start=\"1465\" data-end=\"1476\">Reading<\/strong>, <strong data-start=\"1478\" data-end=\"1491\">Hull City<\/strong> y <strong data-start=\"1494\" data-end=\"1514\">Sheffield United<\/strong> completan un curr\u00edculum que destila <strong data-start=\"1551\" data-end=\"1592\">m\u00e9todo, orden y alta exigencia f\u00edsica<\/strong>, pero que llega <strong data-start=\"1609\" data-end=\"1627\">por contrastar<\/strong> en un contexto como el de LaLiga Hypermotion.<\/p>\n<p data-start=\"1675\" data-end=\"2040\">La <strong data-start=\"1678\" data-end=\"1701\">metodolog\u00eda moderna<\/strong> es su carta de presentaci\u00f3n: <strong data-start=\"1731\" data-end=\"1747\">presi\u00f3n alta<\/strong>, equipos <strong data-start=\"1757\" data-end=\"1774\">protagonistas<\/strong> sin bal\u00f3n, <strong data-start=\"1786\" data-end=\"1804\">ritmo vertical<\/strong> y <strong data-start=\"1807\" data-end=\"1823\">bal\u00f3n parado<\/strong> trabajado al detalle. Sell\u00e9s ha convivido con <strong data-start=\"1870\" data-end=\"1893\">econom\u00edas de guerra<\/strong>, <strong data-start=\"1895\" data-end=\"1930\">inestabilidades institucionales<\/strong> y <strong data-start=\"1933\" data-end=\"1955\">plantillas j\u00f3venes<\/strong>. Virtudes que convencen a la directiva\u2026 aunque <strong data-start=\"2003\" data-end=\"2018\">no unifican<\/strong> a la grada de salida.<\/p>\n<p data-start=\"1675\" data-end=\"2040\">La <strong data-start=\"2888\" data-end=\"2915\">elecci\u00f3n del entrenador<\/strong>, recalcan desde dentro, <strong data-start=\"2940\" data-end=\"2958\">no est\u00e1 ligada<\/strong> a movimientos inmediatos de plantilla, aunque s\u00ed a una <strong data-start=\"3014\" data-end=\"3039\">redefinici\u00f3n de roles<\/strong> y a <strong data-start=\"3044\" data-end=\"3069\">elevar la competencia<\/strong> desde el primer d\u00eda.<\/p>\n<p>Contrato encarrilado y una llegada a contrarreloj<\/p>\n<p data-start=\"2096\" data-end=\"2563\">El t\u00e9cnico, <strong data-start=\"2264\" data-end=\"2279\">en Valencia<\/strong>, aguarda el aviso para viajar a Zaragoza y <strong data-start=\"2323\" data-end=\"2345\">recoger el testigo<\/strong> tras las salidas de <strong data-start=\"2366\" data-end=\"2383\">Emilio Larraz<\/strong> y <strong data-start=\"2386\" data-end=\"2394\">Gabi<\/strong>. La hoja de ruta pasa por un <strong data-start=\"2424\" data-end=\"2460\">v\u00ednculo hasta final de temporada<\/strong> y <strong data-start=\"2463\" data-end=\"2513\">una campa\u00f1a m\u00e1s condicionada a objetivos<\/strong>, con la <strong data-start=\"2522\" data-end=\"2537\">permanencia<\/strong> como misi\u00f3n innegociable.<\/p>\n<p data-start=\"2565\" data-end=\"3090\">Seg\u00fan informa El Peri\u00f3dico de Arag\u00f3n, la\u00a0operaci\u00f3n llega de la mano de <strong data-start=\"2598\" data-end=\"2612\">Pepe Monar<\/strong> (agencia <strong data-start=\"2622\" data-end=\"2629\">EMG<\/strong>), intermediario con v\u00ednculos previos con el club. Monar particip\u00f3 en el fichaje de <strong data-start=\"2713\" data-end=\"2728\">Sinan Bakis<\/strong> en 2023 \u2014procedente del Andorra y con la carta de libertad\u2014, una apuesta que <strong data-start=\"2806\" data-end=\"2818\">no cuaj\u00f3<\/strong> y cuya <strong data-start=\"2826\" data-end=\"2845\">salida en enero<\/strong> se contempla tras su cesi\u00f3n al G\u00f3rnik.<\/p>\n","protected":false},"excerpt":{"rendered":"El casting para elegir al nuevo entrenador del Real Zaragoza ha ido menguando hasta dejar un nombre propio&hellip;\n","protected":false},"author":2,"featured_media":190008,"comment_status":"","ping_status":"","sticky":false,"template":"","format":"standard","meta":{"footnotes":""},"categories":[268],"tags":[168,25,24,280,282,799,53139,281,23,167],"class_list":{"0":"post-190007","1":"post","2":"type-post","3":"status-publish","4":"format-standard","5":"has-post-thumbnail","7":"category-futbol","8":"tag-deportes","9":"tag-es","10":"tag-espana","11":"tag-football","12":"tag-futbol","13":"tag-real-zaragoza","14":"tag-ruben-selles","15":"tag-soccer","16":"tag-spain","17":"tag-sports"},"share_on_mastodon":{"url":"https:\/\/pubeurope.com\/@es\/115408231863913583","error":""},"_links":{"self":[{"href":"https:\/\/www.europesays.com\/es\/wp-json\/wp\/v2\/posts\/190007","targetHints":{"allow":["GET"]}}],"collection":[{"href":"https:\/\/www.europesays.com\/es\/wp-json\/wp\/v2\/posts"}],"about":[{"href":"https:\/\/www.europesays.com\/es\/wp-json\/wp\/v2\/types\/post"}],"author":[{"embeddable":true,"href":"https:\/\/www.europesays.com\/es\/wp-json\/wp\/v2\/users\/2"}],"replies":[{"embeddable":true,"href":"https:\/\/www.europesays.com\/es\/wp-json\/wp\/v2\/comments?post=190007"}],"version-history":[{"count":0,"href":"https:\/\/www.europesays.com\/es\/wp-json\/wp\/v2\/posts\/190007\/revisions"}],"wp:featuredmedia":[{"embeddable":true,"href":"https:\/\/www.europesays.com\/es\/wp-json\/wp\/v2\/media\/190008"}],"wp:attachment":[{"href":"https:\/\/www.europesays.com\/es\/wp-json\/wp\/v2\/media?parent=190007"}],"wp:term":[{"taxonomy":"category","embeddable":true,"href":"https:\/\/www.europesays.com\/es\/wp-json\/wp\/v2\/categories?post=190007"},{"taxonomy":"post_tag","embeddable":true,"href":"https:\/\/www.europesays.com\/es\/wp-json\/wp\/v2\/tags?post=190007"}],"curies":[{"name":"wp","href":"https:\/\/api.w.org\/{rel}","templated":true}]}}