{"id":19001,"date":"2025-08-01T17:35:09","date_gmt":"2025-08-01T17:35:09","guid":{"rendered":"https:\/\/www.europesays.com\/es\/19001\/"},"modified":"2025-08-01T17:35:09","modified_gmt":"2025-08-01T17:35:09","slug":"moi-el-orejas-el-luchador-ultra-y-miembro-de-desokupa-que-mato-a-un-hombre-en-tenerife-y-llevo-su-cadaver-a-la-comisaria","status":"publish","type":"post","link":"https:\/\/www.europesays.com\/es\/19001\/","title":{"rendered":"&#8216;Moi El Orejas&#8217;, el luchador ultra y miembro de Desokupa que mat\u00f3 a un hombre en Tenerife y llev\u00f3 su cad\u00e1ver a la comisar\u00eda"},"content":{"rendered":"<p class=\"paragraph\" id=\"paragraph_1\">En la <strong>madrugada del mi\u00e9rcoles al jueves<\/strong> (a las 3.00 horas), el conocido <a href=\"https:\/\/www.elespanol.com\/reportajes\/20250801\/policia-sostiene-felipe-dio-punetazos-padre-herencia-hermana-rosario-contribuido\/1003743871069_0.html?utm_cmp_rs=linksinline\" rel=\"nofollow noopener\" target=\"_blank\">luchador<\/a> de kick boking <strong>Mois\u00e9s Baute<\/strong> y el portero de discoteca <strong>Jonathan Mart\u00edn<\/strong> se han <strong>entregado voluntariamente<\/strong> en la comisar\u00eda de la Polic\u00eda Nacional del Tres de Mayo en <strong>Santa Cruz de Tenerife<\/strong> por <strong>presunto <a href=\"https:\/\/www.elespanol.com\/reportajes\/20250722\/familia-italiano-dj-godzi-muerto-ibiza-acusa-guardia-civil-homicidio-investigue\/1003743858161_0.html?utm_cmp_rs=linksinline\" rel=\"nofollow noopener\" target=\"_blank\">homicidio<\/a><\/strong>.<\/p>\n<p class=\"paragraph\" id=\"paragraph_2\">Los detenidos<strong> trasladaron el cad\u00e1ver en el asiento de atr\u00e1s<\/strong> de un veh\u00edculo de marca Toyota. La v\u00edctima es <strong>Manuel Alberto Gonz\u00e1lez Padr\u00f3n<\/strong>, vecino muy querido del barrio lagunero de El Cardonal, de 34 a\u00f1os. Su cuerpo, seg\u00fan detalla el diario tinerfe\u00f1o\u00a0El D\u00eda, presenta <strong>evidentes signos de muerte violenta<\/strong>, y se estima que llevase fallecido alrededor de 8 horas cuando los presuntos autores del crimen acudieron a la comisar\u00eda.<\/p>\n<p class=\"paragraph\" id=\"paragraph_3\">La pareja sentimental de Alberto Gonz\u00e1lez, conocido en la localidad como <strong>&#8216;Albertito&#8217;<\/strong>, denunci\u00f3 su <strong>desaparici\u00f3n en la tarde del martes<\/strong>, avisando a las autoridades de que el ahora fallecido iba a reunirse con Mois\u00e9s Baute, conocido en el mundo delictivo como<strong> &#8216;Moi El Orejas&#8217;<\/strong>. El aviso alert\u00f3 a los agentes, que organizaron la b\u00fasqueda del desaparecido.<\/p>\n<p class=\"paragraph\" id=\"paragraph_4\">Tanto Mois\u00e9s Baute como Jonathan Mart\u00edn, identificado en el barrio como<strong> &#8216;Johny El Gordo&#8217;<\/strong>, son conocidos en la localidad por ser de los <strong>&#8216;paleros&#8217; m\u00e1s violentos de Tenerife<\/strong>, sobre todo en relaci\u00f3n con el <strong>tr\u00e1fico de drogas<\/strong>.<\/p>\n<p class=\"paragraph\" id=\"paragraph_5\">Por el momento, ambos presuntos autores del crimen se encuentran <strong>detenidos en la Comisar\u00eda de Distrito Sur de Santa Cruz de Tenerife<\/strong>. Y en la <strong>jornada de este viernes<\/strong> se prev\u00e9 que pasen a <strong>disposici\u00f3n judicial<\/strong>.<\/p>\n<p class=\"paragraph\" id=\"paragraph_6\">Tambi\u00e9n permanece <strong>hospitalizado otro hombre<\/strong> que podr\u00eda estar relacionado con los hechos, y al que, presuntamente, los detenidos han propinado una <strong>brutal paliza<\/strong>.<\/p>\n<p>Posible ajuste de cuentas<\/p>\n<p class=\"paragraph\" id=\"paragraph_7\">Seg\u00fan fuentes cercanas a la investigaci\u00f3n, el grupo de Homicidios baraja la posibilidad de que la causa del crimen est\u00e9 relacionada con un <strong><a href=\"https:\/\/www.elespanol.com\/reportajes\/20250420\/javi-magnate-chino-valencia-tiroteado-ajuste-cuentas-implicado-red-blanqueo-dinero\/1003743721088_0.html?utm_cmp_rs=linksinline\" rel=\"nofollow noopener\" target=\"_blank\">ajuste de cuentas<\/a>\u00a0por tr\u00e1fico de drogas<\/strong>. Aunque por el momento no se descartan otras posibles hip\u00f3tesis.<\/p>\n<p class=\"paragraph\" id=\"paragraph_8\">Por ahora, los agentes de Polic\u00eda se encuentran trabajando para esclarecer los hechos, tratando de averiguar si se produjo una pelea entre los implicados, as\u00ed como si la v\u00edctima mortal fue <strong>retenida de forma ilegal y torturada<\/strong>. Sin embargo, esto son hip\u00f3tesis, ya que todav\u00eda <strong>se esperan los resultados de la autopsia<\/strong> y otras pruebas forenses.<\/p>\n<p class=\"paragraph\" id=\"paragraph_9\">Tambi\u00e9n se sospecha que los detenidos se han entregado a las autoridades por consejo de sus abogados a fin de acogerse a los atenuantes y <strong>obtener una reducci\u00f3n de pena en la sentencia<\/strong>. Primero se entreg\u00f3 Mois\u00e9s Baute; despu\u00e9s, Jonathan Mart\u00edn.<\/p>\n<p class=\"paragraph\" id=\"paragraph_10\">Asimismo, los cuerpos de seguridad se encuentran en <strong>alerta ante las posibles represalias<\/strong> como consecuencia de la detenci\u00f3n de los presuntos asesinos. Las autoridades temen que se convoque un <strong>violento enfrentamiento entre bandas en el barrio de Aza\u00f1a<\/strong>.<\/p>\n<p>&#8216;Moi El Orejas&#8217;<\/p>\n<p class=\"paragraph\" id=\"paragraph_11\"><strong>Mois\u00e9s Baute<\/strong>, tinerfe\u00f1o nacido en 1984, es\u00a0un conocido luchador canario en\u00a0la categor\u00eda de peso pesado. Fue campe\u00f3n mundial de Enfusion en 2019 en la localidad de Wuppertal, en Alemania, concretamente en la inferior de 95 kilos.\u00a0<\/p>\n<p class=\"paragraph\" id=\"paragraph_12\">Adem\u00e1s, el luchador de kickboxing\u00a0est\u00e1 vinculado a la empresa privada <strong>Desokupa Ahora<\/strong>, que se dedica a realizar desalojos extrajudiciales en Canarias.<\/p>\n<p class=\"paragraph\" id=\"paragraph_13\">&#8216;El Orejas &#8216; tiene <strong>antecedentes penales por &#8216;vuelcos&#8217;<\/strong> [robos de sustancias estupefacientes a otros narcotraficantes] y por intimidaciones por encargo.<\/p>\n<p class=\"paragraph\" id=\"paragraph_14\">En 2023 fue condenado, junto a otros cuatro acusados, a <strong>dos a\u00f1os y medio de prisi\u00f3n<\/strong> por el &#8216;caso Satyani&#8217;, un acontecimiento que se remonta a 2019 por la <strong>coacci\u00f3n al empresario<\/strong> V\u00edctor Est\u00e9vez en una sala del Real Casino de Tenerife.<\/p>\n<p class=\"paragraph\" id=\"paragraph_15\">Moi Baute exig\u00eda al empresario que retirara una demanda por unas gestiones inmobiliarias, con una <strong>deuda que ascend\u00eda al mill\u00f3n de euros<\/strong>.\u00a0El Juzgado de lo Penal n\u00famero 8 de Santa Cruz de Tenerife le conden\u00f3 por un <strong>delito de obstrucci\u00f3n a la Justicia<\/strong>.<\/p>\n","protected":false},"excerpt":{"rendered":"En la madrugada del mi\u00e9rcoles al jueves (a las 3.00 horas), el conocido luchador de kick boking Mois\u00e9s&hellip;\n","protected":false},"author":2,"featured_media":19002,"comment_status":"","ping_status":"","sticky":false,"template":"","format":"standard","meta":{"footnotes":""},"categories":[5],"tags":[1154,17,18,25,24,13,14,11,11738,11741,19,20,9,10,15,16,11739,4286,11742,23,1370,12,11740,21,22,432],"class_list":{"0":"post-19001","1":"post","2":"type-post","3":"status-publish","4":"format-standard","5":"has-post-thumbnail","7":"category-titulares","8":"tag-asesinatos","9":"tag-breaking-news","10":"tag-breakingnews","11":"tag-es","12":"tag-espana","13":"tag-featured-news","14":"tag-featurednews","15":"tag-headlines","16":"tag-investigacion-policial","17":"tag-islas-canarias","18":"tag-latest-news","19":"tag-latestnews","20":"tag-news","21":"tag-noticias","22":"tag-noticias-destacadas","23":"tag-noticiasdestacadas","24":"tag-policia-nacional","25":"tag-reportajes","26":"tag-santa-cruz-de-tenerife-municipio","27":"tag-spain","28":"tag-tenerife","29":"tag-titulares","30":"tag-trafico-de-drogas","31":"tag-ultimas-noticias","32":"tag-ultimasnoticias","33":"tag-violencia"},"share_on_mastodon":{"url":"","error":""},"_links":{"self":[{"href":"https:\/\/www.europesays.com\/es\/wp-json\/wp\/v2\/posts\/19001","targetHints":{"allow":["GET"]}}],"collection":[{"href":"https:\/\/www.europesays.com\/es\/wp-json\/wp\/v2\/posts"}],"about":[{"href":"https:\/\/www.europesays.com\/es\/wp-json\/wp\/v2\/types\/post"}],"author":[{"embeddable":true,"href":"https:\/\/www.europesays.com\/es\/wp-json\/wp\/v2\/users\/2"}],"replies":[{"embeddable":true,"href":"https:\/\/www.europesays.com\/es\/wp-json\/wp\/v2\/comments?post=19001"}],"version-history":[{"count":0,"href":"https:\/\/www.europesays.com\/es\/wp-json\/wp\/v2\/posts\/19001\/revisions"}],"wp:featuredmedia":[{"embeddable":true,"href":"https:\/\/www.europesays.com\/es\/wp-json\/wp\/v2\/media\/19002"}],"wp:attachment":[{"href":"https:\/\/www.europesays.com\/es\/wp-json\/wp\/v2\/media?parent=19001"}],"wp:term":[{"taxonomy":"category","embeddable":true,"href":"https:\/\/www.europesays.com\/es\/wp-json\/wp\/v2\/categories?post=19001"},{"taxonomy":"post_tag","embeddable":true,"href":"https:\/\/www.europesays.com\/es\/wp-json\/wp\/v2\/tags?post=19001"}],"curies":[{"name":"wp","href":"https:\/\/api.w.org\/{rel}","templated":true}]}}