{"id":190114,"date":"2025-10-20T20:50:13","date_gmt":"2025-10-20T20:50:13","guid":{"rendered":"https:\/\/www.europesays.com\/es\/190114\/"},"modified":"2025-10-20T20:50:13","modified_gmt":"2025-10-20T20:50:13","slug":"radio-rafaela-lt28-am1470","status":"publish","type":"post","link":"https:\/\/www.europesays.com\/es\/190114\/","title":{"rendered":"Radio Rafaela | LT28 AM1470"},"content":{"rendered":"<p>Juan C\u00f3rdoba, entrenador del Club Almagro de Rafaela, celebr\u00f3 la <strong>convocatoria de tres jugadores de la ciudad y su <\/strong><a href=\"https:\/\/www.ellitoral.com\/deportes\/bariloche-campeonato-argentino-selecciones-menores-handball-santa-fe-jovenes-talentos-deporte_0_9q6qPke5Fp.html\" target=\"_blank\" rel=\"noopener noreferrer nofollow\"><strong>designaci\u00f3n como parte del cuerpo t\u00e9cnico provincial<\/strong><\/a>. \u201cEs importante el trabajo que se est\u00e1 haciendo por tener a chicos de la ciudad de Rafaela, que est\u00e1n convocados para representar a la provincia\u201d, coment\u00f3.<\/p>\n<p>\u00a0<\/p>\n<p>\u201cEstamos contentos por ellos. El Handball es un deporte muy amateur en la ciudad de Rafaela, somos el \u00fanico club que tiene para practicar la disciplina, as\u00ed que la gran mayor\u00eda de los chicos que entrenan se concentran ac\u00e1\u201d, destac\u00f3 C\u00f3rdoba.<\/p>\n<p>\u00a0<\/p>\n<p><strong>Tres nombres locales<\/strong><\/p>\n<p>\u00a0<\/p>\n<p><strong>Los jugadores seleccionados son Ignacio \u00c1vila, Lorenzo Merlino y M\u00e1ximo Celiz<\/strong>. C\u00f3rdoba explic\u00f3 que el proceso de elecci\u00f3n se realiza mediante observaci\u00f3n y seguimiento durante entrenamientos, partidos amistosos y encuentros de liga.<\/p>\n<p>\u00a0<\/p>\n<p>Puede interesarte<\/p>\n<p>\u00a0<\/p>\n<p>\u201cSe arma una preselecci\u00f3n desde la Asociaci\u00f3n Santafesina, donde vamos trabajando con los chicos. Primero se arma una lista abierta, donde vamos observando, evaluando c\u00f3mo vienen. Por medio de eso, de los partidos de liga, de los encuentros y dem\u00e1s, <strong>evaluamos a los chicos<\/strong> y tomamos una decisi\u00f3n con el resto del plantel de profesores\u201d, detall\u00f3.<\/p>\n<p>\u00a0<\/p>\n<p><strong>Trabajo a pleno en entrenamientos<\/strong><\/p>\n<p>El entrenador explic\u00f3 la preparaci\u00f3n de los menores, en categor\u00eda sub 14, que combina aspectos fundamentales: \u201cB\u00e1sicamente, entrenamos un poco de parte f\u00edsica, algo t\u00e9cnico, algo t\u00e1ctico durante la semana, tratando de enfocarnos en las virtudes y aquellos defectos que tienen que tratar de mejorar\u201d.<\/p>\n<p>\u00a0<\/p>\n<p><img alt=\"handball\" layout=\"responsive\"   src=\"https:\/\/www.europesays.com\/es\/wp-content\/uploads\/2025\/10\/handball.jpeg\" width=\"700\" height=\"600\" decoding=\"async\" data-nimg=\"future\" loading=\"lazy\" style=\"color:transparent\"\/><\/p>\n<p>\u00a0<\/p>\n<p>En esa l\u00ednea de trabajo, C\u00f3rdoba resalt\u00f3 el valor institucional y motivacional de la convocatoria. \u201c<strong>La verdad que, tanto para el club como para la ciudad, es algo importante, es lindo tener chicos de Rafaela<\/strong> represent\u00e1ndonos en este deporte. Como dijimos, somos el \u00fanico lugar donde se puede practicar. As\u00ed que, institucionalmente<strong>, es un orgullo tanto por ellos como para la gente que est\u00e1 trabajando en la Asociaci\u00f3n<\/strong>\u201d, afirm\u00f3.<\/p>\n<p>\u00a0<\/p>\n<p>Finalmente, el entrenador describi\u00f3 el camino que realizan los jugadores. \u201cEsto es algo que los motiva en el d\u00eda a d\u00eda, todos quieren estar en ese lugar. Lamentablemente, viajan solamente 16 chicos de toda la provincia, as\u00ed que es un camino largo y dif\u00edcil como todos\u201d, concluy\u00f3.<\/p>\n<p>\u00a0<\/p>\n<p>\u00a0<\/p>\n<p>Ahora, las miradas est\u00e1n puestas en el desaf\u00edo que se aproxima, con la decisi\u00f3n de la Asociaci\u00f3n Santafesina de Handball. El <strong>Torneo Argentino de Menores se disputar\u00e1 del 10 al 15 de noviembre<\/strong> en la ciudad de San Carlos de Bariloche, con representaci\u00f3n rafaelina en plantel y cuerpo t\u00e9cnico.<\/p>\n<p>\u00a0<\/p>\n<p><strong>\u00a0Entrevista completa:\u00a0<\/strong><\/p>\n","protected":false},"excerpt":{"rendered":"Juan C\u00f3rdoba, entrenador del Club Almagro de Rafaela, celebr\u00f3 la convocatoria de tres jugadores de la ciudad y&hellip;\n","protected":false},"author":2,"featured_media":190115,"comment_status":"","ping_status":"","sticky":false,"template":"","format":"standard","meta":{"footnotes":""},"categories":[278],"tags":[376,53176,16254,168,25,24,375,53174,53173,16088,53177,23,167,53175],"class_list":{"0":"post-190114","1":"post","2":"type-post","3":"status-publish","4":"format-standard","5":"has-post-thumbnail","7":"category-balonmano","8":"tag-balonmano","9":"tag-cef-53","10":"tag-deporte-amateur","11":"tag-deportes","12":"tag-es","13":"tag-espana","14":"tag-handball","15":"tag-handball-rafaela","16":"tag-juan-cordoba","17":"tag-santa-fe","18":"tag-seleccion-provincial","19":"tag-spain","20":"tag-sports","21":"tag-torneo-argentino-de-menores"},"share_on_mastodon":{"url":"https:\/\/pubeurope.com\/@es\/115408471805182677","error":""},"_links":{"self":[{"href":"https:\/\/www.europesays.com\/es\/wp-json\/wp\/v2\/posts\/190114","targetHints":{"allow":["GET"]}}],"collection":[{"href":"https:\/\/www.europesays.com\/es\/wp-json\/wp\/v2\/posts"}],"about":[{"href":"https:\/\/www.europesays.com\/es\/wp-json\/wp\/v2\/types\/post"}],"author":[{"embeddable":true,"href":"https:\/\/www.europesays.com\/es\/wp-json\/wp\/v2\/users\/2"}],"replies":[{"embeddable":true,"href":"https:\/\/www.europesays.com\/es\/wp-json\/wp\/v2\/comments?post=190114"}],"version-history":[{"count":0,"href":"https:\/\/www.europesays.com\/es\/wp-json\/wp\/v2\/posts\/190114\/revisions"}],"wp:featuredmedia":[{"embeddable":true,"href":"https:\/\/www.europesays.com\/es\/wp-json\/wp\/v2\/media\/190115"}],"wp:attachment":[{"href":"https:\/\/www.europesays.com\/es\/wp-json\/wp\/v2\/media?parent=190114"}],"wp:term":[{"taxonomy":"category","embeddable":true,"href":"https:\/\/www.europesays.com\/es\/wp-json\/wp\/v2\/categories?post=190114"},{"taxonomy":"post_tag","embeddable":true,"href":"https:\/\/www.europesays.com\/es\/wp-json\/wp\/v2\/tags?post=190114"}],"curies":[{"name":"wp","href":"https:\/\/api.w.org\/{rel}","templated":true}]}}