{"id":190155,"date":"2025-10-20T21:14:08","date_gmt":"2025-10-20T21:14:08","guid":{"rendered":"https:\/\/www.europesays.com\/es\/190155\/"},"modified":"2025-10-20T21:14:08","modified_gmt":"2025-10-20T21:14:08","slug":"una-cuadrilla-de-lujo-para-emilio-de-justo-en-2026","status":"publish","type":"post","link":"https:\/\/www.europesays.com\/es\/190155\/","title":{"rendered":"UNA CUADRILLA DE LUJO PARA EMILIO DE JUSTO EN 2026."},"content":{"rendered":"<p>El matador de toros extreme\u00f1o <strong>EMILIO DE JUSTO<\/strong> ha cerrado una cuadrilla de lujo para la temporada 2026.<\/p>\n<p>En ella han entrados el banderillero sevillano <strong>ANTONIO CHAC\u00d3N<\/strong> que esta temporada estuvo a las \u00f3rdenes del diestro peruano Roca Rey .<br \/>CHAC\u00d3N es uno de los hombres de plata m\u00e1s importantes en el panorama del toreo actual.<\/p>\n<p>Tambi\u00e9n han entrado en cuanto a los del castore\u00f1o otro picador de lujo <strong>JOSE ANTONIO BARROSO<\/strong>, otro de los mejores picadores en las filas espa\u00f1olas.<\/p>\n<p>Con estos dos importantes cambios la cuadrilla completa de EMILIO DE JUSTO ha quedado cerrada de la siguiente manera:<\/p>\n<p>Picadores :<br \/><strong>JOS\u00c9 ANTONIO BARROSO Y JUAN BERNAL.<\/strong><\/p>\n<p>Hombres de plata :<\/p>\n<p><strong>\u201cEL ALGABE\u00d1O\u201d<\/strong><br \/><strong>\u00a0ANTONIO CHAC\u00d3N.<\/strong><br \/><strong>Jos\u00e9 Manuel P\u00c9REZ VALC\u00c1RCEL.<\/strong><\/p>\n<p>Una cuadrilla c\u00f3mo se ve de aut\u00e9ntico lujo para uno de los matadores de toros m\u00e1s importantes del panorama espa\u00f1ol y que ha cerrado una temporada sensacional.<br \/>Y le espera una temporada 2026 important\u00edsima tanto en n\u00famero de festejos como de plazas de toros, pues pisar\u00e1 todas las ferias importantes de Espa\u00f1a y Francia.<\/p>\n","protected":false},"excerpt":{"rendered":"El matador de toros extreme\u00f1o EMILIO DE JUSTO ha cerrado una cuadrilla de lujo para la temporada 2026.&hellip;\n","protected":false},"author":2,"featured_media":190156,"comment_status":"","ping_status":"","sticky":false,"template":"","format":"standard","meta":{"footnotes":""},"categories":[277],"tags":[373,168,25,24,23,167,374],"class_list":{"0":"post-190155","1":"post","2":"type-post","3":"status-publish","4":"format-standard","5":"has-post-thumbnail","7":"category-toreo","8":"tag-bullfighting","9":"tag-deportes","10":"tag-es","11":"tag-espana","12":"tag-spain","13":"tag-sports","14":"tag-toreo"},"share_on_mastodon":{"url":"https:\/\/pubeurope.com\/@es\/115408565860017078","error":""},"_links":{"self":[{"href":"https:\/\/www.europesays.com\/es\/wp-json\/wp\/v2\/posts\/190155","targetHints":{"allow":["GET"]}}],"collection":[{"href":"https:\/\/www.europesays.com\/es\/wp-json\/wp\/v2\/posts"}],"about":[{"href":"https:\/\/www.europesays.com\/es\/wp-json\/wp\/v2\/types\/post"}],"author":[{"embeddable":true,"href":"https:\/\/www.europesays.com\/es\/wp-json\/wp\/v2\/users\/2"}],"replies":[{"embeddable":true,"href":"https:\/\/www.europesays.com\/es\/wp-json\/wp\/v2\/comments?post=190155"}],"version-history":[{"count":0,"href":"https:\/\/www.europesays.com\/es\/wp-json\/wp\/v2\/posts\/190155\/revisions"}],"wp:featuredmedia":[{"embeddable":true,"href":"https:\/\/www.europesays.com\/es\/wp-json\/wp\/v2\/media\/190156"}],"wp:attachment":[{"href":"https:\/\/www.europesays.com\/es\/wp-json\/wp\/v2\/media?parent=190155"}],"wp:term":[{"taxonomy":"category","embeddable":true,"href":"https:\/\/www.europesays.com\/es\/wp-json\/wp\/v2\/categories?post=190155"},{"taxonomy":"post_tag","embeddable":true,"href":"https:\/\/www.europesays.com\/es\/wp-json\/wp\/v2\/tags?post=190155"}],"curies":[{"name":"wp","href":"https:\/\/api.w.org\/{rel}","templated":true}]}}