{"id":19021,"date":"2025-08-01T17:48:08","date_gmt":"2025-08-01T17:48:08","guid":{"rendered":"https:\/\/www.europesays.com\/es\/19021\/"},"modified":"2025-08-01T17:48:08","modified_gmt":"2025-08-01T17:48:08","slug":"nacho-abad-ficha-al-director-de-malas-lenguas-de-jesus-cintora-y-se-lo-lleva-a-en-boca-de-todos","status":"publish","type":"post","link":"https:\/\/www.europesays.com\/es\/19021\/","title":{"rendered":"Nacho Abad ficha al director de &#8216;Malas lenguas&#8217; de Jes\u00fas Cintora y se lo lleva a &#8216;En boca de todos&#8217;"},"content":{"rendered":"<p class=\"article-text\">\n        El verano es \u00e9poca de cambios y pruebas en televisi\u00f3n y <strong>En boca de todos <\/strong>y <strong>Malas Lenguas<\/strong> son un buen ejemplo de ello. La c\u00fapula directiva de ambos programas se ha reformulado con la salida de <strong>Rafa Mu\u00f1iz<\/strong> del programa de RTVE, para incorporarse al de Cuatro, seg\u00fan ha publicado <a href=\"https:\/\/www.elconfidencialdigital.com\/articulo\/medios\/nacho-abad-lleva-cuatro-director-malas-lenguas-jesus-cintora\/20250801190000974843.html\" target=\"_blank\" rel=\"nofollow noopener\" data-mrf-recirculation=\"links-noticia\" class=\"link\">El Confidencial Digital<\/a> y ha confirmado <strong>verTele.<\/strong>\n    <\/p>\n<p>    <a href=\"https:\/\/www.eldiario.es\/noticias\/nacho-abad-condena-insulto-encubierto-pedro-sanchez-invitado-boca-no-parece_1_12506968.html\" data-mrf-recirculation=\"saber-mas\" data-dl-event=\"saber-mas\" rel=\"nofollow noopener\" target=\"_blank\"><\/p>\n<p class=\"know-more__title\">Nacho Abad condena el insulto \u00abencubierto\u00bb a Pedro S\u00e1nchez de un invitado de &#8216;En boca de todos&#8217;: \u00abNo me parece nada bien\u00bb<\/p>\n<p>            <img decoding=\"async\" class=\"lazy\" loading=\"lazy\" data-src=\"https:\/\/static.eldiario.es\/clip\/f758ad6b-76a7-4a33-9909-60b57d7c5a17_16-9-aspect-ratio_default_0.jpg\" src=\"data:image\/svg+xml,%3Csvg xmlns=\" http:=\"\" viewbox=\"0 0 880 495\" alt=\"Nacho Abad condena el insulto &quot;encubierto&quot; a Pedro S\u00e1nchez de un invitado de 'En boca de todos': &quot;No me parece nada bien&quot;\"\/><\/p>\n<p>                        <\/a><\/p>\n<p class=\"article-text\">\n        Mu\u00f1iz, con menos de 35 a\u00f1os, lleva desde 2020 como <strong>coordinador, subdirector y codirector de los magacines pol\u00edticos de TVE<\/strong>. En abril se puso al frente de la direcci\u00f3n de <strong>Malas Lenguas<\/strong> para ver c\u00f3mo ha ido creciendo una apuesta por el enfoque informativo, con tertulianos llamativos e ingredientes de s\u00e1tira pol\u00edtica.\n    <\/p>\n<p class=\"article-text\">\n        A finales de junio sali\u00f3 del formato y se qued\u00f3 <strong>Cintora como presentador y tambi\u00e9n director,<\/strong> coincidiendo con el ascenso en audiencias del programa, especialmente en su ventana de La 2, donde ha firmado <a href=\"https:\/\/www.eldiario.es\/vertele\/audiencias-tv\/lunes-28-julio-2025-malas-lenguas-suma-record-la-2-rtve-tarde-alza-telecinco-el-diario-de-verano-agarrate-sillon_1_12498769.html\" target=\"_blank\" data-mrf-recirculation=\"links-noticia\" class=\"link\" rel=\"nofollow noopener\">varios r\u00e9cords recientes<\/a>.\n    <\/p>\n<p class=\"article-text\">\n        Poco despu\u00e9s, Mu\u00f1iz fichaba como director de <strong>En boca de todos<\/strong> ejerciendo sus funciones desde este mes de julio, cuando el programa ha sido noticia por el<a href=\"https:\/\/www.eldiario.es\/vertele\/noticias\/noelia-nunez-ficha-mediaset-colaboradora-nacho-abad-en-boca-de-todos_1_12489780.html\" target=\"_blank\" data-mrf-recirculation=\"links-noticia\" class=\"link\" rel=\"nofollow noopener\"> fichaje de <\/a><a href=\"https:\/\/www.eldiario.es\/vertele\/noticias\/noelia-nunez-ficha-mediaset-colaboradora-nacho-abad-en-boca-de-todos_1_12489780.html\" target=\"_blank\" data-mrf-recirculation=\"links-noticia\" class=\"link\" rel=\"nofollow noopener\"><strong>Noelia N\u00fa\u00f1ez<\/strong><\/a><strong> <\/strong>&#8211; tras dejar el PP por falsear su curr\u00edculum- y por haber crecido en la ma\u00f1ana de Cuatro: este jueves, 31 de julio, firmaba <strong>su <\/strong><a href=\"https:\/\/www.eldiario.es\/vertele\/audiencias-tv\/jueves-31-julio-2025-en-boca-de-todos-cuatro-record-crifras-y-letras_1_12507872.html\" target=\"_blank\" data-mrf-recirculation=\"links-noticia\" class=\"link\" rel=\"nofollow noopener\"><strong>mejor dato de audiencia<\/strong><\/a><strong> (un 8.9% de share) y confirma su tendencia al alza. <\/strong>\n    <\/p>\n<p>    <a href=\"https:\/\/www.eldiario.es\/vertele\/noticias\/rtve-promociona-llegada-aida-bao-malas-lenguas-relevo-veraniego-jesus-cintora_1_12506228.html\" data-mrf-recirculation=\"saber-mas-abajo\" data-dl-event=\"saber-mas-abajo\" rel=\"nofollow noopener\" target=\"_blank\"><\/p>\n<p class=\"know-more__title\">RTVE ya promociona la llegada de Aida Bao a &#8216;Malas lenguas&#8217; como relevo veraniego de Jes\u00fas Cintora<\/p>\n<p>            <img decoding=\"async\" class=\"lazy\" loading=\"lazy\" data-src=\"https:\/\/static.eldiario.es\/clip\/90b88ed8-7c75-42de-b8a8-00e84e4449cb_16-9-aspect-ratio_default_0.jpg\" src=\"data:image\/svg+xml,%3Csvg xmlns=\" http:=\"\" viewbox=\"0 0 880 495\" alt=\"RTVE ya promociona la llegada de Aida Bao a 'Malas lenguas' como relevo veraniego de Jes\u00fas Cintora\"\/><\/p>\n<p>                        <\/a><\/p>\n<p class=\"article-text\">\n        El propio Abad desped\u00eda la entrega de este viernes agradeciendo a los espectadores haberles hecho \u201cganar a laSexta\u201d y emplaz\u00e1ndoles al lunes para volver a lograr la haza\u00f1a.\n    <\/p>\n","protected":false},"excerpt":{"rendered":"El verano es \u00e9poca de cambios y pruebas en televisi\u00f3n y En boca de todos y Malas Lenguas&hellip;\n","protected":false},"author":2,"featured_media":19022,"comment_status":"","ping_status":"","sticky":false,"template":"","format":"standard","meta":{"footnotes":""},"categories":[171],"tags":[8974,8601,9460,411,146,147,25,24,1750,5782,9463,6414,9462,3300,23,214],"class_list":{"0":"post-19021","1":"post","2":"type-post","3":"status-publish","4":"format-standard","5":"has-post-thumbnail","7":"category-tv","8":"tag-abad","9":"tag-boca","10":"tag-cintora","11":"tag-director","12":"tag-entertainment","13":"tag-entretenimiento","14":"tag-es","15":"tag-espana","16":"tag-ficha","17":"tag-jesus","18":"tag-lenguas","19":"tag-lleva","20":"tag-malas","21":"tag-nacho","22":"tag-spain","23":"tag-tv"},"share_on_mastodon":{"url":"","error":""},"_links":{"self":[{"href":"https:\/\/www.europesays.com\/es\/wp-json\/wp\/v2\/posts\/19021","targetHints":{"allow":["GET"]}}],"collection":[{"href":"https:\/\/www.europesays.com\/es\/wp-json\/wp\/v2\/posts"}],"about":[{"href":"https:\/\/www.europesays.com\/es\/wp-json\/wp\/v2\/types\/post"}],"author":[{"embeddable":true,"href":"https:\/\/www.europesays.com\/es\/wp-json\/wp\/v2\/users\/2"}],"replies":[{"embeddable":true,"href":"https:\/\/www.europesays.com\/es\/wp-json\/wp\/v2\/comments?post=19021"}],"version-history":[{"count":0,"href":"https:\/\/www.europesays.com\/es\/wp-json\/wp\/v2\/posts\/19021\/revisions"}],"wp:featuredmedia":[{"embeddable":true,"href":"https:\/\/www.europesays.com\/es\/wp-json\/wp\/v2\/media\/19022"}],"wp:attachment":[{"href":"https:\/\/www.europesays.com\/es\/wp-json\/wp\/v2\/media?parent=19021"}],"wp:term":[{"taxonomy":"category","embeddable":true,"href":"https:\/\/www.europesays.com\/es\/wp-json\/wp\/v2\/categories?post=19021"},{"taxonomy":"post_tag","embeddable":true,"href":"https:\/\/www.europesays.com\/es\/wp-json\/wp\/v2\/tags?post=19021"}],"curies":[{"name":"wp","href":"https:\/\/api.w.org\/{rel}","templated":true}]}}