{"id":190227,"date":"2025-10-20T22:06:13","date_gmt":"2025-10-20T22:06:13","guid":{"rendered":"https:\/\/www.europesays.com\/es\/190227\/"},"modified":"2025-10-20T22:06:13","modified_gmt":"2025-10-20T22:06:13","slug":"ecos-de-un-aullido-que-cumple-25-anos-los-lobos-del-cb-7-palmas-celebran-sus-bodas-de-plata","status":"publish","type":"post","link":"https:\/\/www.europesays.com\/es\/190227\/","title":{"rendered":"Ecos de un aullido que cumple 25 a\u00f1os; los Lobos del CB 7 Palmas celebran sus bodas de plata"},"content":{"rendered":"<p class=\"ft-text ft-helper-closenews ft-helper-align-justify\"><strong>De las casualidades m\u00e1s inoportunas surgen las oportunidades m\u00e1s bonitas<\/strong>. Quiz\u00e1s, eso fue lo que debi\u00f3 pensar <strong>Jordi L\u00f3pez<\/strong> cuando, <strong>en 1991, dio el paso para crear su propio club de <\/strong><a class=\"ft-link ft-link--decoration\" href=\"https:\/\/www.laprovincia.es\/cb-gran-canaria\/2025\/10\/19\/isaiah-wong-factor-diferencial-nuevo-122793723.html\" rel=\"nofollow noopener\" target=\"_blank\"><strong>baloncesto<\/strong><\/a>. Veinticinco a\u00f1os despu\u00e9s, la maquinaria sigue funcionando con una salud de hierro a pesar paso del tiempo y las adversidades. Durante estas dos d\u00e9cadas y media, <strong>el germen del CD T\u00e1mbara, conocido hoy en d\u00eda como<\/strong> <strong>CB 7 Palmas<\/strong>, ha sobrellevado una evoluci\u00f3n constante, arraigada en el valor humano y en el amor por el <a class=\"ft-link ft-link--decoration\" href=\"https:\/\/www.laprovincia.es\/deportes-canarias\/2025\/10\/19\/sacrificios-valen-peso-oro-raul-122785297.html\" rel=\"nofollow noopener\" target=\"_blank\">deporte<\/a>.<\/p>\n<p class=\"ft-text ft-helper-align-justify\">La entidad ha sorteado problemas con las instalaciones para poder entrenar y jugar, cambios de nomenclatura necesarios para crecer y la competitividad que le rodea; todo ello para que lo que empez\u00f3 como un club formado para que el hermano de Jordi, <strong>Fabi\u00e1n<\/strong>, pudiese seguir jugando con su grupo de amigos, se haya convertido en <strong>una de las referencias de Gran Canaria en el mundo de la canasta<\/strong>.<\/p>\n<p class=\"ft-text ft-helper-align-justify\">\u00abEn la zona de <strong>Las Alcaravaneras<\/strong> hab\u00eda demanda de baloncesto porque desaparecieron algunos clubes. <strong>Mi hermano y sus amigos, as\u00ed como un grupito de infantiles, quer\u00edan seguir jugando<\/strong>; a partir de ah\u00ed surge todo. Empezamos a entrenar en el <strong>Colegio La Salle Ant\u00fanez<\/strong> y a jugar en las canchas de Las Alcaravaneras. <strong>La idea de entonces y la de ahora<\/strong>, aunque el club haya cambiado, <strong>sigue siendo la misma: que nadie se quede sin jugar al baloncesto<\/strong>\u00bb, relata Jordi L\u00f3pez, presidente y fundador del CB 7 Palmas.<\/p>\n<p>Varias mudanzas en busca de m\u00e1s ambici\u00f3n<img decoding=\"async\" src=\"https:\/\/www.europesays.com\/es\/wp-content\/uploads\/2025\/10\/8c111ed8-5a4a-493e-88f5-e591998bb115_alta-libre-aspect-ratio_default_0.jpg\" width=\"1200\" height=\"800\" alt=\"Jordi L\u00f3pez.\" class=\"ft-helper-img-rd\" loading=\"lazy\" hasdataaida=\"true\"\/><\/p>\n<p class=\"ft-helper-fontColor-quaternary ft-helper-fontSize-body-S ft-helper-spacer-t-xxs\">Jordi L\u00f3pez.  \/ Andr\u00e9s Cruz<\/p>\n<p class=\"ft-text ft-helper-align-justify\">A pesar de ello, como todo lo que vale la pena, no result\u00f3 sencillo. En primer lugar, porque sacar equipos en distintas categor\u00edas complic\u00f3 la tarea ante la falta de jugadores para completarlos, por ejemplo. Aun as\u00ed, el esmero de los entrenadores, las familias y el propio L\u00f3pez hizo el resto. \u00ab<strong>Poco a poco, empezamos a \u2018molestar\u2019<\/strong> a otros equipos, mejoramos t\u00e9cnica y t\u00e1cticamente, encontramos nuestro sitio y la evoluci\u00f3n fue natural. <strong>Ahora mismo, contamos con m\u00e1s de 20 equipos<\/strong> entre las secciones masculina, femenina, inclusiva y de 3&#215;3\u00bb, cuenta el directivo.<\/p>\n<blockquote class=\"ft-mol-quote\" data-aida-quote=\"\"><p>La idea de entonces y la de ahora, aunque el club haya cambiado, sigue siendo la misma: que nadie se quede sin jugar al baloncesto<\/p>\n<p class=\"ft-mol-quote__author--name\">Jordi L\u00f3pez<\/p>\n<p class=\"ft-mol-quote__author--status\">\u2014 Presidente del CB 7 Palmas<\/p>\n<\/blockquote>\n<p class=\"ft-text ft-helper-align-justify\">En ese tiempo, la entidad vivi\u00f3 varias mudanzas: primero fueron al <strong>Colegio Arenas<\/strong>, luego pasaron a formar parte de la <strong>Canarias Basketball Academy (CBA)<\/strong> y, finalmente, llegaron los <strong>Lobos del CB 7 Palmas<\/strong>, una nomenclatura cuyo arraigo ha convertido a un simple club de baloncesto en una familia con un sentimiento de pertenencia vertebrado por un aullido. Jordi L\u00f3pez expone que estos cambios se llevaron a cabo para \u00abdar cabida a todos nuestros equipos, ya que <strong>lleg\u00f3 un momento en el que no pod\u00edamos con todo ni cont\u00e1bamos con las instalaciones adecuadas<\/strong>. Yo fui alumno del Colegio Arenas, habl\u00e9 con ellos y hubo un primer acuerdo; luego pasamos por la CBA y, finalmente, somos lo que somos ahora porque nuestra vida diaria est\u00e1 en este barrio de la ciudad\u00bb.<\/p>\n<p class=\"ft-text ft-helper-align-justify\">El m\u00e1ximo dirigente de los Lobos se\u00f1ala, con orgullo, que estos 25 a\u00f1os han pasado \u00abvolando\u00bb, aunque destaca que el trabajo de las personas de las que se ha rodeado ha sido \u00abclave, porque <strong>todos los componentes que han pasado por el club desde su primer d\u00eda han ayudado a que esto siga vivo<\/strong>. Y hay que recalcar que, deportivamente, desde la llegada de Javi Espinosa como director deportivo hemos ido a m\u00e1s\u00bb.<\/p>\n<p>Un \u00e9xito deportivo basado en una misma l\u00ednea de trabajo<img decoding=\"async\" src=\"https:\/\/www.europesays.com\/es\/wp-content\/uploads\/2025\/10\/ec696cf3-e825-42b8-88ab-7b4ae85061aa_alta-libre-aspect-ratio_default_0.jpg\" width=\"1200\" height=\"800\" alt=\"Javier Espinosa.\" class=\"ft-helper-img-rd\" loading=\"lazy\" hasdataaida=\"true\"\/><\/p>\n<p class=\"ft-helper-fontColor-quaternary ft-helper-fontSize-body-S ft-helper-spacer-t-xxs\">Javi Espinosa.  \/ Andr\u00e9s Cruz<\/p>\n<p class=\"ft-text ft-helper-align-justify\">En ese sentido, <strong>esa labor humana<\/strong> de la que habla el presidente recae actualmente, en su mayor\u00eda, en la figura de <strong>Javi Espinosa<\/strong>, que ejerce las labores de entrenador del primer equipo y de director deportivo. El grancanario achaca el crecimiento que vive el CB 7 Palmas al \u00abtrabajo de los entrenadores. <strong>En las \u00faltimas cuatro o cinco temporadas hemos tenido muchos m\u00e1s equipos y el trabajo de los t\u00e9cnicos ha sido vital<\/strong> en esta evoluci\u00f3n. Estamos en todas las categor\u00edas, todos los a\u00f1os, en Campeonatos de Canarias, fases de ascenso y no queremos bajar ese nivel. Todo eso es gracias al trabajo diario de los entrenadores con los jugadores y jugadoras\u00bb.<\/p>\n<p class=\"ft-text ft-helper-align-justify\">Esas barreras se han roto pese a no contar con el personal suficiente, porque, tal como resalta Espinosa, los t\u00e9cnicos doblan \u00abesfuerzos y estamos todos juntos, lo cual ayuda a llegar a todo. La parte de las familias siempre es la m\u00e1s complicada, pero entre Jordi L\u00f3pez, <strong>Dani Chaparro<\/strong>, otro de los miembros de la directiva, y <strong>Laureano Zerpa<\/strong>, el m\u00e9dico del club, lo sacamos adelante\u00bb.<\/p>\n<blockquote class=\"ft-mol-quote\" data-aida-quote=\"\"><p>La idea es que nuestros jugadores m\u00e1s peque\u00f1os se vean reflejados en el primer equipo, se vayan formando en la casa y quieran llegar hasta ah\u00ed<\/p>\n<p class=\"ft-mol-quote__author--name\">Javi Espinosa<\/p>\n<p class=\"ft-mol-quote__author--status\">\u2014 Director deportivo del CB 7 Palmas<\/p>\n<\/blockquote>\n<p class=\"ft-text ft-helper-align-justify\">En cuanto al apartado puramente referido a lo que sucede en la pista, Javi expone que la comunicaci\u00f3n es una parte \u00abfundamental\u00bb para que el trabajo se desarrolle en una misma \u00abl\u00ednea, desde el Primera Auton\u00f3mica hasta la categor\u00eda m\u00e1s peque\u00f1a. Durante todo el d\u00eda hablamos de c\u00f3mo van los jugadores y jugadoras, de c\u00f3mo est\u00e1n evolucionando y de lo que les falta para que lleguen a los objetivos que creemos que pueden cumplir. <strong>Lo que siempre queremos es que los jugadores mejoren<\/strong> y entrenen en varios equipos para reforzar su formaci\u00f3n. Les exigimos que trabajen como los mejores, que no les puede valer con hacerlo normal. <strong>La competencia en la Isla es grande, pero es lo que te hace crecer<\/strong>. Vamos a intentar trabajar todo lo que podamos para ponernos al nivel de los mejores equipos del Archipi\u00e9lago, aunque ya hemos conseguido elevar bastante nuestro rendimiento\u00bb.<\/p>\n<p class=\"ft-text ft-helper-align-justify\">Dentro de lo que es el CB 7 Palmas de hoy en d\u00eda, supone un \u00e9xito contar con un primer equipo que, con el paso de las campa\u00f1as, ha ido aglutinando jugadores formados durante a\u00f1os en sus categor\u00edas de base. Para Javi Espinosa, esa era la \u00abidea desde el principio: <strong>que los jugadores, desde peque\u00f1os, se vieran reflejados y tuvieran continuidad hasta llegar al primer equipo<\/strong>. Por suerte, estos a\u00f1os ya hemos conseguido la gran mayor\u00eda de los jugadores sean del club. Tenemos los ejemplos de <strong>Luis de Le\u00f3n<\/strong> o <strong>Alejandro Rubio<\/strong>, que est\u00e1n en el CB 7 Palmas desde premini y mini respectivamente, y ahora se han asentado en el primer equipo. Queremos que desde que son peque\u00f1os quieran llegar al primer equipo\u00bb.<\/p>\n<p><img decoding=\"async\" src=\"https:\/\/www.europesays.com\/es\/wp-content\/uploads\/2025\/10\/c47cdcc6-ee86-4909-ba3f-28e7d5a62529_alta-libre-aspect-ratio_default_0.jpg\" width=\"1200\" height=\"819\" alt=\"Luis de Le\u00f3n.\" class=\"ft-helper-img-rd\" loading=\"lazy\" hasdataaida=\"true\"\/><\/p>\n<p class=\"ft-helper-fontColor-quaternary ft-helper-fontSize-body-S ft-helper-spacer-t-xxs\">Luis de Le\u00f3n.  \/ Andr\u00e9s Cruz<\/p>\n<p class=\"ft-text ft-helper-align-justify\">Precisamente, <strong>Luis de Le\u00f3n, el jugador que m\u00e1s partidos ha disputado en la historia de la entidad<\/strong>, presume de haber vivido casi la totalidad de su trayectoria con los Lobos: \u00ab<strong>Este club me ha facilitado mucho mi desarrollo <\/strong>como jugador, y estoy muy agradecido. Este es mi octavo a\u00f1o aqu\u00ed y la verdad es que estoy muy contento tanto por el equipo como por la situaci\u00f3n actual y por nuestro 25 aniversario. <strong>La evoluci\u00f3n ha sido bastante buena<\/strong>; creo que cada vez hemos conseguido contar con m\u00e1s jugadores respecto a mi primer a\u00f1o. El trato con los entrenadores siempre ha sido fant\u00e1stico, hemos tenido buenas instalaciones, nunca ha habido ning\u00fan tipo de problema y <strong>el club siempre ha estado muy atento con nosotros<\/strong>, los jugadores\u00bb.<\/p>\n<p>La joya de la corona: su proyecto inclusivo<img decoding=\"async\" src=\"https:\/\/www.europesays.com\/es\/wp-content\/uploads\/2025\/10\/0bc1e593-9871-409e-aa8c-9a4f0dc4f62f_alta-libre-aspect-ratio_default_0.jpg\" width=\"1200\" height=\"800\" alt=\"Ivonne Hern\u00e1ndez.\" class=\"ft-helper-img-rd\" loading=\"lazy\" hasdataaida=\"true\"\/><\/p>\n<p class=\"ft-helper-fontColor-quaternary ft-helper-fontSize-body-S ft-helper-spacer-t-xxs\">Ivonne Hern\u00e1ndez.  \/ Andr\u00e9s Cruz<\/p>\n<p class=\"ft-text ft-helper-align-justify\">No obstante, <strong>la joya de la corona de los Lobos es su<\/strong> <strong>proyecto inclusivo<\/strong>, que lleva instalado en el club desde el 2018. <strong>Ivonne Hern\u00e1ndez<\/strong>, directora de esta secci\u00f3n, argumenta que cada temporada van \u00abincluyendo alg\u00fan aprendizaje de cursos anteriores, y la verdad es que, a\u00f1o a a\u00f1o, hemos ido creciendo much\u00edsimo. Aun as\u00ed, <strong>lo importante es el bienestar de los jugadores y jugadoras, as\u00ed como de sus familias<\/strong>; solo recibimos cosas buenas por su parte y est\u00e1n muy contentas\u00bb.<\/p>\n<p class=\"ft-text ft-helper-align-justify\">Por otra parte, Hern\u00e1ndez asegura que la actividad del baloncesto es una ayuda \u00abdemasiado importante\u00bb para todos los jugadores, ya que los ni\u00f1os adquieren una \u00abrutina, lo cual es crucial para ellos. En sus agendas ya saben que tienen marcado el d\u00eda de entrenamiento y tienen interiorizado perfectamente que es el d\u00eda en el que vienen a hacer baloncesto\u00bb. Asimismo, contin\u00faa alegando lo importante que es para este grupo competir, algo que hacen en la <strong>Liga de Baloncesto Inclusivo<\/strong> organizada por la <strong>Federaci\u00f3n Canaria<\/strong>, y en otros muchos torneos a los que son invitados. Para ello, la directora matiza con orgullo y emoci\u00f3n que <strong>esos viajes ayudan a que los chicos y chicas ganen autonom\u00eda<\/strong>, un aspecto que es \u00abbastante dif\u00edcil de trabajar con ellos. Hacemos que cojan su DNI, que se acerquen al mostrador, que hagan la facturaci\u00f3n, que busquen su asiento en el avi\u00f3n&#8230; <strong>Intentamos aprovechar todo lo que supone un desplazamiento para hacer ese tr\u00e1nsito hacia la vida adulta<\/strong>. Adem\u00e1s, es muy bonito ver c\u00f3mo se reencuentran con jugadores de otros equipos con los que generan esa cercan\u00eda. Es algo muy relevante\u00bb.<\/p>\n<blockquote class=\"ft-mol-quote\" data-aida-quote=\"\"><p>Sentimos que estamos m\u00e1s cerca de hacer realidad el sue\u00f1o de otro ni\u00f1o de poder disputar un partido de competici\u00f3n federada<\/p>\n<p class=\"ft-mol-quote__author--name\">Ivonne Hern\u00e1ndez<\/p>\n<p class=\"ft-mol-quote__author--status\">\u2014 Directora de la escuela de baloncesto inclusivo del CB 7 Palmas<\/p>\n<\/blockquote>\n<p class=\"ft-text ft-helper-align-justify\">M\u00e1s all\u00e1 de esa circunstancia, a lo largo de estos a\u00f1os de escuela de baloncesto inclusiva en el CB 7 Palmas ha habido dos hitos hist\u00f3ricos que narran un acontecimiento que es el fin mismo de la existencia de esta secci\u00f3n: <strong>dos jugadores con autismo debutaron en competici\u00f3n oficial que no eran adaptadas<\/strong>. El primero de ellos, <strong>Miguel Vega<\/strong>, en 2020, y posteriormente <strong>Gabriel Delgado<\/strong>, en 2022.<strong> Ivonne Hern\u00e1ndez aclara que ese es el \u00abobjetivo final<\/strong>. Hemos logrado trabajar con ni\u00f1os que, visto su gusto por el deporte y por hacer bien las cosas, han dado ese paso. Estamos muy contentos por c\u00f3mo van evolucionando porque <strong>sentimos que estamos m\u00e1s cerca de hacer realidad el sue\u00f1o de otro ni\u00f1o<\/strong> de poder disputar un partido de competici\u00f3n federada\u00bb.<\/p>\n<p>La Tercera FEB como gran meta<img decoding=\"async\" src=\"https:\/\/www.europesays.com\/es\/wp-content\/uploads\/2025\/10\/a9a57f33-7a27-40cb-8c16-72a4aa36e1c8_alta-libre-aspect-ratio_default_0.jpg\" width=\"1200\" height=\"721\" alt=\"De izq. a dch.: Luis de Le\u00f3n, Javier Espinosa, Jordi L\u00f3pez e Ivonne Hern\u00e1ndez.\" class=\"ft-helper-img-rd\" loading=\"lazy\" hasdataaida=\"true\"\/><\/p>\n<p class=\"ft-helper-fontColor-quaternary ft-helper-fontSize-body-S ft-helper-spacer-t-xxs\">De izq. a dch.: Luis de Le\u00f3n, Javi Espinosa, Jordi L\u00f3pez e Ivonne Hern\u00e1ndez.  \/ Andr\u00e9s Cruz<\/p>\n<p class=\"ft-text ft-helper-align-justify\">Jordi L\u00f3pez expone que, de cara a los pr\u00f3ximos a\u00f1os, el CB 7 Palmas tiene que seguir apostando por \u00abcrecer, una cuesti\u00f3n en la que nuestros patrocinadores (Cl\u00ednica Dental Walls, Toyota Canarias, Herrera Cerpa, Grupo PDR, Oneris Publicitaria, Imagen y Montaje Canarias, Fundaci\u00f3n Disa, Walter Ortega, Fundaci\u00f3n Satocan J\u00fangel Sanju\u00e1n y Agerul) nos est\u00e1n ayudando mucho. \u00bfEl futuro? Pues <strong>ascender a Tercera FEB<\/strong> es la meta y seguir molestando en los Campeonatos de Canarias, fases finales y no dejar de evolucionar. Adem\u00e1s, <strong>hemos hecho un cambio en la secci\u00f3n femenina y creemos que de aqu\u00ed a unos tres a\u00f1os vamos a poder dar un salto importante<\/strong>\u00bb.<\/p>\n<p class=\"ft-text ft-helper-align-justify\">En esa misma l\u00ednea sigue <strong>Luis de Le\u00f3n<\/strong>, quien cree que ser\u00eda un \u00abpaso fundamental ascender a Tercera FEB, ya que eso nos pondr\u00eda en un nivel muy alto aqu\u00ed en la Isla de Gran Canaria, donde solo hay un equipo (el<strong> <\/strong><a class=\"ft-link ft-link--decoration\" href=\"https:\/\/www.laprovincia.es\/deportes-canarias\/2025\/10\/12\/puro-acento-canario-canastas-cb-122379975.html\" rel=\"nofollow noopener\" target=\"_blank\"><strong>CB Telde<\/strong><\/a>) que est\u00e1 en esa categor\u00eda. <strong>Creo que tenemos el nivel<\/strong> y este a\u00f1o vamos a tener que darlo todo si queremos cumplir ese objetivo\u00bb. A esa afirmaci\u00f3n, Javi Espinosa a\u00f1ade que el ascenso supondr\u00eda \u00abu<strong>n paso muy importante para terminar de asentarnos en la Isla<\/strong>, y si es con jugadores de la casa, mejor todav\u00eda\u00bb.<\/p>\n<p class=\"ft-text ft-helper-align-justify\">Por \u00faltimo, <strong>Ivonne Hern\u00e1ndez<\/strong> comenta que, para la secci\u00f3n inclusiva, l<strong>a idea es que los chicos y chicas tengan \u00abel espacio de incluirse en los entrenamientos de los equipos insulares de forma habitual<\/strong>. Eso ser\u00eda fant\u00e1stico; trabajaremos para tratar de conseguirlo a medio plazo\u00bb.<\/p>\n<p>El valor de lo humano<\/p>\n<p class=\"ft-text ft-helper-align-justify\">Lo cierto es que el <strong>CB 7 Palmas<\/strong> ha experimentado un crecimiento exponencial que le ha colocado en un lugar referencial dentro del baloncesto insular,<strong> llegando a disputar competiciones europeas en varias ocasiones<\/strong> y logrando \u00e9xitos que han engrosado sus vitrinas en los \u00faltimos a\u00f1os. A todo eso, han a\u00f1adido u<strong>na labor social espectacular a trav\u00e9s de una secci\u00f3n inclusiva<\/strong> que acoge a todos aquellos que quieren disfrutar de este deporte.<\/p>\n<p class=\"ft-text ft-helper-align-justify\">Aun as\u00ed, lo bonito de proyectos como este es ver c\u00f3mo generaciones y generaciones de jugadores se forman a nivel humano para convertirse en personas fant\u00e1sticas que aglomeran recuerdos con la canasta como denominador com\u00fan. Ese debe ser el objetivo final de todo club, y el CB 7 Palmas no escapa a ello. <strong>Por eso, el mantra de &#8216;Nuestra huella es diferente&#8217; nunca fue escogido por azar. Al aullido de los Lobos todav\u00eda le quedan a\u00f1os para seguir resonando por todos los rincones del planeta. Por muchos a\u00f1os m\u00e1s.<\/strong><\/p>\n<p data-close=\"closedContent\" class=\"subscribeHideForDisplay\">Suscr\u00edbete para seguir leyendo<\/p>\n","protected":false},"excerpt":{"rendered":"De las casualidades m\u00e1s inoportunas surgen las oportunidades m\u00e1s bonitas. Quiz\u00e1s, eso fue lo que debi\u00f3 pensar Jordi&hellip;\n","protected":false},"author":2,"featured_media":190228,"comment_status":"","ping_status":"","sticky":false,"template":"","format":"standard","meta":{"footnotes":""},"categories":[269],"tags":[4495,988,33910,299,298,7677,168,53208,25,24,23,167],"class_list":{"0":"post-190227","1":"post","2":"type-post","3":"status-publish","4":"format-standard","5":"has-post-thumbnail","7":"category-baloncesto","8":"tag-4495","9":"tag-anos","10":"tag-aullido","11":"tag-baloncesto","12":"tag-basketball","13":"tag-cumple","14":"tag-deportes","15":"tag-ecos","16":"tag-es","17":"tag-espana","18":"tag-spain","19":"tag-sports"},"share_on_mastodon":{"url":"https:\/\/pubeurope.com\/@es\/115408770842443845","error":""},"_links":{"self":[{"href":"https:\/\/www.europesays.com\/es\/wp-json\/wp\/v2\/posts\/190227","targetHints":{"allow":["GET"]}}],"collection":[{"href":"https:\/\/www.europesays.com\/es\/wp-json\/wp\/v2\/posts"}],"about":[{"href":"https:\/\/www.europesays.com\/es\/wp-json\/wp\/v2\/types\/post"}],"author":[{"embeddable":true,"href":"https:\/\/www.europesays.com\/es\/wp-json\/wp\/v2\/users\/2"}],"replies":[{"embeddable":true,"href":"https:\/\/www.europesays.com\/es\/wp-json\/wp\/v2\/comments?post=190227"}],"version-history":[{"count":0,"href":"https:\/\/www.europesays.com\/es\/wp-json\/wp\/v2\/posts\/190227\/revisions"}],"wp:featuredmedia":[{"embeddable":true,"href":"https:\/\/www.europesays.com\/es\/wp-json\/wp\/v2\/media\/190228"}],"wp:attachment":[{"href":"https:\/\/www.europesays.com\/es\/wp-json\/wp\/v2\/media?parent=190227"}],"wp:term":[{"taxonomy":"category","embeddable":true,"href":"https:\/\/www.europesays.com\/es\/wp-json\/wp\/v2\/categories?post=190227"},{"taxonomy":"post_tag","embeddable":true,"href":"https:\/\/www.europesays.com\/es\/wp-json\/wp\/v2\/tags?post=190227"}],"curies":[{"name":"wp","href":"https:\/\/api.w.org\/{rel}","templated":true}]}}